{"id":10084,"date":"2022-04-22T15:07:04","date_gmt":"2022-04-22T13:07:04","guid":{"rendered":"https:\/\/www.ceoforlifeawards.com\/it\/?p=10084"},"modified":"2022-04-22T15:42:40","modified_gmt":"2022-04-22T13:42:40","slug":"investire-nel-nostro-pianeta-oggi-si-celebra-la-52esima-edizione-della-giornata-mondiale-della-terra","status":"publish","type":"post","link":"https:\/\/www.ceoforlifeawards.com\/it\/blog\/investire-nel-nostro-pianeta-oggi-si-celebra-la-52esima-edizione-della-giornata-mondiale-della-terra\/","title":{"rendered":"&#8220;Investire nel nostro Pianeta&#8221;: oggi si celebra la 52esima edizione della Giornata Mondiale della Terra"},"content":{"rendered":"<p><strong>Aumento della temperatura media del Pianeta, scioglimento dei ghiacci, stagioni degli incendi lunghe ed intense, cicloni, alluvioni<\/strong>: queste le conseguenze delle nostre azioni sulla Terra, un chiaro segnale che ci dimostra che le risorse del pianeta non sono infinite, come abbiamo erroneamente creduto, ma \u00e8 necessario agire per far si che la nostra \u201ccasa\u201d non giunga a un termine di scadenza.<\/p>\n<p>&nbsp;<\/p>\n<p><strong><em>Le origini<\/em><\/strong><\/p>\n<p>Nata con questo obiettivo per aumentare la consapevolezza di ognuno, la Giornata Mondiale della Terra fu istituita nel 1970 negli Stati Uniti dal senatore americano Gaylord Nelson, viene celebrata in 193 Paesi coinvolgendo circa 1 milione di persone e rappresenta la pi\u00f9 grande iniziativa dedicata alla promozione della salvaguardia del nostro pianeta. La causa che port\u00f2 alla nascita dell\u2019Earth Day fu lo scoppio di una piattaforma petrolifera della Union Oil a Santa Barbara nel 1969, avvenimento che caus\u00f2 un versamento in mare di 10 milioni di litri di petrolio, uccisione di pi\u00f9 di 10000 gabbiani, foche, delfini e leoni marini. L\u2019anno successivo, in occasione del primo anniversario dell\u2019evento, milioni di americani decisero di riunirsi per realizzare la prima mobilitazione in difesa della Terra.<\/p>\n<p>&nbsp;<\/p>\n<p><strong><em>Perch\u00e9 il 22 Aprile<\/em><\/strong><\/p>\n<p>Anche la scelta della data \u2013 22 aprile \u2013 non \u00e8 casuale: nel 2016 l\u2019ONU ha scelto proprio il 22 aprile per adottare ufficialmente l\u2019Accordo di Parigi, ovvero l\u2019impegno pi\u00f9 importante per combattere la crisi climatica, con l\u2019obiettivo di mantenere la temperatura media globale al di sotto dei 2\u00b0C oltre i livelli preindustriali e di limitare l\u2019aumento a 1,5 \u00b0C. Ogni decimo di grado in pi\u00f9, infatti, conta tantissimo e pu\u00f2 fare la differenza in termini di innalzamento del livello dei mari e di altre conseguenze per il Pianeta.<\/p>\n<p>&nbsp;<\/p>\n<p><strong><em>\u201cInvestire sul nostro Pianeta\u201d<\/em><\/strong><\/p>\n<p>Per ogni edizione l\u2019associazione sceglie un tema e slogan precisi, quello selezionato per il 2022 \u00e8 \u201cInvestire nel nostro Pianeta\u201d: \u00e8 possibile fare la differenza ogni singolo giorno non soltanto attraverso l\u2019impegno politico ed economico in termini di obiettivi sostenibili, ma anche a partire dai singoli gesti quotidiani di ognuno di noi. <strong>Spesa responsabile, ricorso a mezzi di trasporto sostenibili, riciclo, stile di vita sostenib<\/strong>ile sono alcuni dei comportamenti attraverso cui possiamo prenderci cura dell\u2019ambiente, per noi e per le generazioni future.<\/p>\n<p>&nbsp;<\/p>\n<p><strong><em>Come agire concretamente?<\/em><\/strong><\/p>\n<p>Per far s\u00ec che il messaggio sia ancora pi\u00f9 impattante, sono state delineate 52 azioni da seguire per limitare le conseguenze delle nostre attivit\u00e0 sull\u2019ambiente, una cifra significativa perch\u00e9 riprende il numero delle edizioni dell\u2019Earth Day svolte fin ora. Tra le azioni suggerite ci sono:<\/p>\n<ul>\n<li>Utilizzare internet invece degli alberi<\/li>\n<li>Cambiare stile alimentare seguendo ricette climate-friendly<\/li>\n<li>Raccogliere rifiuti mentre si corre<\/li>\n<li>Calcolare il proprio consumo di plastica<\/li>\n<li>Puntare su energia pulita<\/li>\n<li>Ricorrere alla moda sostenibile<\/li>\n<\/ul>\n<p>&nbsp;<\/p>\n<p>Le indicazioni sui comportamenti da seguire marca, ancora una volta, l\u2019importanza del contributo e dell\u2019\u201dinvestimento sul Pianeta\u201d dei singoli, giorno per giorno, per il benessere del Pianeta e dell\u2019intera collettivit\u00e0.<\/p>\n","protected":false},"excerpt":{"rendered":"<p>Aumento della temperatura media del Pianeta, scioglimento dei ghiacci, stagioni degli incendi lunghe ed intense, cicloni, alluvioni: queste le conseguenze delle nostre azioni sulla Terra, un chiaro segnale che ci dimostra che le risorse del pianeta non sono infinite, come abbiamo erroneamente creduto, ma \u00e8 necessario agire per far si che la nostra \u201ccasa\u201d non [&hellip;]<\/p>\n","protected":false},"author":6,"featured_media":10085,"comment_status":"open","ping_status":"open","sticky":false,"template":"","format":"standard","meta":[],"categories":[1],"tags":[108],"yoast_head":"<!-- This site is optimized with the Yoast SEO plugin v18.7 - https:\/\/yoast.com\/wordpress\/plugins\/seo\/ -->\n<title>&quot;Investire nel nostro Pianeta&quot;: oggi si celebra la 52esima edizione della Giornata Mondiale della Terra - CEOforLIFE - IT<\/title>\n<meta name=\"robots\" content=\"index, follow, max-snippet:-1, max-image-preview:large, max-video-preview:-1\" \/>\n<link rel=\"canonical\" href=\"https:\/\/www.ceoforlifeawards.com\/it\/blog\/investire-nel-nostro-pianeta-oggi-si-celebra-la-52esima-edizione-della-giornata-mondiale-della-terra\/\" \/>\n<meta property=\"og:locale\" content=\"it_IT\" \/>\n<meta property=\"og:type\" content=\"article\" \/>\n<meta property=\"og:title\" content=\"&quot;Investire nel nostro Pianeta&quot;: oggi si celebra la 52esima edizione della Giornata Mondiale della Terra - CEOforLIFE - IT\" \/>\n<meta property=\"og:description\" content=\"Aumento della temperatura media del Pianeta, scioglimento dei ghiacci, stagioni degli incendi lunghe ed intense, cicloni, alluvioni: queste le conseguenze delle nostre azioni sulla Terra, un chiaro segnale che ci dimostra che le risorse del pianeta non sono infinite, come abbiamo erroneamente creduto, ma \u00e8 necessario agire per far si che la nostra \u201ccasa\u201d non [&hellip;]\" \/>\n<meta property=\"og:url\" content=\"https:\/\/www.ceoforlifeawards.com\/it\/blog\/investire-nel-nostro-pianeta-oggi-si-celebra-la-52esima-edizione-della-giornata-mondiale-della-terra\/\" \/>\n<meta property=\"og:site_name\" content=\"CEOforLIFE - IT\" \/>\n<meta property=\"article:published_time\" content=\"2022-04-22T13:07:04+00:00\" \/>\n<meta property=\"article:modified_time\" content=\"2022-04-22T13:42:40+00:00\" \/>\n<meta property=\"og:image\" content=\"https:\/\/www.ceoforlifeawards.com\/it\/wp-content\/uploads\/sites\/3\/2022\/04\/Immagine9.jpg\" \/>\n\t<meta property=\"og:image:width\" content=\"473\" \/>\n\t<meta property=\"og:image:height\" content=\"308\" \/>\n\t<meta property=\"og:image:type\" content=\"image\/jpeg\" \/>\n<meta name=\"twitter:card\" content=\"summary_large_image\" \/>\n<meta name=\"twitter:label1\" content=\"Scritto da\" \/>\n\t<meta name=\"twitter:data1\" content=\"d.digiuseppe@hrcigroup.com\" \/>\n\t<meta name=\"twitter:label2\" content=\"Tempo di lettura stimato\" \/>\n\t<meta name=\"twitter:data2\" content=\"2 minuti\" \/>\n<script type=\"application\/ld+json\" class=\"yoast-schema-graph\">{\"@context\":\"https:\/\/schema.org\",\"@graph\":[{\"@type\":\"WebSite\",\"@id\":\"https:\/\/www.ceoforlifeawards.com\/it\/#website\",\"url\":\"https:\/\/www.ceoforlifeawards.com\/it\/\",\"name\":\"CEOforLIFE - IT\",\"description\":\"\",\"potentialAction\":[{\"@type\":\"SearchAction\",\"target\":{\"@type\":\"EntryPoint\",\"urlTemplate\":\"https:\/\/www.ceoforlifeawards.com\/it\/?s={search_term_string}\"},\"query-input\":\"required name=search_term_string\"}],\"inLanguage\":\"it-IT\"},{\"@type\":\"ImageObject\",\"inLanguage\":\"it-IT\",\"@id\":\"https:\/\/www.ceoforlifeawards.com\/it\/blog\/investire-nel-nostro-pianeta-oggi-si-celebra-la-52esima-edizione-della-giornata-mondiale-della-terra\/#primaryimage\",\"url\":\"https:\/\/www.ceoforlifeawards.com\/it\/wp-content\/uploads\/sites\/3\/2022\/04\/Immagine9.jpg\",\"contentUrl\":\"https:\/\/www.ceoforlifeawards.com\/it\/wp-content\/uploads\/sites\/3\/2022\/04\/Immagine9.jpg\",\"width\":473,\"height\":308},{\"@type\":\"WebPage\",\"@id\":\"https:\/\/www.ceoforlifeawards.com\/it\/blog\/investire-nel-nostro-pianeta-oggi-si-celebra-la-52esima-edizione-della-giornata-mondiale-della-terra\/#webpage\",\"url\":\"https:\/\/www.ceoforlifeawards.com\/it\/blog\/investire-nel-nostro-pianeta-oggi-si-celebra-la-52esima-edizione-della-giornata-mondiale-della-terra\/\",\"name\":\"\\\"Investire nel nostro Pianeta\\\": oggi si celebra la 52esima edizione della Giornata Mondiale della Terra - CEOforLIFE - IT\",\"isPartOf\":{\"@id\":\"https:\/\/www.ceoforlifeawards.com\/it\/#website\"},\"primaryImageOfPage\":{\"@id\":\"https:\/\/www.ceoforlifeawards.com\/it\/blog\/investire-nel-nostro-pianeta-oggi-si-celebra-la-52esima-edizione-della-giornata-mondiale-della-terra\/#primaryimage\"},\"datePublished\":\"2022-04-22T13:07:04+00:00\",\"dateModified\":\"2022-04-22T13:42:40+00:00\",\"author\":{\"@id\":\"https:\/\/www.ceoforlifeawards.com\/it\/#\/schema\/person\/9c2802d81c81cfba5c28677408d38d09\"},\"breadcrumb\":{\"@id\":\"https:\/\/www.ceoforlifeawards.com\/it\/blog\/investire-nel-nostro-pianeta-oggi-si-celebra-la-52esima-edizione-della-giornata-mondiale-della-terra\/#breadcrumb\"},\"inLanguage\":\"it-IT\",\"potentialAction\":[{\"@type\":\"ReadAction\",\"target\":[\"https:\/\/www.ceoforlifeawards.com\/it\/blog\/investire-nel-nostro-pianeta-oggi-si-celebra-la-52esima-edizione-della-giornata-mondiale-della-terra\/\"]}]},{\"@type\":\"BreadcrumbList\",\"@id\":\"https:\/\/www.ceoforlifeawards.com\/it\/blog\/investire-nel-nostro-pianeta-oggi-si-celebra-la-52esima-edizione-della-giornata-mondiale-della-terra\/#breadcrumb\",\"itemListElement\":[{\"@type\":\"ListItem\",\"position\":1,\"name\":\"Home\",\"item\":\"https:\/\/www.ceoforlifeawards.com\/it\/\"},{\"@type\":\"ListItem\",\"position\":2,\"name\":\"&#8220;Investire nel nostro Pianeta&#8221;: oggi si celebra la 52esima edizione della Giornata Mondiale della Terra\"}]},{\"@type\":\"Person\",\"@id\":\"https:\/\/www.ceoforlifeawards.com\/it\/#\/schema\/person\/9c2802d81c81cfba5c28677408d38d09\",\"name\":\"d.digiuseppe@hrcigroup.com\",\"image\":{\"@type\":\"ImageObject\",\"inLanguage\":\"it-IT\",\"@id\":\"https:\/\/www.ceoforlifeawards.com\/it\/#\/schema\/person\/image\/\",\"url\":\"https:\/\/secure.gravatar.com\/avatar\/b464a83ee224f75bb37df0992d8d2b48?s=96&d=mm&r=g\",\"contentUrl\":\"https:\/\/secure.gravatar.com\/avatar\/b464a83ee224f75bb37df0992d8d2b48?s=96&d=mm&r=g\",\"caption\":\"d.digiuseppe@hrcigroup.com\"},\"url\":\"https:\/\/www.ceoforlifeawards.com\/it\/blog\/author\/d-digiuseppehrcigroup-com\/\"}]}<\/script>\n<!-- \/ Yoast SEO plugin. -->","yoast_head_json":{"title":"\"Investire nel nostro Pianeta\": oggi si celebra la 52esima edizione della Giornata Mondiale della Terra - CEOforLIFE - IT","robots":{"index":"index","follow":"follow","max-snippet":"max-snippet:-1","max-image-preview":"max-image-preview:large","max-video-preview":"max-video-preview:-1"},"canonical":"https:\/\/www.ceoforlifeawards.com\/it\/blog\/investire-nel-nostro-pianeta-oggi-si-celebra-la-52esima-edizione-della-giornata-mondiale-della-terra\/","og_locale":"it_IT","og_type":"article","og_title":"\"Investire nel nostro Pianeta\": oggi si celebra la 52esima edizione della Giornata Mondiale della Terra - CEOforLIFE - IT","og_description":"Aumento della temperatura media del Pianeta, scioglimento dei ghiacci, stagioni degli incendi lunghe ed intense, cicloni, alluvioni: queste le conseguenze delle nostre azioni sulla Terra, un chiaro segnale che ci dimostra che le risorse del pianeta non sono infinite, come abbiamo erroneamente creduto, ma \u00e8 necessario agire per far si che la nostra \u201ccasa\u201d non [&hellip;]","og_url":"https:\/\/www.ceoforlifeawards.com\/it\/blog\/investire-nel-nostro-pianeta-oggi-si-celebra-la-52esima-edizione-della-giornata-mondiale-della-terra\/","og_site_name":"CEOforLIFE - IT","article_published_time":"2022-04-22T13:07:04+00:00","article_modified_time":"2022-04-22T13:42:40+00:00","og_image":[{"width":473,"height":308,"url":"https:\/\/www.ceoforlifeawards.com\/it\/wp-content\/uploads\/sites\/3\/2022\/04\/Immagine9.jpg","type":"image\/jpeg"}],"twitter_card":"summary_large_image","twitter_misc":{"Scritto da":"d.digiuseppe@hrcigroup.com","Tempo di lettura stimato":"2 minuti"},"schema":{"@context":"https:\/\/schema.org","@graph":[{"@type":"WebSite","@id":"https:\/\/www.ceoforlifeawards.com\/it\/#website","url":"https:\/\/www.ceoforlifeawards.com\/it\/","name":"CEOforLIFE - IT","description":"","potentialAction":[{"@type":"SearchAction","target":{"@type":"EntryPoint","urlTemplate":"https:\/\/www.ceoforlifeawards.com\/it\/?s={search_term_string}"},"query-input":"required name=search_term_string"}],"inLanguage":"it-IT"},{"@type":"ImageObject","inLanguage":"it-IT","@id":"https:\/\/www.ceoforlifeawards.com\/it\/blog\/investire-nel-nostro-pianeta-oggi-si-celebra-la-52esima-edizione-della-giornata-mondiale-della-terra\/#primaryimage","url":"https:\/\/www.ceoforlifeawards.com\/it\/wp-content\/uploads\/sites\/3\/2022\/04\/Immagine9.jpg","contentUrl":"https:\/\/www.ceoforlifeawards.com\/it\/wp-content\/uploads\/sites\/3\/2022\/04\/Immagine9.jpg","width":473,"height":308},{"@type":"WebPage","@id":"https:\/\/www.ceoforlifeawards.com\/it\/blog\/investire-nel-nostro-pianeta-oggi-si-celebra-la-52esima-edizione-della-giornata-mondiale-della-terra\/#webpage","url":"https:\/\/www.ceoforlifeawards.com\/it\/blog\/investire-nel-nostro-pianeta-oggi-si-celebra-la-52esima-edizione-della-giornata-mondiale-della-terra\/","name":"\"Investire nel nostro Pianeta\": oggi si celebra la 52esima edizione della Giornata Mondiale della Terra - CEOforLIFE - IT","isPartOf":{"@id":"https:\/\/www.ceoforlifeawards.com\/it\/#website"},"primaryImageOfPage":{"@id":"https:\/\/www.ceoforlifeawards.com\/it\/blog\/investire-nel-nostro-pianeta-oggi-si-celebra-la-52esima-edizione-della-giornata-mondiale-della-terra\/#primaryimage"},"datePublished":"2022-04-22T13:07:04+00:00","dateModified":"2022-04-22T13:42:40+00:00","author":{"@id":"https:\/\/www.ceoforlifeawards.com\/it\/#\/schema\/person\/9c2802d81c81cfba5c28677408d38d09"},"breadcrumb":{"@id":"https:\/\/www.ceoforlifeawards.com\/it\/blog\/investire-nel-nostro-pianeta-oggi-si-celebra-la-52esima-edizione-della-giornata-mondiale-della-terra\/#breadcrumb"},"inLanguage":"it-IT","potentialAction":[{"@type":"ReadAction","target":["https:\/\/www.ceoforlifeawards.com\/it\/blog\/investire-nel-nostro-pianeta-oggi-si-celebra-la-52esima-edizione-della-giornata-mondiale-della-terra\/"]}]},{"@type":"BreadcrumbList","@id":"https:\/\/www.ceoforlifeawards.com\/it\/blog\/investire-nel-nostro-pianeta-oggi-si-celebra-la-52esima-edizione-della-giornata-mondiale-della-terra\/#breadcrumb","itemListElement":[{"@type":"ListItem","position":1,"name":"Home","item":"https:\/\/www.ceoforlifeawards.com\/it\/"},{"@type":"ListItem","position":2,"name":"&#8220;Investire nel nostro Pianeta&#8221;: oggi si celebra la 52esima edizione della Giornata Mondiale della Terra"}]},{"@type":"Person","@id":"https:\/\/www.ceoforlifeawards.com\/it\/#\/schema\/person\/9c2802d81c81cfba5c28677408d38d09","name":"d.digiuseppe@hrcigroup.com","image":{"@type":"ImageObject","inLanguage":"it-IT","@id":"https:\/\/www.ceoforlifeawards.com\/it\/#\/schema\/person\/image\/","url":"https:\/\/secure.gravatar.com\/avatar\/b464a83ee224f75bb37df0992d8d2b48?s=96&d=mm&r=g","contentUrl":"https:\/\/secure.gravatar.com\/avatar\/b464a83ee224f75bb37df0992d8d2b48?s=96&d=mm&r=g","caption":"d.digiuseppe@hrcigroup.com"},"url":"https:\/\/www.ceoforlifeawards.com\/it\/blog\/author\/d-digiuseppehrcigroup-com\/"}]}},"_links":{"self":[{"href":"https:\/\/www.ceoforlifeawards.com\/it\/wp-json\/wp\/v2\/posts\/10084"}],"collection":[{"href":"https:\/\/www.ceoforlifeawards.com\/it\/wp-json\/wp\/v2\/posts"}],"about":[{"href":"https:\/\/www.ceoforlifeawards.com\/it\/wp-json\/wp\/v2\/types\/post"}],"author":[{"embeddable":true,"href":"https:\/\/www.ceoforlifeawards.com\/it\/wp-json\/wp\/v2\/users\/6"}],"replies":[{"embeddable":true,"href":"https:\/\/www.ceoforlifeawards.com\/it\/wp-json\/wp\/v2\/comments?post=10084"}],"version-history":[{"count":0,"href":"https:\/\/www.ceoforlifeawards.com\/it\/wp-json\/wp\/v2\/posts\/10084\/revisions"}],"wp:featuredmedia":[{"embeddable":true,"href":"https:\/\/www.ceoforlifeawards.com\/it\/wp-json\/wp\/v2\/media\/10085"}],"wp:attachment":[{"href":"https:\/\/www.ceoforlifeawards.com\/it\/wp-json\/wp\/v2\/media?parent=10084"}],"wp:term":[{"taxonomy":"category","embeddable":true,"href":"https:\/\/www.ceoforlifeawards.com\/it\/wp-json\/wp\/v2\/categories?post=10084"},{"taxonomy":"post_tag","embeddable":true,"href":"https:\/\/www.ceoforlifeawards.com\/it\/wp-json\/wp\/v2\/tags?post=10084"}],"curies":[{"name":"wp","href":"https:\/\/api.w.org\/{rel}","templated":true}]}}