{"id":16037,"date":"2022-09-08T15:39:13","date_gmt":"2022-09-08T13:39:13","guid":{"rendered":"https:\/\/www.ceoforlifeawards.com\/it\/?p=16037"},"modified":"2022-09-08T15:39:13","modified_gmt":"2022-09-08T13:39:13","slug":"mi-vedete-il-cortometraggio-sulla-depressione-nei-giovani-presentato-da-lundbeck-italia-a-giffoni-next-generation-2022","status":"publish","type":"post","link":"https:\/\/www.ceoforlifeawards.com\/it\/blog\/mi-vedete-il-cortometraggio-sulla-depressione-nei-giovani-presentato-da-lundbeck-italia-a-giffoni-next-generation-2022\/","title":{"rendered":"\u201cMI VEDETE?\u201d \u2013 Il cortometraggio sulla depressione nei giovani presentato da Lundbeck Italia a Giffoni Next Generation 2022"},"content":{"rendered":"<p>Continua l\u2019impegno di Lundbeck Italia sul tema della salute mentale attraverso la presentazione del cortometraggio \u201c<em>Mi vedete<\/em>?\u201d al Giffoni Next Generation nell\u2019ambito del progetto \u201c<strong>AdoleSCIENZE<\/strong>\u201d, insieme ad Havas Life ed in collaborazione con Giffoni Innovation Hub. Il cortometraggio racconta la storia di Dafne, una ragazza di 16 anni che soffre di depressione, ed il suo percorso di cura che la porter\u00e0 alla guarigione, a testimonianza del fatto che la depressione \u00e8 una malattia e, come tutte le altre malattie, si pu\u00f2 curare e superare.<\/p>\n<p>Il progetto \u201c<strong>AdoleSCIENZE<\/strong>\u201d, infatti, nasce con l\u2019obiettivo di sensibilizzare ed aumentare la consapevolezza sulle patologie mentali in et\u00e0 adolescenziale, stimolando il dialogo sull\u2019argomento, con lo scopo ultimo di abbattere il pregiudizio che lo accompagna. In particolare, la diffusione della pandemia da Covid-19 ha avuto un impatto particolare sulla salute mentale dei giovani, causando un aumento dei sintomi di depressione e ansia e diventando, quindi, un tema sempre pi\u00f9 urgente dal punto di vista sociale.<\/p>\n<p>Per la realizzazione del cortometraggio \u00e8 stata richiesta la partecipazione di clinici esperti e di un Board Scientifico in modo da raccontare una storia che si avvicinasse il pi\u00f9 possibile alla realt\u00e0. Anche la scelta del formato del cortometraggio \u00e8 strategica: quello del cortometraggio, infatti, \u00e8 un linguaggio moderno ed immediato che permette di trattare un argomento delicato come quello delle malattie mentali in fase adolescenziale in maniera diretta e semplice sia alle famiglie, sia alle istituzioni ma soprattutto ai giovani stessi.<\/p>\n<p><em>\u201cLa pandemia ha avuto un impatto importante sulla salute mentale dei giovani, facendo aumentare i disturbi di ansia, depressione, fenomeni d\u2019isolamento, autolesionismo e persino suicidio. \u00c8 per questo motivo che abbiamo voluto realizzare questo cortometraggio: i giovani rappresentino il nostro futuro ed \u00e8 compito di ciascuno di noi prenderci cura del loro benessere. Lundbeck da sempre mette al centro delle sue azioni le persone e la salute del loro cervello. Parlando di persone non possiamo non parlare anche di giovani ed \u00e8 proprio a questi ragazzi, alle loro famiglie, alle scuole e alle istituzioni a cui vogliamo rivolgerci con questo cortometraggio per rendere visibile ci\u00f2 che ancora oggi agli occhi di molti non \u00e8. Per far ci\u00f2 inoltre siamo fortemente convinti che bisogna creare una forte alleanza tra tutti gli attori: solo insieme possiamo fare in modo che questa tematica non venga ignorata, ma bens\u00ec affrontata<\/em>\u201d dichiara <strong>Tiziana Mele, Amministratore Delegato di Lundbeck Italia.<\/strong><\/p>\n","protected":false},"excerpt":{"rendered":"<p>Continua l\u2019impegno di Lundbeck Italia sul tema della salute mentale attraverso la presentazione del cortometraggio \u201cMi vedete?\u201d al Giffoni Next Generation nell\u2019ambito del progetto \u201cAdoleSCIENZE\u201d, insieme ad Havas Life ed in collaborazione con Giffoni Innovation Hub. Il cortometraggio racconta la storia di Dafne, una ragazza di 16 anni che soffre di depressione, ed il suo [&hellip;]<\/p>\n","protected":false},"author":6,"featured_media":16038,"comment_status":"open","ping_status":"open","sticky":false,"template":"","format":"standard","meta":[],"categories":[93,96,95,91],"tags":[108],"yoast_head":"<!-- This site is optimized with the Yoast SEO plugin v18.7 - https:\/\/yoast.com\/wordpress\/plugins\/seo\/ -->\n<title>\u201cMI VEDETE?\u201d \u2013 Il cortometraggio sulla depressione nei giovani presentato da Lundbeck Italia a Giffoni Next Generation 2022 - CEOforLIFE - IT<\/title>\n<meta name=\"robots\" content=\"index, follow, max-snippet:-1, max-image-preview:large, max-video-preview:-1\" \/>\n<link rel=\"canonical\" href=\"https:\/\/www.ceoforlifeawards.com\/it\/blog\/mi-vedete-il-cortometraggio-sulla-depressione-nei-giovani-presentato-da-lundbeck-italia-a-giffoni-next-generation-2022\/\" \/>\n<meta property=\"og:locale\" content=\"it_IT\" \/>\n<meta property=\"og:type\" content=\"article\" \/>\n<meta property=\"og:title\" content=\"\u201cMI VEDETE?\u201d \u2013 Il cortometraggio sulla depressione nei giovani presentato da Lundbeck Italia a Giffoni Next Generation 2022 - CEOforLIFE - IT\" \/>\n<meta property=\"og:description\" content=\"Continua l\u2019impegno di Lundbeck Italia sul tema della salute mentale attraverso la presentazione del cortometraggio \u201cMi vedete?\u201d al Giffoni Next Generation nell\u2019ambito del progetto \u201cAdoleSCIENZE\u201d, insieme ad Havas Life ed in collaborazione con Giffoni Innovation Hub. Il cortometraggio racconta la storia di Dafne, una ragazza di 16 anni che soffre di depressione, ed il suo [&hellip;]\" \/>\n<meta property=\"og:url\" content=\"https:\/\/www.ceoforlifeawards.com\/it\/blog\/mi-vedete-il-cortometraggio-sulla-depressione-nei-giovani-presentato-da-lundbeck-italia-a-giffoni-next-generation-2022\/\" \/>\n<meta property=\"og:site_name\" content=\"CEOforLIFE - IT\" \/>\n<meta property=\"article:published_time\" content=\"2022-09-08T13:39:13+00:00\" \/>\n<meta property=\"og:image\" content=\"https:\/\/www.ceoforlifeawards.com\/it\/wp-content\/uploads\/sites\/3\/2022\/09\/Immagine1-8.jpg\" \/>\n\t<meta property=\"og:image:width\" content=\"627\" \/>\n\t<meta property=\"og:image:height\" content=\"627\" \/>\n\t<meta property=\"og:image:type\" content=\"image\/jpeg\" \/>\n<meta name=\"twitter:card\" content=\"summary_large_image\" \/>\n<meta name=\"twitter:label1\" content=\"Scritto da\" \/>\n\t<meta name=\"twitter:data1\" content=\"d.digiuseppe@hrcigroup.com\" \/>\n\t<meta name=\"twitter:label2\" content=\"Tempo di lettura stimato\" \/>\n\t<meta name=\"twitter:data2\" content=\"3 minuti\" \/>\n<script type=\"application\/ld+json\" class=\"yoast-schema-graph\">{\"@context\":\"https:\/\/schema.org\",\"@graph\":[{\"@type\":\"WebSite\",\"@id\":\"https:\/\/www.ceoforlifeawards.com\/it\/#website\",\"url\":\"https:\/\/www.ceoforlifeawards.com\/it\/\",\"name\":\"CEOforLIFE - IT\",\"description\":\"\",\"potentialAction\":[{\"@type\":\"SearchAction\",\"target\":{\"@type\":\"EntryPoint\",\"urlTemplate\":\"https:\/\/www.ceoforlifeawards.com\/it\/?s={search_term_string}\"},\"query-input\":\"required name=search_term_string\"}],\"inLanguage\":\"it-IT\"},{\"@type\":\"ImageObject\",\"inLanguage\":\"it-IT\",\"@id\":\"https:\/\/www.ceoforlifeawards.com\/it\/blog\/mi-vedete-il-cortometraggio-sulla-depressione-nei-giovani-presentato-da-lundbeck-italia-a-giffoni-next-generation-2022\/#primaryimage\",\"url\":\"https:\/\/www.ceoforlifeawards.com\/it\/wp-content\/uploads\/sites\/3\/2022\/09\/Immagine1-8.jpg\",\"contentUrl\":\"https:\/\/www.ceoforlifeawards.com\/it\/wp-content\/uploads\/sites\/3\/2022\/09\/Immagine1-8.jpg\",\"width\":627,\"height\":627},{\"@type\":\"WebPage\",\"@id\":\"https:\/\/www.ceoforlifeawards.com\/it\/blog\/mi-vedete-il-cortometraggio-sulla-depressione-nei-giovani-presentato-da-lundbeck-italia-a-giffoni-next-generation-2022\/#webpage\",\"url\":\"https:\/\/www.ceoforlifeawards.com\/it\/blog\/mi-vedete-il-cortometraggio-sulla-depressione-nei-giovani-presentato-da-lundbeck-italia-a-giffoni-next-generation-2022\/\",\"name\":\"\u201cMI VEDETE?\u201d \u2013 Il cortometraggio sulla depressione nei giovani presentato da Lundbeck Italia a Giffoni Next Generation 2022 - CEOforLIFE - IT\",\"isPartOf\":{\"@id\":\"https:\/\/www.ceoforlifeawards.com\/it\/#website\"},\"primaryImageOfPage\":{\"@id\":\"https:\/\/www.ceoforlifeawards.com\/it\/blog\/mi-vedete-il-cortometraggio-sulla-depressione-nei-giovani-presentato-da-lundbeck-italia-a-giffoni-next-generation-2022\/#primaryimage\"},\"datePublished\":\"2022-09-08T13:39:13+00:00\",\"dateModified\":\"2022-09-08T13:39:13+00:00\",\"author\":{\"@id\":\"https:\/\/www.ceoforlifeawards.com\/it\/#\/schema\/person\/9c2802d81c81cfba5c28677408d38d09\"},\"breadcrumb\":{\"@id\":\"https:\/\/www.ceoforlifeawards.com\/it\/blog\/mi-vedete-il-cortometraggio-sulla-depressione-nei-giovani-presentato-da-lundbeck-italia-a-giffoni-next-generation-2022\/#breadcrumb\"},\"inLanguage\":\"it-IT\",\"potentialAction\":[{\"@type\":\"ReadAction\",\"target\":[\"https:\/\/www.ceoforlifeawards.com\/it\/blog\/mi-vedete-il-cortometraggio-sulla-depressione-nei-giovani-presentato-da-lundbeck-italia-a-giffoni-next-generation-2022\/\"]}]},{\"@type\":\"BreadcrumbList\",\"@id\":\"https:\/\/www.ceoforlifeawards.com\/it\/blog\/mi-vedete-il-cortometraggio-sulla-depressione-nei-giovani-presentato-da-lundbeck-italia-a-giffoni-next-generation-2022\/#breadcrumb\",\"itemListElement\":[{\"@type\":\"ListItem\",\"position\":1,\"name\":\"Home\",\"item\":\"https:\/\/www.ceoforlifeawards.com\/it\/\"},{\"@type\":\"ListItem\",\"position\":2,\"name\":\"\u201cMI VEDETE?\u201d \u2013 Il cortometraggio sulla depressione nei giovani presentato da Lundbeck Italia a Giffoni Next Generation 2022\"}]},{\"@type\":\"Person\",\"@id\":\"https:\/\/www.ceoforlifeawards.com\/it\/#\/schema\/person\/9c2802d81c81cfba5c28677408d38d09\",\"name\":\"d.digiuseppe@hrcigroup.com\",\"image\":{\"@type\":\"ImageObject\",\"inLanguage\":\"it-IT\",\"@id\":\"https:\/\/www.ceoforlifeawards.com\/it\/#\/schema\/person\/image\/\",\"url\":\"https:\/\/secure.gravatar.com\/avatar\/b464a83ee224f75bb37df0992d8d2b48?s=96&d=mm&r=g\",\"contentUrl\":\"https:\/\/secure.gravatar.com\/avatar\/b464a83ee224f75bb37df0992d8d2b48?s=96&d=mm&r=g\",\"caption\":\"d.digiuseppe@hrcigroup.com\"},\"url\":\"https:\/\/www.ceoforlifeawards.com\/it\/blog\/author\/d-digiuseppehrcigroup-com\/\"}]}<\/script>\n<!-- \/ Yoast SEO plugin. -->","yoast_head_json":{"title":"\u201cMI VEDETE?\u201d \u2013 Il cortometraggio sulla depressione nei giovani presentato da Lundbeck Italia a Giffoni Next Generation 2022 - CEOforLIFE - IT","robots":{"index":"index","follow":"follow","max-snippet":"max-snippet:-1","max-image-preview":"max-image-preview:large","max-video-preview":"max-video-preview:-1"},"canonical":"https:\/\/www.ceoforlifeawards.com\/it\/blog\/mi-vedete-il-cortometraggio-sulla-depressione-nei-giovani-presentato-da-lundbeck-italia-a-giffoni-next-generation-2022\/","og_locale":"it_IT","og_type":"article","og_title":"\u201cMI VEDETE?\u201d \u2013 Il cortometraggio sulla depressione nei giovani presentato da Lundbeck Italia a Giffoni Next Generation 2022 - CEOforLIFE - IT","og_description":"Continua l\u2019impegno di Lundbeck Italia sul tema della salute mentale attraverso la presentazione del cortometraggio \u201cMi vedete?\u201d al Giffoni Next Generation nell\u2019ambito del progetto \u201cAdoleSCIENZE\u201d, insieme ad Havas Life ed in collaborazione con Giffoni Innovation Hub. Il cortometraggio racconta la storia di Dafne, una ragazza di 16 anni che soffre di depressione, ed il suo [&hellip;]","og_url":"https:\/\/www.ceoforlifeawards.com\/it\/blog\/mi-vedete-il-cortometraggio-sulla-depressione-nei-giovani-presentato-da-lundbeck-italia-a-giffoni-next-generation-2022\/","og_site_name":"CEOforLIFE - IT","article_published_time":"2022-09-08T13:39:13+00:00","og_image":[{"width":627,"height":627,"url":"https:\/\/www.ceoforlifeawards.com\/it\/wp-content\/uploads\/sites\/3\/2022\/09\/Immagine1-8.jpg","type":"image\/jpeg"}],"twitter_card":"summary_large_image","twitter_misc":{"Scritto da":"d.digiuseppe@hrcigroup.com","Tempo di lettura stimato":"3 minuti"},"schema":{"@context":"https:\/\/schema.org","@graph":[{"@type":"WebSite","@id":"https:\/\/www.ceoforlifeawards.com\/it\/#website","url":"https:\/\/www.ceoforlifeawards.com\/it\/","name":"CEOforLIFE - IT","description":"","potentialAction":[{"@type":"SearchAction","target":{"@type":"EntryPoint","urlTemplate":"https:\/\/www.ceoforlifeawards.com\/it\/?s={search_term_string}"},"query-input":"required name=search_term_string"}],"inLanguage":"it-IT"},{"@type":"ImageObject","inLanguage":"it-IT","@id":"https:\/\/www.ceoforlifeawards.com\/it\/blog\/mi-vedete-il-cortometraggio-sulla-depressione-nei-giovani-presentato-da-lundbeck-italia-a-giffoni-next-generation-2022\/#primaryimage","url":"https:\/\/www.ceoforlifeawards.com\/it\/wp-content\/uploads\/sites\/3\/2022\/09\/Immagine1-8.jpg","contentUrl":"https:\/\/www.ceoforlifeawards.com\/it\/wp-content\/uploads\/sites\/3\/2022\/09\/Immagine1-8.jpg","width":627,"height":627},{"@type":"WebPage","@id":"https:\/\/www.ceoforlifeawards.com\/it\/blog\/mi-vedete-il-cortometraggio-sulla-depressione-nei-giovani-presentato-da-lundbeck-italia-a-giffoni-next-generation-2022\/#webpage","url":"https:\/\/www.ceoforlifeawards.com\/it\/blog\/mi-vedete-il-cortometraggio-sulla-depressione-nei-giovani-presentato-da-lundbeck-italia-a-giffoni-next-generation-2022\/","name":"\u201cMI VEDETE?\u201d \u2013 Il cortometraggio sulla depressione nei giovani presentato da Lundbeck Italia a Giffoni Next Generation 2022 - CEOforLIFE - IT","isPartOf":{"@id":"https:\/\/www.ceoforlifeawards.com\/it\/#website"},"primaryImageOfPage":{"@id":"https:\/\/www.ceoforlifeawards.com\/it\/blog\/mi-vedete-il-cortometraggio-sulla-depressione-nei-giovani-presentato-da-lundbeck-italia-a-giffoni-next-generation-2022\/#primaryimage"},"datePublished":"2022-09-08T13:39:13+00:00","dateModified":"2022-09-08T13:39:13+00:00","author":{"@id":"https:\/\/www.ceoforlifeawards.com\/it\/#\/schema\/person\/9c2802d81c81cfba5c28677408d38d09"},"breadcrumb":{"@id":"https:\/\/www.ceoforlifeawards.com\/it\/blog\/mi-vedete-il-cortometraggio-sulla-depressione-nei-giovani-presentato-da-lundbeck-italia-a-giffoni-next-generation-2022\/#breadcrumb"},"inLanguage":"it-IT","potentialAction":[{"@type":"ReadAction","target":["https:\/\/www.ceoforlifeawards.com\/it\/blog\/mi-vedete-il-cortometraggio-sulla-depressione-nei-giovani-presentato-da-lundbeck-italia-a-giffoni-next-generation-2022\/"]}]},{"@type":"BreadcrumbList","@id":"https:\/\/www.ceoforlifeawards.com\/it\/blog\/mi-vedete-il-cortometraggio-sulla-depressione-nei-giovani-presentato-da-lundbeck-italia-a-giffoni-next-generation-2022\/#breadcrumb","itemListElement":[{"@type":"ListItem","position":1,"name":"Home","item":"https:\/\/www.ceoforlifeawards.com\/it\/"},{"@type":"ListItem","position":2,"name":"\u201cMI VEDETE?\u201d \u2013 Il cortometraggio sulla depressione nei giovani presentato da Lundbeck Italia a Giffoni Next Generation 2022"}]},{"@type":"Person","@id":"https:\/\/www.ceoforlifeawards.com\/it\/#\/schema\/person\/9c2802d81c81cfba5c28677408d38d09","name":"d.digiuseppe@hrcigroup.com","image":{"@type":"ImageObject","inLanguage":"it-IT","@id":"https:\/\/www.ceoforlifeawards.com\/it\/#\/schema\/person\/image\/","url":"https:\/\/secure.gravatar.com\/avatar\/b464a83ee224f75bb37df0992d8d2b48?s=96&d=mm&r=g","contentUrl":"https:\/\/secure.gravatar.com\/avatar\/b464a83ee224f75bb37df0992d8d2b48?s=96&d=mm&r=g","caption":"d.digiuseppe@hrcigroup.com"},"url":"https:\/\/www.ceoforlifeawards.com\/it\/blog\/author\/d-digiuseppehrcigroup-com\/"}]}},"_links":{"self":[{"href":"https:\/\/www.ceoforlifeawards.com\/it\/wp-json\/wp\/v2\/posts\/16037"}],"collection":[{"href":"https:\/\/www.ceoforlifeawards.com\/it\/wp-json\/wp\/v2\/posts"}],"about":[{"href":"https:\/\/www.ceoforlifeawards.com\/it\/wp-json\/wp\/v2\/types\/post"}],"author":[{"embeddable":true,"href":"https:\/\/www.ceoforlifeawards.com\/it\/wp-json\/wp\/v2\/users\/6"}],"replies":[{"embeddable":true,"href":"https:\/\/www.ceoforlifeawards.com\/it\/wp-json\/wp\/v2\/comments?post=16037"}],"version-history":[{"count":0,"href":"https:\/\/www.ceoforlifeawards.com\/it\/wp-json\/wp\/v2\/posts\/16037\/revisions"}],"wp:featuredmedia":[{"embeddable":true,"href":"https:\/\/www.ceoforlifeawards.com\/it\/wp-json\/wp\/v2\/media\/16038"}],"wp:attachment":[{"href":"https:\/\/www.ceoforlifeawards.com\/it\/wp-json\/wp\/v2\/media?parent=16037"}],"wp:term":[{"taxonomy":"category","embeddable":true,"href":"https:\/\/www.ceoforlifeawards.com\/it\/wp-json\/wp\/v2\/categories?post=16037"},{"taxonomy":"post_tag","embeddable":true,"href":"https:\/\/www.ceoforlifeawards.com\/it\/wp-json\/wp\/v2\/tags?post=16037"}],"curies":[{"name":"wp","href":"https:\/\/api.w.org\/{rel}","templated":true}]}}