{"id":16736,"date":"2022-09-20T12:04:36","date_gmt":"2022-09-20T10:04:36","guid":{"rendered":"https:\/\/www.ceoforlifeawards.com\/it\/?p=16736"},"modified":"2022-09-20T12:04:36","modified_gmt":"2022-09-20T10:04:36","slug":"testa-avis-lelettrificazione-e-un-tema-enorme-ma-lautomobile-rimarra-centrale","status":"publish","type":"post","link":"https:\/\/www.ceoforlifeawards.com\/it\/blog\/testa-avis-lelettrificazione-e-un-tema-enorme-ma-lautomobile-rimarra-centrale\/","title":{"rendered":"Testa (Avis): \u201cL\u2019elettrificazione \u00e8 un tema enorme, ma l\u2019automobile rimarr\u00e0 centrale\u201d"},"content":{"rendered":"<p>Una delle sfide pi\u00f9 importanti del futuro \u00e8 quella della mobilit\u00e0, soprattutto dopo che l\u2019Unione Europea, seppur senza un ampio consenso, ha votato per vietare i veicoli con motori a combustibile a partire dal 2035. Una data in un futuro non cos\u00ec lontano, ma siamo davvero in grado di rispettarla? Su questo \u00e8 intervenuto ai CEO<em>for<\/em>LIFE Awards <strong>Gianluca Testa, Managing Director, Southern Europe, the U.K. and European Central Operations di Avis Budget Group:<\/strong> <em>\u201cAvendo lavorato molto all\u2019estero ho potuto osservare come le tematiche ambientali fossero affrontate nei mercati gi\u00e0 dieci anni fa, mentre in Italia siamo stati pi\u00f9 lenti nel partecipare alla discussione. La domanda \u00e8: che cosa stiamo lasciando ai giovani di oggi? Ho riflettuto molto su questo e ritengo che il nostro sistema economico-sociale debba essere reinventato in termini pi\u00f9 etici<\/em>.\u201d<\/p>\n<p>Avis Budget Group \u00e8 leader nelle soluzioni di trasporto globali e ha adottato da tempo delle pratiche volte a ridurre il proprio impatto ambientale. Ma si impegna anche a favorire il processo di digitalizzazione, per esempio mediante l\u2019introduzione del <em>Quick Pass<\/em> che, grazie ad una pre registrazione on line, rende l\u2019esperienza di noleggio pi\u00f9 sicura e pi\u00f9 rapida, riducendo sensibilmente il tempo trascorso al banco di noleggio.<\/p>\n<p>\u201c<em>L\u2019elettrificazione delle auto nel nostro Paese \u00e8 un tema enorme. In Italia ci sono circa 40 milioni di veicoli, ma la transizione richiede uno sforzo collaborativo, bisogna capire i dubbi delle persone e mettere a disposizione le infrastrutture di ricarica. Come Avis Budget Group vogliamo essere parte di una soluzione che guidi questo cambiamento, concentrandoci sul nostro core business ma allo stesso tempo modernizzandolo. Il nostro obiettivo \u00e8 far vedere che si pu\u00f2 fare, che la macchina elettrica pu\u00f2 essere performante, pu\u00f2 essere bella. Ma il consumatore ha bisogno di vederlo, di toccarlo con mano. Ecco perch\u00e9 per il lancio della campagna In un Baleno abbiamo fatto circolare a Roma e Milano delle Fiat 500 elettriche color \u201carcobaleno\u201d guidate dagli E-People, un movimento che promuove un mondo migliore e pi\u00f9 sostenibile, invitando le persone a provarle e in seguito anche a noleggiarle. Questo perch\u00e9 il vantaggio offerto dal noleggio sta anche nella possibilit\u00e0 di testare auto a zero emissioni e favorirne la diffusione, indipendentemente dalla finalit\u00e0 di acquisto o semplice utilizzo.\u201d<\/em><\/p>\n<p>L\u2019elettrificazione \u00e8 dunque un passaggio obbligato: in alcuni Paesi come la Norvegia si sta gi\u00e0 andando oltre, si parla non pi\u00f9 solo di macchine elettriche ma anche di chiudere una citt\u00e0 come Oslo alle automobili, restituendo il centro ai cittadini in maniera permanente.<\/p>\n<p>&#8220;<em>In Avis<\/em> &#8211; ha aggiunto Testa &#8211; <em>crediamo che l&#8217;auto sia ancora centrale per le esigenze di trasporto delle persone, in un ecosistema che comprende anche la bicicletta, i mezzi pubblici ecc. Chiudere il centro citt\u00e0 e restituirlo ai cittadini \u00e8 giusto, ma per altri spostamenti l\u2019auto rimane fondamentale. Oggi l\u2019elettrificazione \u00e8 molto spinta dai Governi, ma bisogna creare le condizioni per la sua diffusione, soprattutto per generare una maggiore domanda da parte dei consumatori<\/em>&#8220;.<\/p>\n","protected":false},"excerpt":{"rendered":"<p>Una delle sfide pi\u00f9 importanti del futuro \u00e8 quella della mobilit\u00e0, soprattutto dopo che l\u2019Unione Europea, seppur senza un ampio consenso, ha votato per vietare i veicoli con motori a combustibile a partire dal 2035. Una data in un futuro non cos\u00ec lontano, ma siamo davvero in grado di rispettarla? Su questo \u00e8 intervenuto ai [&hellip;]<\/p>\n","protected":false},"author":6,"featured_media":16737,"comment_status":"open","ping_status":"open","sticky":false,"template":"","format":"standard","meta":[],"categories":[93,102,156,96,95],"tags":[],"yoast_head":"<!-- This site is optimized with the Yoast SEO plugin v18.7 - https:\/\/yoast.com\/wordpress\/plugins\/seo\/ -->\n<title>Testa (Avis): \u201cL\u2019elettrificazione \u00e8 un tema enorme, ma l\u2019automobile rimarr\u00e0 centrale\u201d - CEOforLIFE - IT<\/title>\n<meta name=\"robots\" content=\"index, follow, max-snippet:-1, max-image-preview:large, max-video-preview:-1\" \/>\n<link rel=\"canonical\" href=\"https:\/\/www.ceoforlifeawards.com\/it\/blog\/testa-avis-lelettrificazione-e-un-tema-enorme-ma-lautomobile-rimarra-centrale\/\" \/>\n<meta property=\"og:locale\" content=\"it_IT\" \/>\n<meta property=\"og:type\" content=\"article\" \/>\n<meta property=\"og:title\" content=\"Testa (Avis): \u201cL\u2019elettrificazione \u00e8 un tema enorme, ma l\u2019automobile rimarr\u00e0 centrale\u201d - CEOforLIFE - IT\" \/>\n<meta property=\"og:description\" content=\"Una delle sfide pi\u00f9 importanti del futuro \u00e8 quella della mobilit\u00e0, soprattutto dopo che l\u2019Unione Europea, seppur senza un ampio consenso, ha votato per vietare i veicoli con motori a combustibile a partire dal 2035. Una data in un futuro non cos\u00ec lontano, ma siamo davvero in grado di rispettarla? Su questo \u00e8 intervenuto ai [&hellip;]\" \/>\n<meta property=\"og:url\" content=\"https:\/\/www.ceoforlifeawards.com\/it\/blog\/testa-avis-lelettrificazione-e-un-tema-enorme-ma-lautomobile-rimarra-centrale\/\" \/>\n<meta property=\"og:site_name\" content=\"CEOforLIFE - IT\" \/>\n<meta property=\"article:published_time\" content=\"2022-09-20T10:04:36+00:00\" \/>\n<meta property=\"og:image\" content=\"https:\/\/www.ceoforlifeawards.com\/it\/wp-content\/uploads\/sites\/3\/2022\/09\/Testa.jpeg\" \/>\n\t<meta property=\"og:image:width\" content=\"887\" \/>\n\t<meta property=\"og:image:height\" content=\"591\" \/>\n\t<meta property=\"og:image:type\" content=\"image\/jpeg\" \/>\n<meta name=\"twitter:card\" content=\"summary_large_image\" \/>\n<meta name=\"twitter:label1\" content=\"Scritto da\" \/>\n\t<meta name=\"twitter:data1\" content=\"d.digiuseppe@hrcigroup.com\" \/>\n\t<meta name=\"twitter:label2\" content=\"Tempo di lettura stimato\" \/>\n\t<meta name=\"twitter:data2\" content=\"3 minuti\" \/>\n<script type=\"application\/ld+json\" class=\"yoast-schema-graph\">{\"@context\":\"https:\/\/schema.org\",\"@graph\":[{\"@type\":\"WebSite\",\"@id\":\"https:\/\/www.ceoforlifeawards.com\/it\/#website\",\"url\":\"https:\/\/www.ceoforlifeawards.com\/it\/\",\"name\":\"CEOforLIFE - IT\",\"description\":\"\",\"potentialAction\":[{\"@type\":\"SearchAction\",\"target\":{\"@type\":\"EntryPoint\",\"urlTemplate\":\"https:\/\/www.ceoforlifeawards.com\/it\/?s={search_term_string}\"},\"query-input\":\"required name=search_term_string\"}],\"inLanguage\":\"it-IT\"},{\"@type\":\"ImageObject\",\"inLanguage\":\"it-IT\",\"@id\":\"https:\/\/www.ceoforlifeawards.com\/it\/blog\/testa-avis-lelettrificazione-e-un-tema-enorme-ma-lautomobile-rimarra-centrale\/#primaryimage\",\"url\":\"https:\/\/www.ceoforlifeawards.com\/it\/wp-content\/uploads\/sites\/3\/2022\/09\/Testa.jpeg\",\"contentUrl\":\"https:\/\/www.ceoforlifeawards.com\/it\/wp-content\/uploads\/sites\/3\/2022\/09\/Testa.jpeg\",\"width\":887,\"height\":591},{\"@type\":\"WebPage\",\"@id\":\"https:\/\/www.ceoforlifeawards.com\/it\/blog\/testa-avis-lelettrificazione-e-un-tema-enorme-ma-lautomobile-rimarra-centrale\/#webpage\",\"url\":\"https:\/\/www.ceoforlifeawards.com\/it\/blog\/testa-avis-lelettrificazione-e-un-tema-enorme-ma-lautomobile-rimarra-centrale\/\",\"name\":\"Testa (Avis): \u201cL\u2019elettrificazione \u00e8 un tema enorme, ma l\u2019automobile rimarr\u00e0 centrale\u201d - CEOforLIFE - IT\",\"isPartOf\":{\"@id\":\"https:\/\/www.ceoforlifeawards.com\/it\/#website\"},\"primaryImageOfPage\":{\"@id\":\"https:\/\/www.ceoforlifeawards.com\/it\/blog\/testa-avis-lelettrificazione-e-un-tema-enorme-ma-lautomobile-rimarra-centrale\/#primaryimage\"},\"datePublished\":\"2022-09-20T10:04:36+00:00\",\"dateModified\":\"2022-09-20T10:04:36+00:00\",\"author\":{\"@id\":\"https:\/\/www.ceoforlifeawards.com\/it\/#\/schema\/person\/9c2802d81c81cfba5c28677408d38d09\"},\"breadcrumb\":{\"@id\":\"https:\/\/www.ceoforlifeawards.com\/it\/blog\/testa-avis-lelettrificazione-e-un-tema-enorme-ma-lautomobile-rimarra-centrale\/#breadcrumb\"},\"inLanguage\":\"it-IT\",\"potentialAction\":[{\"@type\":\"ReadAction\",\"target\":[\"https:\/\/www.ceoforlifeawards.com\/it\/blog\/testa-avis-lelettrificazione-e-un-tema-enorme-ma-lautomobile-rimarra-centrale\/\"]}]},{\"@type\":\"BreadcrumbList\",\"@id\":\"https:\/\/www.ceoforlifeawards.com\/it\/blog\/testa-avis-lelettrificazione-e-un-tema-enorme-ma-lautomobile-rimarra-centrale\/#breadcrumb\",\"itemListElement\":[{\"@type\":\"ListItem\",\"position\":1,\"name\":\"Home\",\"item\":\"https:\/\/www.ceoforlifeawards.com\/it\/\"},{\"@type\":\"ListItem\",\"position\":2,\"name\":\"Testa (Avis): \u201cL\u2019elettrificazione \u00e8 un tema enorme, ma l\u2019automobile rimarr\u00e0 centrale\u201d\"}]},{\"@type\":\"Person\",\"@id\":\"https:\/\/www.ceoforlifeawards.com\/it\/#\/schema\/person\/9c2802d81c81cfba5c28677408d38d09\",\"name\":\"d.digiuseppe@hrcigroup.com\",\"image\":{\"@type\":\"ImageObject\",\"inLanguage\":\"it-IT\",\"@id\":\"https:\/\/www.ceoforlifeawards.com\/it\/#\/schema\/person\/image\/\",\"url\":\"https:\/\/secure.gravatar.com\/avatar\/b464a83ee224f75bb37df0992d8d2b48?s=96&d=mm&r=g\",\"contentUrl\":\"https:\/\/secure.gravatar.com\/avatar\/b464a83ee224f75bb37df0992d8d2b48?s=96&d=mm&r=g\",\"caption\":\"d.digiuseppe@hrcigroup.com\"},\"url\":\"https:\/\/www.ceoforlifeawards.com\/it\/blog\/author\/d-digiuseppehrcigroup-com\/\"}]}<\/script>\n<!-- \/ Yoast SEO plugin. -->","yoast_head_json":{"title":"Testa (Avis): \u201cL\u2019elettrificazione \u00e8 un tema enorme, ma l\u2019automobile rimarr\u00e0 centrale\u201d - CEOforLIFE - IT","robots":{"index":"index","follow":"follow","max-snippet":"max-snippet:-1","max-image-preview":"max-image-preview:large","max-video-preview":"max-video-preview:-1"},"canonical":"https:\/\/www.ceoforlifeawards.com\/it\/blog\/testa-avis-lelettrificazione-e-un-tema-enorme-ma-lautomobile-rimarra-centrale\/","og_locale":"it_IT","og_type":"article","og_title":"Testa (Avis): \u201cL\u2019elettrificazione \u00e8 un tema enorme, ma l\u2019automobile rimarr\u00e0 centrale\u201d - CEOforLIFE - IT","og_description":"Una delle sfide pi\u00f9 importanti del futuro \u00e8 quella della mobilit\u00e0, soprattutto dopo che l\u2019Unione Europea, seppur senza un ampio consenso, ha votato per vietare i veicoli con motori a combustibile a partire dal 2035. Una data in un futuro non cos\u00ec lontano, ma siamo davvero in grado di rispettarla? Su questo \u00e8 intervenuto ai [&hellip;]","og_url":"https:\/\/www.ceoforlifeawards.com\/it\/blog\/testa-avis-lelettrificazione-e-un-tema-enorme-ma-lautomobile-rimarra-centrale\/","og_site_name":"CEOforLIFE - IT","article_published_time":"2022-09-20T10:04:36+00:00","og_image":[{"width":887,"height":591,"url":"https:\/\/www.ceoforlifeawards.com\/it\/wp-content\/uploads\/sites\/3\/2022\/09\/Testa.jpeg","type":"image\/jpeg"}],"twitter_card":"summary_large_image","twitter_misc":{"Scritto da":"d.digiuseppe@hrcigroup.com","Tempo di lettura stimato":"3 minuti"},"schema":{"@context":"https:\/\/schema.org","@graph":[{"@type":"WebSite","@id":"https:\/\/www.ceoforlifeawards.com\/it\/#website","url":"https:\/\/www.ceoforlifeawards.com\/it\/","name":"CEOforLIFE - IT","description":"","potentialAction":[{"@type":"SearchAction","target":{"@type":"EntryPoint","urlTemplate":"https:\/\/www.ceoforlifeawards.com\/it\/?s={search_term_string}"},"query-input":"required name=search_term_string"}],"inLanguage":"it-IT"},{"@type":"ImageObject","inLanguage":"it-IT","@id":"https:\/\/www.ceoforlifeawards.com\/it\/blog\/testa-avis-lelettrificazione-e-un-tema-enorme-ma-lautomobile-rimarra-centrale\/#primaryimage","url":"https:\/\/www.ceoforlifeawards.com\/it\/wp-content\/uploads\/sites\/3\/2022\/09\/Testa.jpeg","contentUrl":"https:\/\/www.ceoforlifeawards.com\/it\/wp-content\/uploads\/sites\/3\/2022\/09\/Testa.jpeg","width":887,"height":591},{"@type":"WebPage","@id":"https:\/\/www.ceoforlifeawards.com\/it\/blog\/testa-avis-lelettrificazione-e-un-tema-enorme-ma-lautomobile-rimarra-centrale\/#webpage","url":"https:\/\/www.ceoforlifeawards.com\/it\/blog\/testa-avis-lelettrificazione-e-un-tema-enorme-ma-lautomobile-rimarra-centrale\/","name":"Testa (Avis): \u201cL\u2019elettrificazione \u00e8 un tema enorme, ma l\u2019automobile rimarr\u00e0 centrale\u201d - CEOforLIFE - IT","isPartOf":{"@id":"https:\/\/www.ceoforlifeawards.com\/it\/#website"},"primaryImageOfPage":{"@id":"https:\/\/www.ceoforlifeawards.com\/it\/blog\/testa-avis-lelettrificazione-e-un-tema-enorme-ma-lautomobile-rimarra-centrale\/#primaryimage"},"datePublished":"2022-09-20T10:04:36+00:00","dateModified":"2022-09-20T10:04:36+00:00","author":{"@id":"https:\/\/www.ceoforlifeawards.com\/it\/#\/schema\/person\/9c2802d81c81cfba5c28677408d38d09"},"breadcrumb":{"@id":"https:\/\/www.ceoforlifeawards.com\/it\/blog\/testa-avis-lelettrificazione-e-un-tema-enorme-ma-lautomobile-rimarra-centrale\/#breadcrumb"},"inLanguage":"it-IT","potentialAction":[{"@type":"ReadAction","target":["https:\/\/www.ceoforlifeawards.com\/it\/blog\/testa-avis-lelettrificazione-e-un-tema-enorme-ma-lautomobile-rimarra-centrale\/"]}]},{"@type":"BreadcrumbList","@id":"https:\/\/www.ceoforlifeawards.com\/it\/blog\/testa-avis-lelettrificazione-e-un-tema-enorme-ma-lautomobile-rimarra-centrale\/#breadcrumb","itemListElement":[{"@type":"ListItem","position":1,"name":"Home","item":"https:\/\/www.ceoforlifeawards.com\/it\/"},{"@type":"ListItem","position":2,"name":"Testa (Avis): \u201cL\u2019elettrificazione \u00e8 un tema enorme, ma l\u2019automobile rimarr\u00e0 centrale\u201d"}]},{"@type":"Person","@id":"https:\/\/www.ceoforlifeawards.com\/it\/#\/schema\/person\/9c2802d81c81cfba5c28677408d38d09","name":"d.digiuseppe@hrcigroup.com","image":{"@type":"ImageObject","inLanguage":"it-IT","@id":"https:\/\/www.ceoforlifeawards.com\/it\/#\/schema\/person\/image\/","url":"https:\/\/secure.gravatar.com\/avatar\/b464a83ee224f75bb37df0992d8d2b48?s=96&d=mm&r=g","contentUrl":"https:\/\/secure.gravatar.com\/avatar\/b464a83ee224f75bb37df0992d8d2b48?s=96&d=mm&r=g","caption":"d.digiuseppe@hrcigroup.com"},"url":"https:\/\/www.ceoforlifeawards.com\/it\/blog\/author\/d-digiuseppehrcigroup-com\/"}]}},"_links":{"self":[{"href":"https:\/\/www.ceoforlifeawards.com\/it\/wp-json\/wp\/v2\/posts\/16736"}],"collection":[{"href":"https:\/\/www.ceoforlifeawards.com\/it\/wp-json\/wp\/v2\/posts"}],"about":[{"href":"https:\/\/www.ceoforlifeawards.com\/it\/wp-json\/wp\/v2\/types\/post"}],"author":[{"embeddable":true,"href":"https:\/\/www.ceoforlifeawards.com\/it\/wp-json\/wp\/v2\/users\/6"}],"replies":[{"embeddable":true,"href":"https:\/\/www.ceoforlifeawards.com\/it\/wp-json\/wp\/v2\/comments?post=16736"}],"version-history":[{"count":0,"href":"https:\/\/www.ceoforlifeawards.com\/it\/wp-json\/wp\/v2\/posts\/16736\/revisions"}],"wp:featuredmedia":[{"embeddable":true,"href":"https:\/\/www.ceoforlifeawards.com\/it\/wp-json\/wp\/v2\/media\/16737"}],"wp:attachment":[{"href":"https:\/\/www.ceoforlifeawards.com\/it\/wp-json\/wp\/v2\/media?parent=16736"}],"wp:term":[{"taxonomy":"category","embeddable":true,"href":"https:\/\/www.ceoforlifeawards.com\/it\/wp-json\/wp\/v2\/categories?post=16736"},{"taxonomy":"post_tag","embeddable":true,"href":"https:\/\/www.ceoforlifeawards.com\/it\/wp-json\/wp\/v2\/tags?post=16736"}],"curies":[{"name":"wp","href":"https:\/\/api.w.org\/{rel}","templated":true}]}}