{"id":16845,"date":"2022-09-21T15:52:13","date_gmt":"2022-09-21T13:52:13","guid":{"rendered":"https:\/\/www.ceoforlifeawards.com\/it\/?p=16845"},"modified":"2022-11-22T15:51:35","modified_gmt":"2022-11-22T14:51:35","slug":"renault-riduce-le-emissioni-per-il-trasporto-delle-sue-merci-in-europa-15-dal-2015","status":"publish","type":"post","link":"https:\/\/www.ceoforlifeawards.com\/it\/blog\/renault-riduce-le-emissioni-per-il-trasporto-delle-sue-merci-in-europa-15-dal-2015\/","title":{"rendered":"Renault riduce le emissioni per il trasporto delle sue merci in Europa: -15% dal 2015"},"content":{"rendered":"<p>La sostenibilit\u00e0 ambientale \u00e8 un tema fondamentale, soprattutto per le industrie pi\u00f9 climalteranti, come quella automobilistica. Proprio per questo motivo \u00e8 da segnalare la performance virtuosa del gruppo <strong>Renault<\/strong>, che tra il 2018 e il 2021 <strong>ha ridotto di circa il 7% le emissioni di CO2<\/strong> dovute al trasporto delle sue merci in Europa, superando cos\u00ec il suo obiettivo del 5,3%.<\/p>\n<p>E questo \u00e8 solo uno dei primi tasselli, nell\u2019ambito di un impegno pi\u00f9 ampio, che rientra nella politica di decarbonizzazione del gruppo francese, che si prefigge lo scopo di raggiungere la <strong>neutralit\u00e0 carbonica in Europa nel 2040<\/strong> e <strong>nel mondo entro il 2050<\/strong>. In questo caso i risultati sono stati convalidati da FRET21, un dispositivo che riunisce gli attori dei settori dei trasporti e della logistica, gestito dall\u2019ADEME (Agenzia Francese per l\u2019Ambiente e la Gestione Energetica) e dell\u2019AUTF (Association des Utilisateurs de Transport de Fret &#8211; associazione degli utenti per il trasporto merci), che incentiva gli spedizionieri di ricambi e veicoli a ridurre l\u2019impatto ambientale dei trasporti.<\/p>\n<p>Da quando ha aderito a questo dispositivo nel 2015, Renault ha complessivamente ridotto del 15% le emissioni di CO2 connesse alle sue attivit\u00e0 logistiche in Europa, grazie a soluzioni innovative implementate dalla Direzione Supply Chain, come l\u2019eco-design degli imballaggi e la riduzione del numero di chilometri percorsi.<\/p>\n","protected":false},"excerpt":{"rendered":"<p>La sostenibilit\u00e0 ambientale \u00e8 un tema fondamentale, soprattutto per le industrie pi\u00f9 climalteranti, come quella automobilistica. Proprio per questo motivo \u00e8 da segnalare la performance virtuosa del gruppo Renault, che tra il 2018 e il 2021 ha ridotto di circa il 7% le emissioni di CO2 dovute al trasporto delle sue merci in Europa, superando [&hellip;]<\/p>\n","protected":false},"author":6,"featured_media":16846,"comment_status":"open","ping_status":"open","sticky":false,"template":"","format":"standard","meta":[],"categories":[93,219,96,197,95],"tags":[108],"yoast_head":"<!-- This site is optimized with the Yoast SEO plugin v18.7 - https:\/\/yoast.com\/wordpress\/plugins\/seo\/ -->\n<title>Renault riduce le emissioni per il trasporto delle sue merci in Europa: -15% dal 2015 - CEOforLIFE - IT<\/title>\n<meta name=\"robots\" content=\"index, follow, max-snippet:-1, max-image-preview:large, max-video-preview:-1\" \/>\n<link rel=\"canonical\" href=\"https:\/\/www.ceoforlifeawards.com\/it\/blog\/renault-riduce-le-emissioni-per-il-trasporto-delle-sue-merci-in-europa-15-dal-2015\/\" \/>\n<meta property=\"og:locale\" content=\"it_IT\" \/>\n<meta property=\"og:type\" content=\"article\" \/>\n<meta property=\"og:title\" content=\"Renault riduce le emissioni per il trasporto delle sue merci in Europa: -15% dal 2015 - CEOforLIFE - IT\" \/>\n<meta property=\"og:description\" content=\"La sostenibilit\u00e0 ambientale \u00e8 un tema fondamentale, soprattutto per le industrie pi\u00f9 climalteranti, come quella automobilistica. Proprio per questo motivo \u00e8 da segnalare la performance virtuosa del gruppo Renault, che tra il 2018 e il 2021 ha ridotto di circa il 7% le emissioni di CO2 dovute al trasporto delle sue merci in Europa, superando [&hellip;]\" \/>\n<meta property=\"og:url\" content=\"https:\/\/www.ceoforlifeawards.com\/it\/blog\/renault-riduce-le-emissioni-per-il-trasporto-delle-sue-merci-in-europa-15-dal-2015\/\" \/>\n<meta property=\"og:site_name\" content=\"CEOforLIFE - IT\" \/>\n<meta property=\"article:published_time\" content=\"2022-09-21T13:52:13+00:00\" \/>\n<meta property=\"article:modified_time\" content=\"2022-11-22T14:51:35+00:00\" \/>\n<meta property=\"og:image\" content=\"https:\/\/www.ceoforlifeawards.com\/it\/wp-content\/uploads\/sites\/3\/2022\/09\/Immagine1-34.jpg\" \/>\n\t<meta property=\"og:image:width\" content=\"350\" \/>\n\t<meta property=\"og:image:height\" content=\"234\" \/>\n\t<meta property=\"og:image:type\" content=\"image\/jpeg\" \/>\n<meta name=\"twitter:card\" content=\"summary_large_image\" \/>\n<meta name=\"twitter:label1\" content=\"Scritto da\" \/>\n\t<meta name=\"twitter:data1\" content=\"d.digiuseppe@hrcigroup.com\" \/>\n\t<meta name=\"twitter:label2\" content=\"Tempo di lettura stimato\" \/>\n\t<meta name=\"twitter:data2\" content=\"2 minuti\" \/>\n<script type=\"application\/ld+json\" class=\"yoast-schema-graph\">{\"@context\":\"https:\/\/schema.org\",\"@graph\":[{\"@type\":\"WebSite\",\"@id\":\"https:\/\/www.ceoforlifeawards.com\/it\/#website\",\"url\":\"https:\/\/www.ceoforlifeawards.com\/it\/\",\"name\":\"CEOforLIFE - IT\",\"description\":\"\",\"potentialAction\":[{\"@type\":\"SearchAction\",\"target\":{\"@type\":\"EntryPoint\",\"urlTemplate\":\"https:\/\/www.ceoforlifeawards.com\/it\/?s={search_term_string}\"},\"query-input\":\"required name=search_term_string\"}],\"inLanguage\":\"it-IT\"},{\"@type\":\"ImageObject\",\"inLanguage\":\"it-IT\",\"@id\":\"https:\/\/www.ceoforlifeawards.com\/it\/blog\/renault-riduce-le-emissioni-per-il-trasporto-delle-sue-merci-in-europa-15-dal-2015\/#primaryimage\",\"url\":\"https:\/\/www.ceoforlifeawards.com\/it\/wp-content\/uploads\/sites\/3\/2022\/09\/Immagine1-34.jpg\",\"contentUrl\":\"https:\/\/www.ceoforlifeawards.com\/it\/wp-content\/uploads\/sites\/3\/2022\/09\/Immagine1-34.jpg\",\"width\":350,\"height\":234},{\"@type\":\"WebPage\",\"@id\":\"https:\/\/www.ceoforlifeawards.com\/it\/blog\/renault-riduce-le-emissioni-per-il-trasporto-delle-sue-merci-in-europa-15-dal-2015\/#webpage\",\"url\":\"https:\/\/www.ceoforlifeawards.com\/it\/blog\/renault-riduce-le-emissioni-per-il-trasporto-delle-sue-merci-in-europa-15-dal-2015\/\",\"name\":\"Renault riduce le emissioni per il trasporto delle sue merci in Europa: -15% dal 2015 - CEOforLIFE - IT\",\"isPartOf\":{\"@id\":\"https:\/\/www.ceoforlifeawards.com\/it\/#website\"},\"primaryImageOfPage\":{\"@id\":\"https:\/\/www.ceoforlifeawards.com\/it\/blog\/renault-riduce-le-emissioni-per-il-trasporto-delle-sue-merci-in-europa-15-dal-2015\/#primaryimage\"},\"datePublished\":\"2022-09-21T13:52:13+00:00\",\"dateModified\":\"2022-11-22T14:51:35+00:00\",\"author\":{\"@id\":\"https:\/\/www.ceoforlifeawards.com\/it\/#\/schema\/person\/9c2802d81c81cfba5c28677408d38d09\"},\"breadcrumb\":{\"@id\":\"https:\/\/www.ceoforlifeawards.com\/it\/blog\/renault-riduce-le-emissioni-per-il-trasporto-delle-sue-merci-in-europa-15-dal-2015\/#breadcrumb\"},\"inLanguage\":\"it-IT\",\"potentialAction\":[{\"@type\":\"ReadAction\",\"target\":[\"https:\/\/www.ceoforlifeawards.com\/it\/blog\/renault-riduce-le-emissioni-per-il-trasporto-delle-sue-merci-in-europa-15-dal-2015\/\"]}]},{\"@type\":\"BreadcrumbList\",\"@id\":\"https:\/\/www.ceoforlifeawards.com\/it\/blog\/renault-riduce-le-emissioni-per-il-trasporto-delle-sue-merci-in-europa-15-dal-2015\/#breadcrumb\",\"itemListElement\":[{\"@type\":\"ListItem\",\"position\":1,\"name\":\"Home\",\"item\":\"https:\/\/www.ceoforlifeawards.com\/it\/\"},{\"@type\":\"ListItem\",\"position\":2,\"name\":\"Renault riduce le emissioni per il trasporto delle sue merci in Europa: -15% dal 2015\"}]},{\"@type\":\"Person\",\"@id\":\"https:\/\/www.ceoforlifeawards.com\/it\/#\/schema\/person\/9c2802d81c81cfba5c28677408d38d09\",\"name\":\"d.digiuseppe@hrcigroup.com\",\"image\":{\"@type\":\"ImageObject\",\"inLanguage\":\"it-IT\",\"@id\":\"https:\/\/www.ceoforlifeawards.com\/it\/#\/schema\/person\/image\/\",\"url\":\"https:\/\/secure.gravatar.com\/avatar\/b464a83ee224f75bb37df0992d8d2b48?s=96&d=mm&r=g\",\"contentUrl\":\"https:\/\/secure.gravatar.com\/avatar\/b464a83ee224f75bb37df0992d8d2b48?s=96&d=mm&r=g\",\"caption\":\"d.digiuseppe@hrcigroup.com\"},\"url\":\"https:\/\/www.ceoforlifeawards.com\/it\/blog\/author\/d-digiuseppehrcigroup-com\/\"}]}<\/script>\n<!-- \/ Yoast SEO plugin. -->","yoast_head_json":{"title":"Renault riduce le emissioni per il trasporto delle sue merci in Europa: -15% dal 2015 - CEOforLIFE - IT","robots":{"index":"index","follow":"follow","max-snippet":"max-snippet:-1","max-image-preview":"max-image-preview:large","max-video-preview":"max-video-preview:-1"},"canonical":"https:\/\/www.ceoforlifeawards.com\/it\/blog\/renault-riduce-le-emissioni-per-il-trasporto-delle-sue-merci-in-europa-15-dal-2015\/","og_locale":"it_IT","og_type":"article","og_title":"Renault riduce le emissioni per il trasporto delle sue merci in Europa: -15% dal 2015 - CEOforLIFE - IT","og_description":"La sostenibilit\u00e0 ambientale \u00e8 un tema fondamentale, soprattutto per le industrie pi\u00f9 climalteranti, come quella automobilistica. Proprio per questo motivo \u00e8 da segnalare la performance virtuosa del gruppo Renault, che tra il 2018 e il 2021 ha ridotto di circa il 7% le emissioni di CO2 dovute al trasporto delle sue merci in Europa, superando [&hellip;]","og_url":"https:\/\/www.ceoforlifeawards.com\/it\/blog\/renault-riduce-le-emissioni-per-il-trasporto-delle-sue-merci-in-europa-15-dal-2015\/","og_site_name":"CEOforLIFE - IT","article_published_time":"2022-09-21T13:52:13+00:00","article_modified_time":"2022-11-22T14:51:35+00:00","og_image":[{"width":350,"height":234,"url":"https:\/\/www.ceoforlifeawards.com\/it\/wp-content\/uploads\/sites\/3\/2022\/09\/Immagine1-34.jpg","type":"image\/jpeg"}],"twitter_card":"summary_large_image","twitter_misc":{"Scritto da":"d.digiuseppe@hrcigroup.com","Tempo di lettura stimato":"2 minuti"},"schema":{"@context":"https:\/\/schema.org","@graph":[{"@type":"WebSite","@id":"https:\/\/www.ceoforlifeawards.com\/it\/#website","url":"https:\/\/www.ceoforlifeawards.com\/it\/","name":"CEOforLIFE - IT","description":"","potentialAction":[{"@type":"SearchAction","target":{"@type":"EntryPoint","urlTemplate":"https:\/\/www.ceoforlifeawards.com\/it\/?s={search_term_string}"},"query-input":"required name=search_term_string"}],"inLanguage":"it-IT"},{"@type":"ImageObject","inLanguage":"it-IT","@id":"https:\/\/www.ceoforlifeawards.com\/it\/blog\/renault-riduce-le-emissioni-per-il-trasporto-delle-sue-merci-in-europa-15-dal-2015\/#primaryimage","url":"https:\/\/www.ceoforlifeawards.com\/it\/wp-content\/uploads\/sites\/3\/2022\/09\/Immagine1-34.jpg","contentUrl":"https:\/\/www.ceoforlifeawards.com\/it\/wp-content\/uploads\/sites\/3\/2022\/09\/Immagine1-34.jpg","width":350,"height":234},{"@type":"WebPage","@id":"https:\/\/www.ceoforlifeawards.com\/it\/blog\/renault-riduce-le-emissioni-per-il-trasporto-delle-sue-merci-in-europa-15-dal-2015\/#webpage","url":"https:\/\/www.ceoforlifeawards.com\/it\/blog\/renault-riduce-le-emissioni-per-il-trasporto-delle-sue-merci-in-europa-15-dal-2015\/","name":"Renault riduce le emissioni per il trasporto delle sue merci in Europa: -15% dal 2015 - CEOforLIFE - IT","isPartOf":{"@id":"https:\/\/www.ceoforlifeawards.com\/it\/#website"},"primaryImageOfPage":{"@id":"https:\/\/www.ceoforlifeawards.com\/it\/blog\/renault-riduce-le-emissioni-per-il-trasporto-delle-sue-merci-in-europa-15-dal-2015\/#primaryimage"},"datePublished":"2022-09-21T13:52:13+00:00","dateModified":"2022-11-22T14:51:35+00:00","author":{"@id":"https:\/\/www.ceoforlifeawards.com\/it\/#\/schema\/person\/9c2802d81c81cfba5c28677408d38d09"},"breadcrumb":{"@id":"https:\/\/www.ceoforlifeawards.com\/it\/blog\/renault-riduce-le-emissioni-per-il-trasporto-delle-sue-merci-in-europa-15-dal-2015\/#breadcrumb"},"inLanguage":"it-IT","potentialAction":[{"@type":"ReadAction","target":["https:\/\/www.ceoforlifeawards.com\/it\/blog\/renault-riduce-le-emissioni-per-il-trasporto-delle-sue-merci-in-europa-15-dal-2015\/"]}]},{"@type":"BreadcrumbList","@id":"https:\/\/www.ceoforlifeawards.com\/it\/blog\/renault-riduce-le-emissioni-per-il-trasporto-delle-sue-merci-in-europa-15-dal-2015\/#breadcrumb","itemListElement":[{"@type":"ListItem","position":1,"name":"Home","item":"https:\/\/www.ceoforlifeawards.com\/it\/"},{"@type":"ListItem","position":2,"name":"Renault riduce le emissioni per il trasporto delle sue merci in Europa: -15% dal 2015"}]},{"@type":"Person","@id":"https:\/\/www.ceoforlifeawards.com\/it\/#\/schema\/person\/9c2802d81c81cfba5c28677408d38d09","name":"d.digiuseppe@hrcigroup.com","image":{"@type":"ImageObject","inLanguage":"it-IT","@id":"https:\/\/www.ceoforlifeawards.com\/it\/#\/schema\/person\/image\/","url":"https:\/\/secure.gravatar.com\/avatar\/b464a83ee224f75bb37df0992d8d2b48?s=96&d=mm&r=g","contentUrl":"https:\/\/secure.gravatar.com\/avatar\/b464a83ee224f75bb37df0992d8d2b48?s=96&d=mm&r=g","caption":"d.digiuseppe@hrcigroup.com"},"url":"https:\/\/www.ceoforlifeawards.com\/it\/blog\/author\/d-digiuseppehrcigroup-com\/"}]}},"_links":{"self":[{"href":"https:\/\/www.ceoforlifeawards.com\/it\/wp-json\/wp\/v2\/posts\/16845"}],"collection":[{"href":"https:\/\/www.ceoforlifeawards.com\/it\/wp-json\/wp\/v2\/posts"}],"about":[{"href":"https:\/\/www.ceoforlifeawards.com\/it\/wp-json\/wp\/v2\/types\/post"}],"author":[{"embeddable":true,"href":"https:\/\/www.ceoforlifeawards.com\/it\/wp-json\/wp\/v2\/users\/6"}],"replies":[{"embeddable":true,"href":"https:\/\/www.ceoforlifeawards.com\/it\/wp-json\/wp\/v2\/comments?post=16845"}],"version-history":[{"count":0,"href":"https:\/\/www.ceoforlifeawards.com\/it\/wp-json\/wp\/v2\/posts\/16845\/revisions"}],"wp:featuredmedia":[{"embeddable":true,"href":"https:\/\/www.ceoforlifeawards.com\/it\/wp-json\/wp\/v2\/media\/16846"}],"wp:attachment":[{"href":"https:\/\/www.ceoforlifeawards.com\/it\/wp-json\/wp\/v2\/media?parent=16845"}],"wp:term":[{"taxonomy":"category","embeddable":true,"href":"https:\/\/www.ceoforlifeawards.com\/it\/wp-json\/wp\/v2\/categories?post=16845"},{"taxonomy":"post_tag","embeddable":true,"href":"https:\/\/www.ceoforlifeawards.com\/it\/wp-json\/wp\/v2\/tags?post=16845"}],"curies":[{"name":"wp","href":"https:\/\/api.w.org\/{rel}","templated":true}]}}