{"id":17778,"date":"2022-10-12T15:15:03","date_gmt":"2022-10-12T13:15:03","guid":{"rendered":"https:\/\/www.ceoforlifeawards.com\/it\/?p=17778"},"modified":"2022-11-22T17:09:42","modified_gmt":"2022-11-22T16:09:42","slug":"i-sistemi-di-ricarica-abb-al-cuore-del-deposito-di-e-bus-del-trasporto-pubblico-milanese","status":"publish","type":"post","link":"https:\/\/www.ceoforlifeawards.com\/it\/blog\/i-sistemi-di-ricarica-abb-al-cuore-del-deposito-di-e-bus-del-trasporto-pubblico-milanese\/","title":{"rendered":"I sistemi di ricarica ABB al cuore del deposito di e-bus del trasporto pubblico Milanese"},"content":{"rendered":"<p class=\"oneabb-newsbank-news-ArticleTypography-paragraph\">Milano ha una roadmap per un futuro green. La citt\u00e0 di oltre tre milioni di persone prevede di cambiare tutti i suoi 1.200 autobus diesel con nuovi autobus completamente elettrici entro il 2030. A quel punto, l&#8217;intera gamma di servizi di trasporto pubblico di Milano, compresi i tram e le metropolitane, sar\u00e0 elettrica al 100%. ATM (Azienda Trasporti Milanesi), il servizio di trasporto pubblico della citt\u00e0 che gestisce 158 linee di autobus che coprono una rete di 1.550 km., stima che, una volta completamente implementata, la conversione dei suoi autobus ridurr\u00e0 i suoi consumi di gasolio di 30 milioni di litri all&#8217;anno e le emissioni di CO<sub>2<\/sub>\u00a0di 75mila tonnellate all&#8217;anno.<\/p>\n<p class=\"oneabb-newsbank-news-ArticleTypography-paragraph\">Inoltre, ATM ha definito che tutta l&#8217;energia generata per alimentare i suoi impianti elettrici deve essere garantita come proveniente da <strong>fonti rinnovabili certificate<\/strong>, quindi con un&#8217;impronta a emissioni zero. Il piano per sostituire gli autobus diesel con quelli elettrici e installare una relativa infrastruttura di ricarica, del valore complessivo di circa 1,5 miliardi di euro, \u00e8 il risultato di un impegno assunto dalla citt\u00e0 al Summit sul clima di Parigi.<\/p>\n<p class=\"oneabb-newsbank-news-ArticleTypography-paragraph\">Il Piano prevede anche la realizzazione di quattro nuovi depositi completamente\u00a0elettrici:\u00a0l&#8217;ampliamento del\u00a0deposito di San Donato funge da impianto \u201cpilota\u201d per future applicazioni.<\/p>\n<p class=\"oneabb-newsbank-news-ArticleTypography-paragraph\">Per queste ragioni, presso il proprio deposito di San Donato in Milano, ATM sta implementando diverse soluzioni di ricarica, il tutto inserito nel percorso progettuale che ATM ha sviluppato in proprio con il supporto del Politecnico di Milano. Nell\u2019ambito di tali sviluppi diversi, per una porzione degli impianti di ricarica ivi previsti, a marzo 2020 <strong>ATM ha commissionato ad ABB la realizzazione di un sistema\u00a0di\u00a0ricarica\u00a0pilota<\/strong>, con contenuti tecnologici particolari anche in relazione alla possibilit\u00e0 di far fronte ai picchi di richiesta di energia con soluzioni innovative.<\/p>\n<p class=\"oneabb-newsbank-news-ArticleTypography-paragraph\">In qualit\u00e0 di fornitore leader a livello mondiale di tecnologie per la mobilit\u00e0 elettrica, ABB ha fornito una soluzione chiavi in mano che include l&#8217;installazione di 15 stazioni di ricarica Terra 124, prodotte nello stabilimento italiano di Terranuova Bracciolini: i sistemi di ricarica sono installati nell&#8217;area di parcheggio e possono ricaricare rapidamente due veicoli contemporaneamente o caricare un solo autobus a piena capacit\u00e0. I sistemi di ricarica ABB servono gli e-bus ATM durante la notte, con attenzione ai costi. Con un&#8217;autonomia fino a 180 km in condizioni normali, ci\u00f2 consente agli e-bus di rimanere in servizio senza la necessit\u00e0 di una ricarica intermedia durante il giorno.<\/p>\n<p class=\"oneabb-newsbank-news-ArticleTypography-paragraph\">La fornitura, completata in tempi record, ha incluso la progettazione e la realizzazione dell&#8217;infrastruttura elettrica (compresi i quadri di bassa e media tensione), il collegamento del sistema di ricarica alla sottostazione ATM e l&#8217;installazione di un EcoFlex Energy Storage Module da 324 kWh (ESM ) che consentir\u00e0 di testare sperimentalmente il potenziale futuro riutilizzo dei pacchi batteria degli e-bus, dando loro una seconda vita come accumulatori stazionari, consentendo anche la possibilit\u00e0 di reimmettere energia in rete, quando conveniente.<\/p>\n<p class=\"oneabb-newsbank-news-ArticleTypography-paragraph\">Gli architetti ABB Solutions hanno sviluppato una <strong>soluzione per garantire un minor impatto in termini di opere civili, tempi di installazione e messa in servizio<\/strong>, nonch\u00e9 di spazi e cablaggi richiesti, anche in un\u2019ottica di manutenzione di piu\u2019 lungo termine. Evidenti i vantaggi nella fase di realizzazione dell&#8217;infrastruttura, durante la quale sono stati limitati i disagi alle attivit\u00e0 correnti in sito, senza fermare le attivit\u00e0 presso il deposito.<\/p>\n<p class=\"oneabb-newsbank-news-ArticleTypography-paragraph\">Il sistema di controllo EV Site Solution (EVSS), che completa l&#8217;installazione, \u00e8 progettato per ottimizzare il processo di ricarica riducendo al minimo la richiesta di energia.<\/p>\n<blockquote class=\"oneabb-newsbank-news-ArticleTypography-quote\"><p>Commentando il progetto, Frank Muehlon, Presidente della Divisione eMobility di ABB ha dichiarato: &#8220;Gli operatori impegnati nel trasporto pubblico affrontano sfide energetiche per la completa elettrificazione delle loro flotte e, al tempo stesso, sono alla ricerca di soluzioni olistiche che consentano nuove funzionalit\u00e0 per la gestione dell&#8217;energia e permettano alle batterie dei bus elettrici una seconda vita. ABB ha fornito un&#8217;infrastruttura di ricarica end-to-end completa per ATM che abilita le funzionalit\u00e0 digitali dell&#8217;Industria 4.0 grazie a piena connettivit\u00e0 e cloud computing &#8220;.<\/p><\/blockquote>\n<p class=\"oneabb-newsbank-news-ArticleTypography-paragraph\">ABB ha un&#8217;esperienza impareggiabile nello sviluppo di soluzioni per la mobilit\u00e0 sostenibile, per il trasporto pubblico e privato, flotte aziendali, veicoli commerciali e pesanti, nonch\u00e9 nel segmento marittimo. Entrata nel mercato della mobilit\u00e0 elettrica nel 2010, a oggi ha venduto oltre 400.000 sistemi di ricarica per veicoli elettrici in pi\u00f9 di 85 mercati; oltre 20.000 sistemi di ricarica rapidi in corrente continua (CC) e 380.000 in corrente alternata (CA), compresi quelli venduti tramite Chargedot.<\/p>\n","protected":false},"excerpt":{"rendered":"<p>Milano ha una roadmap per un futuro green. La citt\u00e0 di oltre tre milioni di persone prevede di cambiare tutti i suoi 1.200 autobus diesel con nuovi autobus completamente elettrici entro il 2030. A quel punto, l&#8217;intera gamma di servizi di trasporto pubblico di Milano, compresi i tram e le metropolitane, sar\u00e0 elettrica al 100%. [&hellip;]<\/p>\n","protected":false},"author":6,"featured_media":17805,"comment_status":"open","ping_status":"open","sticky":false,"template":"","format":"standard","meta":[],"categories":[93,191,210,96,95],"tags":[108],"yoast_head":"<!-- This site is optimized with the Yoast SEO plugin v18.7 - https:\/\/yoast.com\/wordpress\/plugins\/seo\/ -->\n<title>I sistemi di ricarica ABB al cuore del deposito di e-bus del trasporto pubblico Milanese - CEOforLIFE - IT<\/title>\n<meta name=\"robots\" content=\"index, follow, max-snippet:-1, max-image-preview:large, max-video-preview:-1\" \/>\n<link rel=\"canonical\" href=\"https:\/\/www.ceoforlifeawards.com\/it\/blog\/i-sistemi-di-ricarica-abb-al-cuore-del-deposito-di-e-bus-del-trasporto-pubblico-milanese\/\" \/>\n<meta property=\"og:locale\" content=\"it_IT\" \/>\n<meta property=\"og:type\" content=\"article\" \/>\n<meta property=\"og:title\" content=\"I sistemi di ricarica ABB al cuore del deposito di e-bus del trasporto pubblico Milanese - CEOforLIFE - IT\" \/>\n<meta property=\"og:description\" content=\"Milano ha una roadmap per un futuro green. La citt\u00e0 di oltre tre milioni di persone prevede di cambiare tutti i suoi 1.200 autobus diesel con nuovi autobus completamente elettrici entro il 2030. A quel punto, l&#8217;intera gamma di servizi di trasporto pubblico di Milano, compresi i tram e le metropolitane, sar\u00e0 elettrica al 100%. [&hellip;]\" \/>\n<meta property=\"og:url\" content=\"https:\/\/www.ceoforlifeawards.com\/it\/blog\/i-sistemi-di-ricarica-abb-al-cuore-del-deposito-di-e-bus-del-trasporto-pubblico-milanese\/\" \/>\n<meta property=\"og:site_name\" content=\"CEOforLIFE - IT\" \/>\n<meta property=\"article:published_time\" content=\"2022-10-12T13:15:03+00:00\" \/>\n<meta property=\"article:modified_time\" content=\"2022-11-22T16:09:42+00:00\" \/>\n<meta property=\"og:image\" content=\"https:\/\/www.ceoforlifeawards.com\/it\/wp-content\/uploads\/sites\/3\/2022\/10\/ABB.jpeg\" \/>\n\t<meta property=\"og:image:width\" content=\"2560\" \/>\n\t<meta property=\"og:image:height\" content=\"1706\" \/>\n\t<meta property=\"og:image:type\" content=\"image\/jpeg\" \/>\n<meta name=\"twitter:card\" content=\"summary_large_image\" \/>\n<meta name=\"twitter:label1\" content=\"Scritto da\" \/>\n\t<meta name=\"twitter:data1\" content=\"d.digiuseppe@hrcigroup.com\" \/>\n\t<meta name=\"twitter:label2\" content=\"Tempo di lettura stimato\" \/>\n\t<meta name=\"twitter:data2\" content=\"4 minuti\" \/>\n<script type=\"application\/ld+json\" class=\"yoast-schema-graph\">{\"@context\":\"https:\/\/schema.org\",\"@graph\":[{\"@type\":\"WebSite\",\"@id\":\"https:\/\/www.ceoforlifeawards.com\/it\/#website\",\"url\":\"https:\/\/www.ceoforlifeawards.com\/it\/\",\"name\":\"CEOforLIFE - IT\",\"description\":\"\",\"potentialAction\":[{\"@type\":\"SearchAction\",\"target\":{\"@type\":\"EntryPoint\",\"urlTemplate\":\"https:\/\/www.ceoforlifeawards.com\/it\/?s={search_term_string}\"},\"query-input\":\"required name=search_term_string\"}],\"inLanguage\":\"it-IT\"},{\"@type\":\"ImageObject\",\"inLanguage\":\"it-IT\",\"@id\":\"https:\/\/www.ceoforlifeawards.com\/it\/blog\/i-sistemi-di-ricarica-abb-al-cuore-del-deposito-di-e-bus-del-trasporto-pubblico-milanese\/#primaryimage\",\"url\":\"https:\/\/www.ceoforlifeawards.com\/it\/wp-content\/uploads\/sites\/3\/2022\/10\/ABB.jpeg\",\"contentUrl\":\"https:\/\/www.ceoforlifeawards.com\/it\/wp-content\/uploads\/sites\/3\/2022\/10\/ABB.jpeg\",\"width\":2560,\"height\":1706},{\"@type\":\"WebPage\",\"@id\":\"https:\/\/www.ceoforlifeawards.com\/it\/blog\/i-sistemi-di-ricarica-abb-al-cuore-del-deposito-di-e-bus-del-trasporto-pubblico-milanese\/#webpage\",\"url\":\"https:\/\/www.ceoforlifeawards.com\/it\/blog\/i-sistemi-di-ricarica-abb-al-cuore-del-deposito-di-e-bus-del-trasporto-pubblico-milanese\/\",\"name\":\"I sistemi di ricarica ABB al cuore del deposito di e-bus del trasporto pubblico Milanese - CEOforLIFE - IT\",\"isPartOf\":{\"@id\":\"https:\/\/www.ceoforlifeawards.com\/it\/#website\"},\"primaryImageOfPage\":{\"@id\":\"https:\/\/www.ceoforlifeawards.com\/it\/blog\/i-sistemi-di-ricarica-abb-al-cuore-del-deposito-di-e-bus-del-trasporto-pubblico-milanese\/#primaryimage\"},\"datePublished\":\"2022-10-12T13:15:03+00:00\",\"dateModified\":\"2022-11-22T16:09:42+00:00\",\"author\":{\"@id\":\"https:\/\/www.ceoforlifeawards.com\/it\/#\/schema\/person\/9c2802d81c81cfba5c28677408d38d09\"},\"breadcrumb\":{\"@id\":\"https:\/\/www.ceoforlifeawards.com\/it\/blog\/i-sistemi-di-ricarica-abb-al-cuore-del-deposito-di-e-bus-del-trasporto-pubblico-milanese\/#breadcrumb\"},\"inLanguage\":\"it-IT\",\"potentialAction\":[{\"@type\":\"ReadAction\",\"target\":[\"https:\/\/www.ceoforlifeawards.com\/it\/blog\/i-sistemi-di-ricarica-abb-al-cuore-del-deposito-di-e-bus-del-trasporto-pubblico-milanese\/\"]}]},{\"@type\":\"BreadcrumbList\",\"@id\":\"https:\/\/www.ceoforlifeawards.com\/it\/blog\/i-sistemi-di-ricarica-abb-al-cuore-del-deposito-di-e-bus-del-trasporto-pubblico-milanese\/#breadcrumb\",\"itemListElement\":[{\"@type\":\"ListItem\",\"position\":1,\"name\":\"Home\",\"item\":\"https:\/\/www.ceoforlifeawards.com\/it\/\"},{\"@type\":\"ListItem\",\"position\":2,\"name\":\"I sistemi di ricarica ABB al cuore del deposito di e-bus del trasporto pubblico Milanese\"}]},{\"@type\":\"Person\",\"@id\":\"https:\/\/www.ceoforlifeawards.com\/it\/#\/schema\/person\/9c2802d81c81cfba5c28677408d38d09\",\"name\":\"d.digiuseppe@hrcigroup.com\",\"image\":{\"@type\":\"ImageObject\",\"inLanguage\":\"it-IT\",\"@id\":\"https:\/\/www.ceoforlifeawards.com\/it\/#\/schema\/person\/image\/\",\"url\":\"https:\/\/secure.gravatar.com\/avatar\/b464a83ee224f75bb37df0992d8d2b48?s=96&d=mm&r=g\",\"contentUrl\":\"https:\/\/secure.gravatar.com\/avatar\/b464a83ee224f75bb37df0992d8d2b48?s=96&d=mm&r=g\",\"caption\":\"d.digiuseppe@hrcigroup.com\"},\"url\":\"https:\/\/www.ceoforlifeawards.com\/it\/blog\/author\/d-digiuseppehrcigroup-com\/\"}]}<\/script>\n<!-- \/ Yoast SEO plugin. -->","yoast_head_json":{"title":"I sistemi di ricarica ABB al cuore del deposito di e-bus del trasporto pubblico Milanese - CEOforLIFE - IT","robots":{"index":"index","follow":"follow","max-snippet":"max-snippet:-1","max-image-preview":"max-image-preview:large","max-video-preview":"max-video-preview:-1"},"canonical":"https:\/\/www.ceoforlifeawards.com\/it\/blog\/i-sistemi-di-ricarica-abb-al-cuore-del-deposito-di-e-bus-del-trasporto-pubblico-milanese\/","og_locale":"it_IT","og_type":"article","og_title":"I sistemi di ricarica ABB al cuore del deposito di e-bus del trasporto pubblico Milanese - CEOforLIFE - IT","og_description":"Milano ha una roadmap per un futuro green. La citt\u00e0 di oltre tre milioni di persone prevede di cambiare tutti i suoi 1.200 autobus diesel con nuovi autobus completamente elettrici entro il 2030. A quel punto, l&#8217;intera gamma di servizi di trasporto pubblico di Milano, compresi i tram e le metropolitane, sar\u00e0 elettrica al 100%. [&hellip;]","og_url":"https:\/\/www.ceoforlifeawards.com\/it\/blog\/i-sistemi-di-ricarica-abb-al-cuore-del-deposito-di-e-bus-del-trasporto-pubblico-milanese\/","og_site_name":"CEOforLIFE - IT","article_published_time":"2022-10-12T13:15:03+00:00","article_modified_time":"2022-11-22T16:09:42+00:00","og_image":[{"width":2560,"height":1706,"url":"https:\/\/www.ceoforlifeawards.com\/it\/wp-content\/uploads\/sites\/3\/2022\/10\/ABB.jpeg","type":"image\/jpeg"}],"twitter_card":"summary_large_image","twitter_misc":{"Scritto da":"d.digiuseppe@hrcigroup.com","Tempo di lettura stimato":"4 minuti"},"schema":{"@context":"https:\/\/schema.org","@graph":[{"@type":"WebSite","@id":"https:\/\/www.ceoforlifeawards.com\/it\/#website","url":"https:\/\/www.ceoforlifeawards.com\/it\/","name":"CEOforLIFE - IT","description":"","potentialAction":[{"@type":"SearchAction","target":{"@type":"EntryPoint","urlTemplate":"https:\/\/www.ceoforlifeawards.com\/it\/?s={search_term_string}"},"query-input":"required name=search_term_string"}],"inLanguage":"it-IT"},{"@type":"ImageObject","inLanguage":"it-IT","@id":"https:\/\/www.ceoforlifeawards.com\/it\/blog\/i-sistemi-di-ricarica-abb-al-cuore-del-deposito-di-e-bus-del-trasporto-pubblico-milanese\/#primaryimage","url":"https:\/\/www.ceoforlifeawards.com\/it\/wp-content\/uploads\/sites\/3\/2022\/10\/ABB.jpeg","contentUrl":"https:\/\/www.ceoforlifeawards.com\/it\/wp-content\/uploads\/sites\/3\/2022\/10\/ABB.jpeg","width":2560,"height":1706},{"@type":"WebPage","@id":"https:\/\/www.ceoforlifeawards.com\/it\/blog\/i-sistemi-di-ricarica-abb-al-cuore-del-deposito-di-e-bus-del-trasporto-pubblico-milanese\/#webpage","url":"https:\/\/www.ceoforlifeawards.com\/it\/blog\/i-sistemi-di-ricarica-abb-al-cuore-del-deposito-di-e-bus-del-trasporto-pubblico-milanese\/","name":"I sistemi di ricarica ABB al cuore del deposito di e-bus del trasporto pubblico Milanese - CEOforLIFE - IT","isPartOf":{"@id":"https:\/\/www.ceoforlifeawards.com\/it\/#website"},"primaryImageOfPage":{"@id":"https:\/\/www.ceoforlifeawards.com\/it\/blog\/i-sistemi-di-ricarica-abb-al-cuore-del-deposito-di-e-bus-del-trasporto-pubblico-milanese\/#primaryimage"},"datePublished":"2022-10-12T13:15:03+00:00","dateModified":"2022-11-22T16:09:42+00:00","author":{"@id":"https:\/\/www.ceoforlifeawards.com\/it\/#\/schema\/person\/9c2802d81c81cfba5c28677408d38d09"},"breadcrumb":{"@id":"https:\/\/www.ceoforlifeawards.com\/it\/blog\/i-sistemi-di-ricarica-abb-al-cuore-del-deposito-di-e-bus-del-trasporto-pubblico-milanese\/#breadcrumb"},"inLanguage":"it-IT","potentialAction":[{"@type":"ReadAction","target":["https:\/\/www.ceoforlifeawards.com\/it\/blog\/i-sistemi-di-ricarica-abb-al-cuore-del-deposito-di-e-bus-del-trasporto-pubblico-milanese\/"]}]},{"@type":"BreadcrumbList","@id":"https:\/\/www.ceoforlifeawards.com\/it\/blog\/i-sistemi-di-ricarica-abb-al-cuore-del-deposito-di-e-bus-del-trasporto-pubblico-milanese\/#breadcrumb","itemListElement":[{"@type":"ListItem","position":1,"name":"Home","item":"https:\/\/www.ceoforlifeawards.com\/it\/"},{"@type":"ListItem","position":2,"name":"I sistemi di ricarica ABB al cuore del deposito di e-bus del trasporto pubblico Milanese"}]},{"@type":"Person","@id":"https:\/\/www.ceoforlifeawards.com\/it\/#\/schema\/person\/9c2802d81c81cfba5c28677408d38d09","name":"d.digiuseppe@hrcigroup.com","image":{"@type":"ImageObject","inLanguage":"it-IT","@id":"https:\/\/www.ceoforlifeawards.com\/it\/#\/schema\/person\/image\/","url":"https:\/\/secure.gravatar.com\/avatar\/b464a83ee224f75bb37df0992d8d2b48?s=96&d=mm&r=g","contentUrl":"https:\/\/secure.gravatar.com\/avatar\/b464a83ee224f75bb37df0992d8d2b48?s=96&d=mm&r=g","caption":"d.digiuseppe@hrcigroup.com"},"url":"https:\/\/www.ceoforlifeawards.com\/it\/blog\/author\/d-digiuseppehrcigroup-com\/"}]}},"_links":{"self":[{"href":"https:\/\/www.ceoforlifeawards.com\/it\/wp-json\/wp\/v2\/posts\/17778"}],"collection":[{"href":"https:\/\/www.ceoforlifeawards.com\/it\/wp-json\/wp\/v2\/posts"}],"about":[{"href":"https:\/\/www.ceoforlifeawards.com\/it\/wp-json\/wp\/v2\/types\/post"}],"author":[{"embeddable":true,"href":"https:\/\/www.ceoforlifeawards.com\/it\/wp-json\/wp\/v2\/users\/6"}],"replies":[{"embeddable":true,"href":"https:\/\/www.ceoforlifeawards.com\/it\/wp-json\/wp\/v2\/comments?post=17778"}],"version-history":[{"count":0,"href":"https:\/\/www.ceoforlifeawards.com\/it\/wp-json\/wp\/v2\/posts\/17778\/revisions"}],"wp:featuredmedia":[{"embeddable":true,"href":"https:\/\/www.ceoforlifeawards.com\/it\/wp-json\/wp\/v2\/media\/17805"}],"wp:attachment":[{"href":"https:\/\/www.ceoforlifeawards.com\/it\/wp-json\/wp\/v2\/media?parent=17778"}],"wp:term":[{"taxonomy":"category","embeddable":true,"href":"https:\/\/www.ceoforlifeawards.com\/it\/wp-json\/wp\/v2\/categories?post=17778"},{"taxonomy":"post_tag","embeddable":true,"href":"https:\/\/www.ceoforlifeawards.com\/it\/wp-json\/wp\/v2\/tags?post=17778"}],"curies":[{"name":"wp","href":"https:\/\/api.w.org\/{rel}","templated":true}]}}