{"id":17943,"date":"2022-10-18T17:37:45","date_gmt":"2022-10-18T15:37:45","guid":{"rendered":"https:\/\/www.ceoforlifeawards.com\/it\/?p=17943"},"modified":"2022-11-16T15:33:26","modified_gmt":"2022-11-16T14:33:26","slug":"inwit-a-il-verde-e-il-blu-festival-buone-idee-per-il-futuro-del-pianeta","status":"publish","type":"post","link":"https:\/\/www.ceoforlifeawards.com\/it\/blog\/inwit-a-il-verde-e-il-blu-festival-buone-idee-per-il-futuro-del-pianeta\/","title":{"rendered":"INWIT a \u201cIl Verde e il Blu Festival &#8211; Buone idee per il futuro del pianeta\u201d"},"content":{"rendered":"<p><em>\u201c<\/em><em>Digitalizzazione e sostenibilit\u00e0 sono due concetti che agiscono in maniera sinergica<\/em><em> per garantire uguaglianza e pari opportunit\u00e0\u201d,<\/em> \u00e8 con queste parole di <strong>Michelangelo Suigo<\/strong>, Direttore relazioni esterne, comunicazione e sostenibilit\u00e0 di <strong>INWIT<\/strong> che si pu\u00f2 riassumere l\u2019idea dell\u2019azienda espressa a margine dell\u2019evento <strong>\u201cIl verde e il blu festival \u2013 buone idee per il futuro del pianeta\u201d<\/strong>.<\/p>\n<p>L\u2019evento, che si \u00e8 tenuto a Milano presso il Palazzo Reale dal <strong>23<\/strong> al <strong>25 settembre<\/strong>, ha visto la partecipazione di <strong>INWIT<\/strong> all\u2019interno del panel dal titolo: <strong>\u201cConnessioni: il digitale per la sostenibilit\u00e0\u201d <\/strong>e di tante figure del mondo istituzionale, aziendale e giornalistico.<\/p>\n<p><strong>Michelangelo Suigo<\/strong> ha voluto sottolineare inoltre l\u2019importanza di mettere la tecnologia al servizio della sostenibilit\u00e0 inclusiva, in quanto: \u201c<em>Ritardare la digitalizzazione significherebbe aggravare i divari esistenti. Le nuove tecnologie creeranno nuovi servizi e apriranno a nuove opportunit\u00e0 per investimenti crescenti, tutte opportunit\u00e0 che <strong>INWIT<\/strong> crea attraverso la realizzazione di infrastrutture digitali all\u2019avanguardia, a supporto degli operatori di telecomunicazione<\/em>\u201d.<\/p>\n","protected":false},"excerpt":{"rendered":"<p>\u201cDigitalizzazione e sostenibilit\u00e0 sono due concetti che agiscono in maniera sinergica per garantire uguaglianza e pari opportunit\u00e0\u201d, \u00e8 con queste parole di Michelangelo Suigo, Direttore relazioni esterne, comunicazione e sostenibilit\u00e0 di INWIT che si pu\u00f2 riassumere l\u2019idea dell\u2019azienda espressa a margine dell\u2019evento \u201cIl verde e il blu festival \u2013 buone idee per il futuro del [&hellip;]<\/p>\n","protected":false},"author":7,"featured_media":17947,"comment_status":"open","ping_status":"open","sticky":false,"template":"","format":"standard","meta":[],"categories":[93,151,213,96,95],"tags":[108],"yoast_head":"<!-- This site is optimized with the Yoast SEO plugin v18.7 - https:\/\/yoast.com\/wordpress\/plugins\/seo\/ -->\n<title>INWIT a \u201cIl Verde e il Blu Festival - Buone idee per il futuro del pianeta\u201d - CEOforLIFE - IT<\/title>\n<meta name=\"robots\" content=\"index, follow, max-snippet:-1, max-image-preview:large, max-video-preview:-1\" \/>\n<link rel=\"canonical\" href=\"https:\/\/www.ceoforlifeawards.com\/it\/blog\/inwit-a-il-verde-e-il-blu-festival-buone-idee-per-il-futuro-del-pianeta\/\" \/>\n<meta property=\"og:locale\" content=\"it_IT\" \/>\n<meta property=\"og:type\" content=\"article\" \/>\n<meta property=\"og:title\" content=\"INWIT a \u201cIl Verde e il Blu Festival - Buone idee per il futuro del pianeta\u201d - CEOforLIFE - IT\" \/>\n<meta property=\"og:description\" content=\"\u201cDigitalizzazione e sostenibilit\u00e0 sono due concetti che agiscono in maniera sinergica per garantire uguaglianza e pari opportunit\u00e0\u201d, \u00e8 con queste parole di Michelangelo Suigo, Direttore relazioni esterne, comunicazione e sostenibilit\u00e0 di INWIT che si pu\u00f2 riassumere l\u2019idea dell\u2019azienda espressa a margine dell\u2019evento \u201cIl verde e il blu festival \u2013 buone idee per il futuro del [&hellip;]\" \/>\n<meta property=\"og:url\" content=\"https:\/\/www.ceoforlifeawards.com\/it\/blog\/inwit-a-il-verde-e-il-blu-festival-buone-idee-per-il-futuro-del-pianeta\/\" \/>\n<meta property=\"og:site_name\" content=\"CEOforLIFE - IT\" \/>\n<meta property=\"article:published_time\" content=\"2022-10-18T15:37:45+00:00\" \/>\n<meta property=\"article:modified_time\" content=\"2022-11-16T14:33:26+00:00\" \/>\n<meta property=\"og:image\" content=\"https:\/\/www.ceoforlifeawards.com\/it\/wp-content\/uploads\/sites\/3\/2022\/10\/il-verde-e-il-blu-festival.png\" \/>\n\t<meta property=\"og:image:width\" content=\"800\" \/>\n\t<meta property=\"og:image:height\" content=\"533\" \/>\n\t<meta property=\"og:image:type\" content=\"image\/png\" \/>\n<meta name=\"twitter:card\" content=\"summary_large_image\" \/>\n<meta name=\"twitter:label1\" content=\"Scritto da\" \/>\n\t<meta name=\"twitter:data1\" content=\"e.guerrero@hrcigroup.com\" \/>\n\t<meta name=\"twitter:label2\" content=\"Tempo di lettura stimato\" \/>\n\t<meta name=\"twitter:data2\" content=\"1 minuto\" \/>\n<script type=\"application\/ld+json\" class=\"yoast-schema-graph\">{\"@context\":\"https:\/\/schema.org\",\"@graph\":[{\"@type\":\"WebSite\",\"@id\":\"https:\/\/www.ceoforlifeawards.com\/it\/#website\",\"url\":\"https:\/\/www.ceoforlifeawards.com\/it\/\",\"name\":\"CEOforLIFE - IT\",\"description\":\"\",\"potentialAction\":[{\"@type\":\"SearchAction\",\"target\":{\"@type\":\"EntryPoint\",\"urlTemplate\":\"https:\/\/www.ceoforlifeawards.com\/it\/?s={search_term_string}\"},\"query-input\":\"required name=search_term_string\"}],\"inLanguage\":\"it-IT\"},{\"@type\":\"ImageObject\",\"inLanguage\":\"it-IT\",\"@id\":\"https:\/\/www.ceoforlifeawards.com\/it\/blog\/inwit-a-il-verde-e-il-blu-festival-buone-idee-per-il-futuro-del-pianeta\/#primaryimage\",\"url\":\"https:\/\/www.ceoforlifeawards.com\/it\/wp-content\/uploads\/sites\/3\/2022\/10\/il-verde-e-il-blu-festival.png\",\"contentUrl\":\"https:\/\/www.ceoforlifeawards.com\/it\/wp-content\/uploads\/sites\/3\/2022\/10\/il-verde-e-il-blu-festival.png\",\"width\":800,\"height\":533},{\"@type\":\"WebPage\",\"@id\":\"https:\/\/www.ceoforlifeawards.com\/it\/blog\/inwit-a-il-verde-e-il-blu-festival-buone-idee-per-il-futuro-del-pianeta\/#webpage\",\"url\":\"https:\/\/www.ceoforlifeawards.com\/it\/blog\/inwit-a-il-verde-e-il-blu-festival-buone-idee-per-il-futuro-del-pianeta\/\",\"name\":\"INWIT a \u201cIl Verde e il Blu Festival - Buone idee per il futuro del pianeta\u201d - CEOforLIFE - IT\",\"isPartOf\":{\"@id\":\"https:\/\/www.ceoforlifeawards.com\/it\/#website\"},\"primaryImageOfPage\":{\"@id\":\"https:\/\/www.ceoforlifeawards.com\/it\/blog\/inwit-a-il-verde-e-il-blu-festival-buone-idee-per-il-futuro-del-pianeta\/#primaryimage\"},\"datePublished\":\"2022-10-18T15:37:45+00:00\",\"dateModified\":\"2022-11-16T14:33:26+00:00\",\"author\":{\"@id\":\"https:\/\/www.ceoforlifeawards.com\/it\/#\/schema\/person\/6b7281294453e8a6d715a879c81216d1\"},\"breadcrumb\":{\"@id\":\"https:\/\/www.ceoforlifeawards.com\/it\/blog\/inwit-a-il-verde-e-il-blu-festival-buone-idee-per-il-futuro-del-pianeta\/#breadcrumb\"},\"inLanguage\":\"it-IT\",\"potentialAction\":[{\"@type\":\"ReadAction\",\"target\":[\"https:\/\/www.ceoforlifeawards.com\/it\/blog\/inwit-a-il-verde-e-il-blu-festival-buone-idee-per-il-futuro-del-pianeta\/\"]}]},{\"@type\":\"BreadcrumbList\",\"@id\":\"https:\/\/www.ceoforlifeawards.com\/it\/blog\/inwit-a-il-verde-e-il-blu-festival-buone-idee-per-il-futuro-del-pianeta\/#breadcrumb\",\"itemListElement\":[{\"@type\":\"ListItem\",\"position\":1,\"name\":\"Home\",\"item\":\"https:\/\/www.ceoforlifeawards.com\/it\/\"},{\"@type\":\"ListItem\",\"position\":2,\"name\":\"INWIT a \u201cIl Verde e il Blu Festival &#8211; Buone idee per il futuro del pianeta\u201d\"}]},{\"@type\":\"Person\",\"@id\":\"https:\/\/www.ceoforlifeawards.com\/it\/#\/schema\/person\/6b7281294453e8a6d715a879c81216d1\",\"name\":\"e.guerrero@hrcigroup.com\",\"image\":{\"@type\":\"ImageObject\",\"inLanguage\":\"it-IT\",\"@id\":\"https:\/\/www.ceoforlifeawards.com\/it\/#\/schema\/person\/image\/\",\"url\":\"https:\/\/secure.gravatar.com\/avatar\/667cc5f05dfa4e58d0baf41f3e4af7fd?s=96&d=mm&r=g\",\"contentUrl\":\"https:\/\/secure.gravatar.com\/avatar\/667cc5f05dfa4e58d0baf41f3e4af7fd?s=96&d=mm&r=g\",\"caption\":\"e.guerrero@hrcigroup.com\"},\"url\":\"https:\/\/www.ceoforlifeawards.com\/it\/blog\/author\/e-guerrerohrcigroup-com\/\"}]}<\/script>\n<!-- \/ Yoast SEO plugin. -->","yoast_head_json":{"title":"INWIT a \u201cIl Verde e il Blu Festival - Buone idee per il futuro del pianeta\u201d - CEOforLIFE - IT","robots":{"index":"index","follow":"follow","max-snippet":"max-snippet:-1","max-image-preview":"max-image-preview:large","max-video-preview":"max-video-preview:-1"},"canonical":"https:\/\/www.ceoforlifeawards.com\/it\/blog\/inwit-a-il-verde-e-il-blu-festival-buone-idee-per-il-futuro-del-pianeta\/","og_locale":"it_IT","og_type":"article","og_title":"INWIT a \u201cIl Verde e il Blu Festival - Buone idee per il futuro del pianeta\u201d - CEOforLIFE - IT","og_description":"\u201cDigitalizzazione e sostenibilit\u00e0 sono due concetti che agiscono in maniera sinergica per garantire uguaglianza e pari opportunit\u00e0\u201d, \u00e8 con queste parole di Michelangelo Suigo, Direttore relazioni esterne, comunicazione e sostenibilit\u00e0 di INWIT che si pu\u00f2 riassumere l\u2019idea dell\u2019azienda espressa a margine dell\u2019evento \u201cIl verde e il blu festival \u2013 buone idee per il futuro del [&hellip;]","og_url":"https:\/\/www.ceoforlifeawards.com\/it\/blog\/inwit-a-il-verde-e-il-blu-festival-buone-idee-per-il-futuro-del-pianeta\/","og_site_name":"CEOforLIFE - IT","article_published_time":"2022-10-18T15:37:45+00:00","article_modified_time":"2022-11-16T14:33:26+00:00","og_image":[{"width":800,"height":533,"url":"https:\/\/www.ceoforlifeawards.com\/it\/wp-content\/uploads\/sites\/3\/2022\/10\/il-verde-e-il-blu-festival.png","type":"image\/png"}],"twitter_card":"summary_large_image","twitter_misc":{"Scritto da":"e.guerrero@hrcigroup.com","Tempo di lettura stimato":"1 minuto"},"schema":{"@context":"https:\/\/schema.org","@graph":[{"@type":"WebSite","@id":"https:\/\/www.ceoforlifeawards.com\/it\/#website","url":"https:\/\/www.ceoforlifeawards.com\/it\/","name":"CEOforLIFE - IT","description":"","potentialAction":[{"@type":"SearchAction","target":{"@type":"EntryPoint","urlTemplate":"https:\/\/www.ceoforlifeawards.com\/it\/?s={search_term_string}"},"query-input":"required name=search_term_string"}],"inLanguage":"it-IT"},{"@type":"ImageObject","inLanguage":"it-IT","@id":"https:\/\/www.ceoforlifeawards.com\/it\/blog\/inwit-a-il-verde-e-il-blu-festival-buone-idee-per-il-futuro-del-pianeta\/#primaryimage","url":"https:\/\/www.ceoforlifeawards.com\/it\/wp-content\/uploads\/sites\/3\/2022\/10\/il-verde-e-il-blu-festival.png","contentUrl":"https:\/\/www.ceoforlifeawards.com\/it\/wp-content\/uploads\/sites\/3\/2022\/10\/il-verde-e-il-blu-festival.png","width":800,"height":533},{"@type":"WebPage","@id":"https:\/\/www.ceoforlifeawards.com\/it\/blog\/inwit-a-il-verde-e-il-blu-festival-buone-idee-per-il-futuro-del-pianeta\/#webpage","url":"https:\/\/www.ceoforlifeawards.com\/it\/blog\/inwit-a-il-verde-e-il-blu-festival-buone-idee-per-il-futuro-del-pianeta\/","name":"INWIT a \u201cIl Verde e il Blu Festival - Buone idee per il futuro del pianeta\u201d - CEOforLIFE - IT","isPartOf":{"@id":"https:\/\/www.ceoforlifeawards.com\/it\/#website"},"primaryImageOfPage":{"@id":"https:\/\/www.ceoforlifeawards.com\/it\/blog\/inwit-a-il-verde-e-il-blu-festival-buone-idee-per-il-futuro-del-pianeta\/#primaryimage"},"datePublished":"2022-10-18T15:37:45+00:00","dateModified":"2022-11-16T14:33:26+00:00","author":{"@id":"https:\/\/www.ceoforlifeawards.com\/it\/#\/schema\/person\/6b7281294453e8a6d715a879c81216d1"},"breadcrumb":{"@id":"https:\/\/www.ceoforlifeawards.com\/it\/blog\/inwit-a-il-verde-e-il-blu-festival-buone-idee-per-il-futuro-del-pianeta\/#breadcrumb"},"inLanguage":"it-IT","potentialAction":[{"@type":"ReadAction","target":["https:\/\/www.ceoforlifeawards.com\/it\/blog\/inwit-a-il-verde-e-il-blu-festival-buone-idee-per-il-futuro-del-pianeta\/"]}]},{"@type":"BreadcrumbList","@id":"https:\/\/www.ceoforlifeawards.com\/it\/blog\/inwit-a-il-verde-e-il-blu-festival-buone-idee-per-il-futuro-del-pianeta\/#breadcrumb","itemListElement":[{"@type":"ListItem","position":1,"name":"Home","item":"https:\/\/www.ceoforlifeawards.com\/it\/"},{"@type":"ListItem","position":2,"name":"INWIT a \u201cIl Verde e il Blu Festival &#8211; Buone idee per il futuro del pianeta\u201d"}]},{"@type":"Person","@id":"https:\/\/www.ceoforlifeawards.com\/it\/#\/schema\/person\/6b7281294453e8a6d715a879c81216d1","name":"e.guerrero@hrcigroup.com","image":{"@type":"ImageObject","inLanguage":"it-IT","@id":"https:\/\/www.ceoforlifeawards.com\/it\/#\/schema\/person\/image\/","url":"https:\/\/secure.gravatar.com\/avatar\/667cc5f05dfa4e58d0baf41f3e4af7fd?s=96&d=mm&r=g","contentUrl":"https:\/\/secure.gravatar.com\/avatar\/667cc5f05dfa4e58d0baf41f3e4af7fd?s=96&d=mm&r=g","caption":"e.guerrero@hrcigroup.com"},"url":"https:\/\/www.ceoforlifeawards.com\/it\/blog\/author\/e-guerrerohrcigroup-com\/"}]}},"_links":{"self":[{"href":"https:\/\/www.ceoforlifeawards.com\/it\/wp-json\/wp\/v2\/posts\/17943"}],"collection":[{"href":"https:\/\/www.ceoforlifeawards.com\/it\/wp-json\/wp\/v2\/posts"}],"about":[{"href":"https:\/\/www.ceoforlifeawards.com\/it\/wp-json\/wp\/v2\/types\/post"}],"author":[{"embeddable":true,"href":"https:\/\/www.ceoforlifeawards.com\/it\/wp-json\/wp\/v2\/users\/7"}],"replies":[{"embeddable":true,"href":"https:\/\/www.ceoforlifeawards.com\/it\/wp-json\/wp\/v2\/comments?post=17943"}],"version-history":[{"count":0,"href":"https:\/\/www.ceoforlifeawards.com\/it\/wp-json\/wp\/v2\/posts\/17943\/revisions"}],"wp:featuredmedia":[{"embeddable":true,"href":"https:\/\/www.ceoforlifeawards.com\/it\/wp-json\/wp\/v2\/media\/17947"}],"wp:attachment":[{"href":"https:\/\/www.ceoforlifeawards.com\/it\/wp-json\/wp\/v2\/media?parent=17943"}],"wp:term":[{"taxonomy":"category","embeddable":true,"href":"https:\/\/www.ceoforlifeawards.com\/it\/wp-json\/wp\/v2\/categories?post=17943"},{"taxonomy":"post_tag","embeddable":true,"href":"https:\/\/www.ceoforlifeawards.com\/it\/wp-json\/wp\/v2\/tags?post=17943"}],"curies":[{"name":"wp","href":"https:\/\/api.w.org\/{rel}","templated":true}]}}