{"id":19903,"date":"2022-12-14T11:36:18","date_gmt":"2022-12-14T10:36:18","guid":{"rendered":"https:\/\/www.ceoforlifeawards.com\/it\/?p=19903"},"modified":"2022-12-14T11:36:18","modified_gmt":"2022-12-14T10:36:18","slug":"la-sostenibilita-di-unabitazione-con-serra-bioclimatica","status":"publish","type":"post","link":"https:\/\/www.ceoforlifeawards.com\/it\/blog\/la-sostenibilita-di-unabitazione-con-serra-bioclimatica\/","title":{"rendered":"La sostenibilit\u00e0 di un&#8217;abitazione con serra bioclimatica"},"content":{"rendered":"<h4 style=\"text-align: center\">C\u2019\u00e8 una villa a Thiene, in provincia di Vicenza, un&#8217;abitazione unica al mondo. Dalla struttura lineare e minimalista della casa, che richiama i principi dell\u2019architettura scandinava, spunta una cupola vetrata che racchiude una serra bioclimatica tropicale che realizza il raffrescamento e riscaldamento dell\u2019abitazione in maniera naturale, rendendola un esempio di come la tecnologia pu\u00f2 supportare lo\u00a0sviluppo sostenibile in ambito architettonico.<\/h4>\n<p>&nbsp;<\/p>\n<p class=\"paragrafo-articolo\">Alla tradizionale bioarchitettonica passiva basata su materiali, orientamento e geometrie, \u00e8 stato aggiunto un impianto di termoregolazione naturale che sfrutta le condizioni atmosferiche combinate con l\u2019azione della serra bioclimatica. L\u2019Architetto che l\u2019ha progettata ha cercato una soluzione tecnologica per sfruttare la capacit\u00e0 termoregolatrice della serra <strong>trovando in ABB un partner ideale per realizzare questo impianto unico al mondo<\/strong>. La serra bioclimatica \u00e8 il cuore pulsante dell\u2019abitazione, completamente integrata grazie a scelte architettoniche che sono il frutto di studi delle soluzioni di riciclo naturale dell\u2019aria adottate nelle ville palladiane e negli edifici moreschi.<\/p>\n<p>L\u2019abitazione si sviluppa intorno a una serra bioclimatica che garantisce una termoregolazione naturale della casa. L\u2019architetto <em>Mojentale<\/em>, illustrandoci l\u2019abitazione, ha spiegato cos\u00ec la filosofia che lo ha guidato in questa progettazione: &#8220;<em>L\u2019idea alla base del progetto di questa abitazione \u00e8 stata quella di portare il verde e la natura all\u2019interno della casa, della famiglia e dell\u2019abitare stesso. La serra climatica posizionata all\u2019interno dell\u2019abitazione \u00e8 il cuore pulsante di questa casa<\/em>.&#8221;<\/p>\n<p>Grazie alla collaborazione di ABB \u00e8 stato realizzato un software che attraverso un PLC MPLUS Building basato su AC500 PM5630, gestisce tutte le logiche di automazione delle finestre, serrande e pompe sulla base un programma appositamente studiato per questa soluzione. La termoregolazione della casa viene effettuata sia sfruttando la captazione solare della cupola, attraverso il comando delle vetrate, sia regolando il flusso di acqua della cascata interna. La vasca d\u2019acqua interna alla serra ha infatti la doppia funzione sia di raccolta delle acque meteoriche filtrate dal tetto verde del-la copertura, sia di volano termico di energia termica, immagazzinando calore d\u2019inverno e raffreddando d\u2019estate. Attraverso la regolazione delle vetrate della cupola e delle tende termiche interne intorno alla serra viene regolata la temperatura e l\u2019umidit\u00e0 all\u2019interno dell\u2019abitazione sfruttando l\u2019effetto camino per realizzare una circolazione naturale dell\u2019aria.<\/p>\n<p>A proposito delle soluzioni tecnologiche adottate dice <strong>Francesco Rui, Solution Developer ABB Smart Building:<\/strong><br \/>\n\u201c<em>Per avere successo nella realizzazione di questo progetto la strategia su cui ha puntato ABB \u00e8 stata quella integrazione dei sistemi. Abbiamo integrato la tecnologia KNX, standard riconosciuto a livello globale per l\u2019automazione degli edifici, con la potenza di elaborazione del nostro PLC MPLUS Building su cui risiede tutta la logica sviluppata per il con-trollo dei sistemi che gestiscono la serra bioclimatica. Tramite i sensori KNX vengono raccolti i dati come valori di temperatura, umidit\u00e0 e anidride carbonica dal sensore qualit\u00e0 dell\u2019aria e li elabora realizzando la termoregolazione senza la necessit\u00e0 di avere n\u00e9 impianto riscaldamento n\u00e9 di\u00a0condizionamento.<\/em>\u201d<\/p>\n<p>La termoregolazione naturale della casa \u00e8 stata realizzata con soluzioni che hanno soddisfatto tutte le esigenze di comfort nel segno della <strong>Sostenibilit\u00e0.<\/strong><\/p>\n<p>Sono innumerevoli le variabili utilizzate per sfruttare la massimo l\u2019energia captata dalla cupola combinata con la circolazione naturale dell\u2019aria e l\u2019utilizzo della vasca interna come volano termico, tra queste anche la direzione e l\u2019intensit\u00e0 del vento, l&#8217;angolo solare in relazione all&#8217;altezza e i volumi dell&#8217;abitazione e i valori di irraggiamento. L\u2019impianto funziona in maniera completamente automatica ma permette all\u2019utente la modifica dei parametri di termoregolazione e anche di supervisiona-re tutto l\u2019impianto attraverso un pannello touch ABB.<\/p>\n<p>Con il sistema di building automation ABB i-bus\u00ae KNX, che utilizza lo standard aperto KNX, il pi\u00f9 diffuso al mondo per il controllo degli edifici, viene gestita l\u2019illuminazione e l\u2019azionamento delle tapparelle, dotando la casa di tutti i comfort. Completa la dotazione tecnologica l\u2019impianto videocitofonico evoluto Welcome M di ABB gestibile da remoto con smartphone. La casa \u00e8 stata studiata in ogni dettaglio, per la scelta della vegetazione sono state selezionate variet\u00e0 di piante idonee a realizzare il microclima necessario per lo scambio termico della serra, mentre per la scelta delle piante di piante per la fitodepurazione nella vasca che raccoglie le acque meteoriche pre-filtrare dal tetto verde sono stati preziosi i consigli di una biologa.<\/p>\n<p>Ovviamente anche per la parte impiantistica l\u2019Architetto ha fatto scelte innovative. Fiore all\u2019occhiello degli impianti \u00e8 il sistema ABB-tacteo\u00ae KNX con i comandi touch in vetro connesso all\u2019impianto ABB i-bus\u00ae KNX, uno stile intelligente. Realizzate in vetro capacitivo con serigrafia personalizzabile, ABB-tacteo\u00ae KNX \u00e8 nata per offrire una serie civile con design e funzionalit\u00e0 moderne unitamente alle funzionalit\u00e0 e flessibilit\u00e0 dei sistemi KNX. \u00a0 I dispositivi ABB-tacteo\u00ae KNX fondono tecnologia, design e personalizzazione in un elemento funzionale. \u00a0I comandi, in vetro capacitivo senza cornice, reagiscono senza contatto e offrono possibilit\u00e0 illimitate per la creazione di reti in-telligenti grazie al protocollo KNX.<\/p>\n<p>ABB ha collaborato con il cliente per consentirgli di trovare soluzioni innovative alle sfide per realizzare questa villa sostenibile.<\/p>\n<p>L\u2019abitazione si sviluppa intorno a una serra bioclimatica con banani, palme, piante di avocado e papaya che garantisce una termoregolazione naturale controllata da sistemi ABB, il tutto integrato architettonicamente nella casa. Da tutti i locali della zona giorno \u00e8 visibile la serra tropicale, perch\u00e9 alla base del progetto di questa abitazione c\u2019\u00e8 stata la volont\u00e0 di portare il verde e la natura all\u2019interno della casa nel modo pi\u00f9 naturale e immersivo possibile.<\/p>\n<p>Tutto quanto sperimentato in questa abitazione si \u00e8 rivelato fattibile e replicabile ed \u00e8 il prossimo passo dell\u2019architetto Mojentale che, sostenuto dalla tecnologia ABB, ha gi\u00e0 in programma di portare questa filosofia architettonica su altre tipologie unit\u00e0 abitative, nel segno di una progettazione architettonica funzionale e sostenibile.<\/p>\n","protected":false},"excerpt":{"rendered":"<p>C\u2019\u00e8 una villa a Thiene, in provincia di Vicenza, un&#8217;abitazione unica al mondo. Dalla struttura lineare e minimalista della casa, che richiama i principi dell\u2019architettura scandinava, spunta una cupola vetrata che racchiude una serra bioclimatica tropicale che realizza il raffrescamento e riscaldamento dell\u2019abitazione in maniera naturale, rendendola un esempio di come la tecnologia pu\u00f2 supportare [&hellip;]<\/p>\n","protected":false},"author":6,"featured_media":19909,"comment_status":"open","ping_status":"open","sticky":false,"template":"","format":"standard","meta":[],"categories":[93,191,213,96,95],"tags":[108],"yoast_head":"<!-- This site is optimized with the Yoast SEO plugin v18.7 - https:\/\/yoast.com\/wordpress\/plugins\/seo\/ -->\n<title>La sostenibilit\u00e0 di un&#039;abitazione con serra bioclimatica - CEOforLIFE - IT<\/title>\n<meta name=\"robots\" content=\"index, follow, max-snippet:-1, max-image-preview:large, max-video-preview:-1\" \/>\n<link rel=\"canonical\" href=\"https:\/\/www.ceoforlifeawards.com\/it\/blog\/la-sostenibilita-di-unabitazione-con-serra-bioclimatica\/\" \/>\n<meta property=\"og:locale\" content=\"it_IT\" \/>\n<meta property=\"og:type\" content=\"article\" \/>\n<meta property=\"og:title\" content=\"La sostenibilit\u00e0 di un&#039;abitazione con serra bioclimatica - CEOforLIFE - IT\" \/>\n<meta property=\"og:description\" content=\"C\u2019\u00e8 una villa a Thiene, in provincia di Vicenza, un&#8217;abitazione unica al mondo. Dalla struttura lineare e minimalista della casa, che richiama i principi dell\u2019architettura scandinava, spunta una cupola vetrata che racchiude una serra bioclimatica tropicale che realizza il raffrescamento e riscaldamento dell\u2019abitazione in maniera naturale, rendendola un esempio di come la tecnologia pu\u00f2 supportare [&hellip;]\" \/>\n<meta property=\"og:url\" content=\"https:\/\/www.ceoforlifeawards.com\/it\/blog\/la-sostenibilita-di-unabitazione-con-serra-bioclimatica\/\" \/>\n<meta property=\"og:site_name\" content=\"CEOforLIFE - IT\" \/>\n<meta property=\"article:published_time\" content=\"2022-12-14T10:36:18+00:00\" \/>\n<meta property=\"og:image\" content=\"https:\/\/www.ceoforlifeawards.com\/it\/wp-content\/uploads\/sites\/3\/2022\/12\/ABB.jpg\" \/>\n\t<meta property=\"og:image:width\" content=\"1560\" \/>\n\t<meta property=\"og:image:height\" content=\"713\" \/>\n\t<meta property=\"og:image:type\" content=\"image\/jpeg\" \/>\n<meta name=\"twitter:card\" content=\"summary_large_image\" \/>\n<meta name=\"twitter:label1\" content=\"Scritto da\" \/>\n\t<meta name=\"twitter:data1\" content=\"d.digiuseppe@hrcigroup.com\" \/>\n\t<meta name=\"twitter:label2\" content=\"Tempo di lettura stimato\" \/>\n\t<meta name=\"twitter:data2\" content=\"5 minuti\" \/>\n<script type=\"application\/ld+json\" class=\"yoast-schema-graph\">{\"@context\":\"https:\/\/schema.org\",\"@graph\":[{\"@type\":\"WebSite\",\"@id\":\"https:\/\/www.ceoforlifeawards.com\/it\/#website\",\"url\":\"https:\/\/www.ceoforlifeawards.com\/it\/\",\"name\":\"CEOforLIFE - IT\",\"description\":\"\",\"potentialAction\":[{\"@type\":\"SearchAction\",\"target\":{\"@type\":\"EntryPoint\",\"urlTemplate\":\"https:\/\/www.ceoforlifeawards.com\/it\/?s={search_term_string}\"},\"query-input\":\"required name=search_term_string\"}],\"inLanguage\":\"it-IT\"},{\"@type\":\"ImageObject\",\"inLanguage\":\"it-IT\",\"@id\":\"https:\/\/www.ceoforlifeawards.com\/it\/blog\/la-sostenibilita-di-unabitazione-con-serra-bioclimatica\/#primaryimage\",\"url\":\"https:\/\/www.ceoforlifeawards.com\/it\/wp-content\/uploads\/sites\/3\/2022\/12\/ABB.jpg\",\"contentUrl\":\"https:\/\/www.ceoforlifeawards.com\/it\/wp-content\/uploads\/sites\/3\/2022\/12\/ABB.jpg\",\"width\":1560,\"height\":713},{\"@type\":\"WebPage\",\"@id\":\"https:\/\/www.ceoforlifeawards.com\/it\/blog\/la-sostenibilita-di-unabitazione-con-serra-bioclimatica\/#webpage\",\"url\":\"https:\/\/www.ceoforlifeawards.com\/it\/blog\/la-sostenibilita-di-unabitazione-con-serra-bioclimatica\/\",\"name\":\"La sostenibilit\u00e0 di un'abitazione con serra bioclimatica - CEOforLIFE - IT\",\"isPartOf\":{\"@id\":\"https:\/\/www.ceoforlifeawards.com\/it\/#website\"},\"primaryImageOfPage\":{\"@id\":\"https:\/\/www.ceoforlifeawards.com\/it\/blog\/la-sostenibilita-di-unabitazione-con-serra-bioclimatica\/#primaryimage\"},\"datePublished\":\"2022-12-14T10:36:18+00:00\",\"dateModified\":\"2022-12-14T10:36:18+00:00\",\"author\":{\"@id\":\"https:\/\/www.ceoforlifeawards.com\/it\/#\/schema\/person\/9c2802d81c81cfba5c28677408d38d09\"},\"breadcrumb\":{\"@id\":\"https:\/\/www.ceoforlifeawards.com\/it\/blog\/la-sostenibilita-di-unabitazione-con-serra-bioclimatica\/#breadcrumb\"},\"inLanguage\":\"it-IT\",\"potentialAction\":[{\"@type\":\"ReadAction\",\"target\":[\"https:\/\/www.ceoforlifeawards.com\/it\/blog\/la-sostenibilita-di-unabitazione-con-serra-bioclimatica\/\"]}]},{\"@type\":\"BreadcrumbList\",\"@id\":\"https:\/\/www.ceoforlifeawards.com\/it\/blog\/la-sostenibilita-di-unabitazione-con-serra-bioclimatica\/#breadcrumb\",\"itemListElement\":[{\"@type\":\"ListItem\",\"position\":1,\"name\":\"Home\",\"item\":\"https:\/\/www.ceoforlifeawards.com\/it\/\"},{\"@type\":\"ListItem\",\"position\":2,\"name\":\"La sostenibilit\u00e0 di un&#8217;abitazione con serra bioclimatica\"}]},{\"@type\":\"Person\",\"@id\":\"https:\/\/www.ceoforlifeawards.com\/it\/#\/schema\/person\/9c2802d81c81cfba5c28677408d38d09\",\"name\":\"d.digiuseppe@hrcigroup.com\",\"image\":{\"@type\":\"ImageObject\",\"inLanguage\":\"it-IT\",\"@id\":\"https:\/\/www.ceoforlifeawards.com\/it\/#\/schema\/person\/image\/\",\"url\":\"https:\/\/secure.gravatar.com\/avatar\/b464a83ee224f75bb37df0992d8d2b48?s=96&d=mm&r=g\",\"contentUrl\":\"https:\/\/secure.gravatar.com\/avatar\/b464a83ee224f75bb37df0992d8d2b48?s=96&d=mm&r=g\",\"caption\":\"d.digiuseppe@hrcigroup.com\"},\"url\":\"https:\/\/www.ceoforlifeawards.com\/it\/blog\/author\/d-digiuseppehrcigroup-com\/\"}]}<\/script>\n<!-- \/ Yoast SEO plugin. -->","yoast_head_json":{"title":"La sostenibilit\u00e0 di un'abitazione con serra bioclimatica - CEOforLIFE - IT","robots":{"index":"index","follow":"follow","max-snippet":"max-snippet:-1","max-image-preview":"max-image-preview:large","max-video-preview":"max-video-preview:-1"},"canonical":"https:\/\/www.ceoforlifeawards.com\/it\/blog\/la-sostenibilita-di-unabitazione-con-serra-bioclimatica\/","og_locale":"it_IT","og_type":"article","og_title":"La sostenibilit\u00e0 di un'abitazione con serra bioclimatica - CEOforLIFE - IT","og_description":"C\u2019\u00e8 una villa a Thiene, in provincia di Vicenza, un&#8217;abitazione unica al mondo. Dalla struttura lineare e minimalista della casa, che richiama i principi dell\u2019architettura scandinava, spunta una cupola vetrata che racchiude una serra bioclimatica tropicale che realizza il raffrescamento e riscaldamento dell\u2019abitazione in maniera naturale, rendendola un esempio di come la tecnologia pu\u00f2 supportare [&hellip;]","og_url":"https:\/\/www.ceoforlifeawards.com\/it\/blog\/la-sostenibilita-di-unabitazione-con-serra-bioclimatica\/","og_site_name":"CEOforLIFE - IT","article_published_time":"2022-12-14T10:36:18+00:00","og_image":[{"width":1560,"height":713,"url":"https:\/\/www.ceoforlifeawards.com\/it\/wp-content\/uploads\/sites\/3\/2022\/12\/ABB.jpg","type":"image\/jpeg"}],"twitter_card":"summary_large_image","twitter_misc":{"Scritto da":"d.digiuseppe@hrcigroup.com","Tempo di lettura stimato":"5 minuti"},"schema":{"@context":"https:\/\/schema.org","@graph":[{"@type":"WebSite","@id":"https:\/\/www.ceoforlifeawards.com\/it\/#website","url":"https:\/\/www.ceoforlifeawards.com\/it\/","name":"CEOforLIFE - IT","description":"","potentialAction":[{"@type":"SearchAction","target":{"@type":"EntryPoint","urlTemplate":"https:\/\/www.ceoforlifeawards.com\/it\/?s={search_term_string}"},"query-input":"required name=search_term_string"}],"inLanguage":"it-IT"},{"@type":"ImageObject","inLanguage":"it-IT","@id":"https:\/\/www.ceoforlifeawards.com\/it\/blog\/la-sostenibilita-di-unabitazione-con-serra-bioclimatica\/#primaryimage","url":"https:\/\/www.ceoforlifeawards.com\/it\/wp-content\/uploads\/sites\/3\/2022\/12\/ABB.jpg","contentUrl":"https:\/\/www.ceoforlifeawards.com\/it\/wp-content\/uploads\/sites\/3\/2022\/12\/ABB.jpg","width":1560,"height":713},{"@type":"WebPage","@id":"https:\/\/www.ceoforlifeawards.com\/it\/blog\/la-sostenibilita-di-unabitazione-con-serra-bioclimatica\/#webpage","url":"https:\/\/www.ceoforlifeawards.com\/it\/blog\/la-sostenibilita-di-unabitazione-con-serra-bioclimatica\/","name":"La sostenibilit\u00e0 di un'abitazione con serra bioclimatica - CEOforLIFE - IT","isPartOf":{"@id":"https:\/\/www.ceoforlifeawards.com\/it\/#website"},"primaryImageOfPage":{"@id":"https:\/\/www.ceoforlifeawards.com\/it\/blog\/la-sostenibilita-di-unabitazione-con-serra-bioclimatica\/#primaryimage"},"datePublished":"2022-12-14T10:36:18+00:00","dateModified":"2022-12-14T10:36:18+00:00","author":{"@id":"https:\/\/www.ceoforlifeawards.com\/it\/#\/schema\/person\/9c2802d81c81cfba5c28677408d38d09"},"breadcrumb":{"@id":"https:\/\/www.ceoforlifeawards.com\/it\/blog\/la-sostenibilita-di-unabitazione-con-serra-bioclimatica\/#breadcrumb"},"inLanguage":"it-IT","potentialAction":[{"@type":"ReadAction","target":["https:\/\/www.ceoforlifeawards.com\/it\/blog\/la-sostenibilita-di-unabitazione-con-serra-bioclimatica\/"]}]},{"@type":"BreadcrumbList","@id":"https:\/\/www.ceoforlifeawards.com\/it\/blog\/la-sostenibilita-di-unabitazione-con-serra-bioclimatica\/#breadcrumb","itemListElement":[{"@type":"ListItem","position":1,"name":"Home","item":"https:\/\/www.ceoforlifeawards.com\/it\/"},{"@type":"ListItem","position":2,"name":"La sostenibilit\u00e0 di un&#8217;abitazione con serra bioclimatica"}]},{"@type":"Person","@id":"https:\/\/www.ceoforlifeawards.com\/it\/#\/schema\/person\/9c2802d81c81cfba5c28677408d38d09","name":"d.digiuseppe@hrcigroup.com","image":{"@type":"ImageObject","inLanguage":"it-IT","@id":"https:\/\/www.ceoforlifeawards.com\/it\/#\/schema\/person\/image\/","url":"https:\/\/secure.gravatar.com\/avatar\/b464a83ee224f75bb37df0992d8d2b48?s=96&d=mm&r=g","contentUrl":"https:\/\/secure.gravatar.com\/avatar\/b464a83ee224f75bb37df0992d8d2b48?s=96&d=mm&r=g","caption":"d.digiuseppe@hrcigroup.com"},"url":"https:\/\/www.ceoforlifeawards.com\/it\/blog\/author\/d-digiuseppehrcigroup-com\/"}]}},"_links":{"self":[{"href":"https:\/\/www.ceoforlifeawards.com\/it\/wp-json\/wp\/v2\/posts\/19903"}],"collection":[{"href":"https:\/\/www.ceoforlifeawards.com\/it\/wp-json\/wp\/v2\/posts"}],"about":[{"href":"https:\/\/www.ceoforlifeawards.com\/it\/wp-json\/wp\/v2\/types\/post"}],"author":[{"embeddable":true,"href":"https:\/\/www.ceoforlifeawards.com\/it\/wp-json\/wp\/v2\/users\/6"}],"replies":[{"embeddable":true,"href":"https:\/\/www.ceoforlifeawards.com\/it\/wp-json\/wp\/v2\/comments?post=19903"}],"version-history":[{"count":0,"href":"https:\/\/www.ceoforlifeawards.com\/it\/wp-json\/wp\/v2\/posts\/19903\/revisions"}],"wp:featuredmedia":[{"embeddable":true,"href":"https:\/\/www.ceoforlifeawards.com\/it\/wp-json\/wp\/v2\/media\/19909"}],"wp:attachment":[{"href":"https:\/\/www.ceoforlifeawards.com\/it\/wp-json\/wp\/v2\/media?parent=19903"}],"wp:term":[{"taxonomy":"category","embeddable":true,"href":"https:\/\/www.ceoforlifeawards.com\/it\/wp-json\/wp\/v2\/categories?post=19903"},{"taxonomy":"post_tag","embeddable":true,"href":"https:\/\/www.ceoforlifeawards.com\/it\/wp-json\/wp\/v2\/tags?post=19903"}],"curies":[{"name":"wp","href":"https:\/\/api.w.org\/{rel}","templated":true}]}}