{"id":20132,"date":"2023-01-10T10:55:31","date_gmt":"2023-01-10T09:55:31","guid":{"rendered":"https:\/\/www.ceoforlifeawards.com\/it\/?p=20132"},"modified":"2023-01-10T10:55:31","modified_gmt":"2023-01-10T09:55:31","slug":"irideos-inaugura-avalon-3-il-piu-grande-data-center-iperconnesso-di-milano","status":"publish","type":"post","link":"https:\/\/www.ceoforlifeawards.com\/it\/blog\/irideos-inaugura-avalon-3-il-piu-grande-data-center-iperconnesso-di-milano\/","title":{"rendered":"IRIDEOS inaugura Avalon 3, il pi\u00f9 grande data center iperconnesso di Milano"},"content":{"rendered":"<p>L\u201911 novembre IRIDEOS, il polo italiano ICT creato da un\u2019iniziativa di F2i e dedicato alle aziende e alla Pubblica Amministrazione, nel corso dell\u2019evento Digital-MI organizzato per la Milano Digital Week e alla presenza del Presidente di Regione Lombardia Attilio Fontana, ha inaugurato il <strong>nuovo data center Avalon 3<\/strong>, il pi\u00f9 grande <strong>data center certificato e iperconnesso<\/strong> di Milano, parte di Avalon Campus, il pi\u00f9 grande punto di interconnessione Internet del Paese.<\/p>\n<p>Nel mondo dei data center la concentrazione delle reti \u00e8 essenziale: non basta ospitare i server e quindi i dati, ma \u00e8 necessario che questi dati possano essere inviati e ricevuti nel minor tempo possibile. E questo \u00e8 possibile solo quando tante reti di telecomunicazioni, che raggiungono qualsiasi zona del Paese e del mondo, si incontrano in unico punto. Questo punto, in Italia, \u00e8 Milano, con l\u2019Avalon Campus di IRIDEOS all\u2019interno del Caldera Business Park. A questo Campus oggi si aggiunge anche Avalon 3, che ne costituisce a tutti gli effetti un\u2019estensione grazie alle migliaia di fibre ottiche che lo collegano.<\/p>\n<p>\u00ab<em>Milano \u00e8 oggi il centro della rete Internet italiana, dove transita e viene scambiata la maggior parte del traffico dati, in particolare grazie al nostro Avalon Campus. Le infrastrutture di data center e il cloud sono cruciali per lo sviluppo dell\u2019economia digitale. Insieme alla connettivit\u00e0, sono alla base di ogni strategia di trasformazione digitale e contribuiscono a garantire la resilienza delle aziende. Proprio per questo motivo abbiamo costruito Avalon 3, con il supporto degli azionisti F2i e Marguerite che ci hanno consentito di affrontare un investimento da 30 milioni di euro. Un data center moderno ed efficiente, iperconnesso alle reti Internet nazionali e internazionali, realizzato a tempo di record dal nostro team tecnico, che costituisce un volano per servizi avanzati come l\u2019intelligenza artificiale, i big data e il cloud di prossimit\u00e0, tutti accomunati dalla necessit\u00e0 di efficienti scambi di dati tra reti diverse<\/em>\u00bb ha spiegato <strong>Danilo Vivarelli, CEO di IRIDEOS<\/strong>.<\/p>\n<p>Avalon 3, alimentato al 100% da energie rinnovabili, e\u0300 un esempio di <strong>sostenibilit\u00e0 ambientale<\/strong> grazie ai materiali e alle tecnologie utilizzate (infatti l\u2019edificio e il data center sono classificati ai massimi livelli dello standard LEED &#8211; <em>Leadership in Energy and Environmental Design<\/em>) e ha elevatissimi standard di efficienza energetica. Le soluzioni adottate in Avalon 3 hanno inoltre permesso di ottenere i massimi livelli di certificazione nell\u2019industria dei data center (Rating 4) e di essere pienamente in linea con i pi\u00f9 stringenti requisiti del PNRR.<\/p>\n<p>Con una capacit\u00e0 di 500 rack e 3,2 MW di potenza, Avalon 3 pu\u00f2 ospitare gli apparati o anche interi data center dei Clienti, che da qui possono accedere ai Cloud pubblici o costruire architetture ibride per accelerare i processi di digitalizzazione o interconnettersi con i 165 operatori, Over the Top, piattaforme di streaming e Cloud provider gi\u00e0 ospitati nell\u2019Avalon Campus di IRIDEOS.<\/p>\n<p>&nbsp;<\/p>\n","protected":false},"excerpt":{"rendered":"<p>L\u201911 novembre IRIDEOS, il polo italiano ICT creato da un\u2019iniziativa di F2i e dedicato alle aziende e alla Pubblica Amministrazione, nel corso dell\u2019evento Digital-MI organizzato per la Milano Digital Week e alla presenza del Presidente di Regione Lombardia Attilio Fontana, ha inaugurato il nuovo data center Avalon 3, il pi\u00f9 grande data center certificato e [&hellip;]<\/p>\n","protected":false},"author":6,"featured_media":20135,"comment_status":"open","ping_status":"open","sticky":false,"template":"","format":"standard","meta":[],"categories":[93,102,172,213,96,95],"tags":[],"yoast_head":"<!-- This site is optimized with the Yoast SEO plugin v18.7 - https:\/\/yoast.com\/wordpress\/plugins\/seo\/ -->\n<title>IRIDEOS inaugura Avalon 3, il pi\u00f9 grande data center iperconnesso di Milano - CEOforLIFE - IT<\/title>\n<meta name=\"robots\" content=\"index, follow, max-snippet:-1, max-image-preview:large, max-video-preview:-1\" \/>\n<link rel=\"canonical\" href=\"https:\/\/www.ceoforlifeawards.com\/it\/blog\/irideos-inaugura-avalon-3-il-piu-grande-data-center-iperconnesso-di-milano\/\" \/>\n<meta property=\"og:locale\" content=\"it_IT\" \/>\n<meta property=\"og:type\" content=\"article\" \/>\n<meta property=\"og:title\" content=\"IRIDEOS inaugura Avalon 3, il pi\u00f9 grande data center iperconnesso di Milano - CEOforLIFE - IT\" \/>\n<meta property=\"og:description\" content=\"L\u201911 novembre IRIDEOS, il polo italiano ICT creato da un\u2019iniziativa di F2i e dedicato alle aziende e alla Pubblica Amministrazione, nel corso dell\u2019evento Digital-MI organizzato per la Milano Digital Week e alla presenza del Presidente di Regione Lombardia Attilio Fontana, ha inaugurato il nuovo data center Avalon 3, il pi\u00f9 grande data center certificato e [&hellip;]\" \/>\n<meta property=\"og:url\" content=\"https:\/\/www.ceoforlifeawards.com\/it\/blog\/irideos-inaugura-avalon-3-il-piu-grande-data-center-iperconnesso-di-milano\/\" \/>\n<meta property=\"og:site_name\" content=\"CEOforLIFE - IT\" \/>\n<meta property=\"article:published_time\" content=\"2023-01-10T09:55:31+00:00\" \/>\n<meta property=\"og:image\" content=\"https:\/\/www.ceoforlifeawards.com\/it\/wp-content\/uploads\/sites\/3\/2023\/01\/Immagine2-3-scaled.jpg\" \/>\n\t<meta property=\"og:image:width\" content=\"2560\" \/>\n\t<meta property=\"og:image:height\" content=\"1654\" \/>\n\t<meta property=\"og:image:type\" content=\"image\/jpeg\" \/>\n<meta name=\"twitter:card\" content=\"summary_large_image\" \/>\n<meta name=\"twitter:label1\" content=\"Scritto da\" \/>\n\t<meta name=\"twitter:data1\" content=\"d.digiuseppe@hrcigroup.com\" \/>\n\t<meta name=\"twitter:label2\" content=\"Tempo di lettura stimato\" \/>\n\t<meta name=\"twitter:data2\" content=\"3 minuti\" \/>\n<script type=\"application\/ld+json\" class=\"yoast-schema-graph\">{\"@context\":\"https:\/\/schema.org\",\"@graph\":[{\"@type\":\"WebSite\",\"@id\":\"https:\/\/www.ceoforlifeawards.com\/it\/#website\",\"url\":\"https:\/\/www.ceoforlifeawards.com\/it\/\",\"name\":\"CEOforLIFE - IT\",\"description\":\"\",\"potentialAction\":[{\"@type\":\"SearchAction\",\"target\":{\"@type\":\"EntryPoint\",\"urlTemplate\":\"https:\/\/www.ceoforlifeawards.com\/it\/?s={search_term_string}\"},\"query-input\":\"required name=search_term_string\"}],\"inLanguage\":\"it-IT\"},{\"@type\":\"ImageObject\",\"inLanguage\":\"it-IT\",\"@id\":\"https:\/\/www.ceoforlifeawards.com\/it\/blog\/irideos-inaugura-avalon-3-il-piu-grande-data-center-iperconnesso-di-milano\/#primaryimage\",\"url\":\"https:\/\/www.ceoforlifeawards.com\/it\/wp-content\/uploads\/sites\/3\/2023\/01\/Immagine2-3-scaled.jpg\",\"contentUrl\":\"https:\/\/www.ceoforlifeawards.com\/it\/wp-content\/uploads\/sites\/3\/2023\/01\/Immagine2-3-scaled.jpg\",\"width\":2560,\"height\":1654},{\"@type\":\"WebPage\",\"@id\":\"https:\/\/www.ceoforlifeawards.com\/it\/blog\/irideos-inaugura-avalon-3-il-piu-grande-data-center-iperconnesso-di-milano\/#webpage\",\"url\":\"https:\/\/www.ceoforlifeawards.com\/it\/blog\/irideos-inaugura-avalon-3-il-piu-grande-data-center-iperconnesso-di-milano\/\",\"name\":\"IRIDEOS inaugura Avalon 3, il pi\u00f9 grande data center iperconnesso di Milano - CEOforLIFE - IT\",\"isPartOf\":{\"@id\":\"https:\/\/www.ceoforlifeawards.com\/it\/#website\"},\"primaryImageOfPage\":{\"@id\":\"https:\/\/www.ceoforlifeawards.com\/it\/blog\/irideos-inaugura-avalon-3-il-piu-grande-data-center-iperconnesso-di-milano\/#primaryimage\"},\"datePublished\":\"2023-01-10T09:55:31+00:00\",\"dateModified\":\"2023-01-10T09:55:31+00:00\",\"author\":{\"@id\":\"https:\/\/www.ceoforlifeawards.com\/it\/#\/schema\/person\/9c2802d81c81cfba5c28677408d38d09\"},\"breadcrumb\":{\"@id\":\"https:\/\/www.ceoforlifeawards.com\/it\/blog\/irideos-inaugura-avalon-3-il-piu-grande-data-center-iperconnesso-di-milano\/#breadcrumb\"},\"inLanguage\":\"it-IT\",\"potentialAction\":[{\"@type\":\"ReadAction\",\"target\":[\"https:\/\/www.ceoforlifeawards.com\/it\/blog\/irideos-inaugura-avalon-3-il-piu-grande-data-center-iperconnesso-di-milano\/\"]}]},{\"@type\":\"BreadcrumbList\",\"@id\":\"https:\/\/www.ceoforlifeawards.com\/it\/blog\/irideos-inaugura-avalon-3-il-piu-grande-data-center-iperconnesso-di-milano\/#breadcrumb\",\"itemListElement\":[{\"@type\":\"ListItem\",\"position\":1,\"name\":\"Home\",\"item\":\"https:\/\/www.ceoforlifeawards.com\/it\/\"},{\"@type\":\"ListItem\",\"position\":2,\"name\":\"IRIDEOS inaugura Avalon 3, il pi\u00f9 grande data center iperconnesso di Milano\"}]},{\"@type\":\"Person\",\"@id\":\"https:\/\/www.ceoforlifeawards.com\/it\/#\/schema\/person\/9c2802d81c81cfba5c28677408d38d09\",\"name\":\"d.digiuseppe@hrcigroup.com\",\"image\":{\"@type\":\"ImageObject\",\"inLanguage\":\"it-IT\",\"@id\":\"https:\/\/www.ceoforlifeawards.com\/it\/#\/schema\/person\/image\/\",\"url\":\"https:\/\/secure.gravatar.com\/avatar\/b464a83ee224f75bb37df0992d8d2b48?s=96&d=mm&r=g\",\"contentUrl\":\"https:\/\/secure.gravatar.com\/avatar\/b464a83ee224f75bb37df0992d8d2b48?s=96&d=mm&r=g\",\"caption\":\"d.digiuseppe@hrcigroup.com\"},\"url\":\"https:\/\/www.ceoforlifeawards.com\/it\/blog\/author\/d-digiuseppehrcigroup-com\/\"}]}<\/script>\n<!-- \/ Yoast SEO plugin. -->","yoast_head_json":{"title":"IRIDEOS inaugura Avalon 3, il pi\u00f9 grande data center iperconnesso di Milano - CEOforLIFE - IT","robots":{"index":"index","follow":"follow","max-snippet":"max-snippet:-1","max-image-preview":"max-image-preview:large","max-video-preview":"max-video-preview:-1"},"canonical":"https:\/\/www.ceoforlifeawards.com\/it\/blog\/irideos-inaugura-avalon-3-il-piu-grande-data-center-iperconnesso-di-milano\/","og_locale":"it_IT","og_type":"article","og_title":"IRIDEOS inaugura Avalon 3, il pi\u00f9 grande data center iperconnesso di Milano - CEOforLIFE - IT","og_description":"L\u201911 novembre IRIDEOS, il polo italiano ICT creato da un\u2019iniziativa di F2i e dedicato alle aziende e alla Pubblica Amministrazione, nel corso dell\u2019evento Digital-MI organizzato per la Milano Digital Week e alla presenza del Presidente di Regione Lombardia Attilio Fontana, ha inaugurato il nuovo data center Avalon 3, il pi\u00f9 grande data center certificato e [&hellip;]","og_url":"https:\/\/www.ceoforlifeawards.com\/it\/blog\/irideos-inaugura-avalon-3-il-piu-grande-data-center-iperconnesso-di-milano\/","og_site_name":"CEOforLIFE - IT","article_published_time":"2023-01-10T09:55:31+00:00","og_image":[{"width":2560,"height":1654,"url":"https:\/\/www.ceoforlifeawards.com\/it\/wp-content\/uploads\/sites\/3\/2023\/01\/Immagine2-3-scaled.jpg","type":"image\/jpeg"}],"twitter_card":"summary_large_image","twitter_misc":{"Scritto da":"d.digiuseppe@hrcigroup.com","Tempo di lettura stimato":"3 minuti"},"schema":{"@context":"https:\/\/schema.org","@graph":[{"@type":"WebSite","@id":"https:\/\/www.ceoforlifeawards.com\/it\/#website","url":"https:\/\/www.ceoforlifeawards.com\/it\/","name":"CEOforLIFE - IT","description":"","potentialAction":[{"@type":"SearchAction","target":{"@type":"EntryPoint","urlTemplate":"https:\/\/www.ceoforlifeawards.com\/it\/?s={search_term_string}"},"query-input":"required name=search_term_string"}],"inLanguage":"it-IT"},{"@type":"ImageObject","inLanguage":"it-IT","@id":"https:\/\/www.ceoforlifeawards.com\/it\/blog\/irideos-inaugura-avalon-3-il-piu-grande-data-center-iperconnesso-di-milano\/#primaryimage","url":"https:\/\/www.ceoforlifeawards.com\/it\/wp-content\/uploads\/sites\/3\/2023\/01\/Immagine2-3-scaled.jpg","contentUrl":"https:\/\/www.ceoforlifeawards.com\/it\/wp-content\/uploads\/sites\/3\/2023\/01\/Immagine2-3-scaled.jpg","width":2560,"height":1654},{"@type":"WebPage","@id":"https:\/\/www.ceoforlifeawards.com\/it\/blog\/irideos-inaugura-avalon-3-il-piu-grande-data-center-iperconnesso-di-milano\/#webpage","url":"https:\/\/www.ceoforlifeawards.com\/it\/blog\/irideos-inaugura-avalon-3-il-piu-grande-data-center-iperconnesso-di-milano\/","name":"IRIDEOS inaugura Avalon 3, il pi\u00f9 grande data center iperconnesso di Milano - CEOforLIFE - IT","isPartOf":{"@id":"https:\/\/www.ceoforlifeawards.com\/it\/#website"},"primaryImageOfPage":{"@id":"https:\/\/www.ceoforlifeawards.com\/it\/blog\/irideos-inaugura-avalon-3-il-piu-grande-data-center-iperconnesso-di-milano\/#primaryimage"},"datePublished":"2023-01-10T09:55:31+00:00","dateModified":"2023-01-10T09:55:31+00:00","author":{"@id":"https:\/\/www.ceoforlifeawards.com\/it\/#\/schema\/person\/9c2802d81c81cfba5c28677408d38d09"},"breadcrumb":{"@id":"https:\/\/www.ceoforlifeawards.com\/it\/blog\/irideos-inaugura-avalon-3-il-piu-grande-data-center-iperconnesso-di-milano\/#breadcrumb"},"inLanguage":"it-IT","potentialAction":[{"@type":"ReadAction","target":["https:\/\/www.ceoforlifeawards.com\/it\/blog\/irideos-inaugura-avalon-3-il-piu-grande-data-center-iperconnesso-di-milano\/"]}]},{"@type":"BreadcrumbList","@id":"https:\/\/www.ceoforlifeawards.com\/it\/blog\/irideos-inaugura-avalon-3-il-piu-grande-data-center-iperconnesso-di-milano\/#breadcrumb","itemListElement":[{"@type":"ListItem","position":1,"name":"Home","item":"https:\/\/www.ceoforlifeawards.com\/it\/"},{"@type":"ListItem","position":2,"name":"IRIDEOS inaugura Avalon 3, il pi\u00f9 grande data center iperconnesso di Milano"}]},{"@type":"Person","@id":"https:\/\/www.ceoforlifeawards.com\/it\/#\/schema\/person\/9c2802d81c81cfba5c28677408d38d09","name":"d.digiuseppe@hrcigroup.com","image":{"@type":"ImageObject","inLanguage":"it-IT","@id":"https:\/\/www.ceoforlifeawards.com\/it\/#\/schema\/person\/image\/","url":"https:\/\/secure.gravatar.com\/avatar\/b464a83ee224f75bb37df0992d8d2b48?s=96&d=mm&r=g","contentUrl":"https:\/\/secure.gravatar.com\/avatar\/b464a83ee224f75bb37df0992d8d2b48?s=96&d=mm&r=g","caption":"d.digiuseppe@hrcigroup.com"},"url":"https:\/\/www.ceoforlifeawards.com\/it\/blog\/author\/d-digiuseppehrcigroup-com\/"}]}},"_links":{"self":[{"href":"https:\/\/www.ceoforlifeawards.com\/it\/wp-json\/wp\/v2\/posts\/20132"}],"collection":[{"href":"https:\/\/www.ceoforlifeawards.com\/it\/wp-json\/wp\/v2\/posts"}],"about":[{"href":"https:\/\/www.ceoforlifeawards.com\/it\/wp-json\/wp\/v2\/types\/post"}],"author":[{"embeddable":true,"href":"https:\/\/www.ceoforlifeawards.com\/it\/wp-json\/wp\/v2\/users\/6"}],"replies":[{"embeddable":true,"href":"https:\/\/www.ceoforlifeawards.com\/it\/wp-json\/wp\/v2\/comments?post=20132"}],"version-history":[{"count":0,"href":"https:\/\/www.ceoforlifeawards.com\/it\/wp-json\/wp\/v2\/posts\/20132\/revisions"}],"wp:featuredmedia":[{"embeddable":true,"href":"https:\/\/www.ceoforlifeawards.com\/it\/wp-json\/wp\/v2\/media\/20135"}],"wp:attachment":[{"href":"https:\/\/www.ceoforlifeawards.com\/it\/wp-json\/wp\/v2\/media?parent=20132"}],"wp:term":[{"taxonomy":"category","embeddable":true,"href":"https:\/\/www.ceoforlifeawards.com\/it\/wp-json\/wp\/v2\/categories?post=20132"},{"taxonomy":"post_tag","embeddable":true,"href":"https:\/\/www.ceoforlifeawards.com\/it\/wp-json\/wp\/v2\/tags?post=20132"}],"curies":[{"name":"wp","href":"https:\/\/api.w.org\/{rel}","templated":true}]}}