{"id":23267,"date":"2023-02-14T15:28:02","date_gmt":"2023-02-14T14:28:02","guid":{"rendered":"https:\/\/www.ceoforlifeawards.com\/it\/?p=23267"},"modified":"2023-02-14T15:28:02","modified_gmt":"2023-02-14T14:28:02","slug":"come-aiutare-i-giovani-a-dare-forma-al-proprio-futuro-intervista-a-maximo-ibarra-su-temi-e-obiettivi-dei-visionary-days","status":"publish","type":"post","link":"https:\/\/www.ceoforlifeawards.com\/it\/blog\/come-aiutare-i-giovani-a-dare-forma-al-proprio-futuro-intervista-a-maximo-ibarra-su-temi-e-obiettivi-dei-visionary-days\/","title":{"rendered":"Come aiutare i giovani a dare forma al proprio futuro: intervista a Maximo Ibarra su temi e obiettivi dei Visionary Days"},"content":{"rendered":"<p><em>Visionary Days<\/em> \u00e8 la maratona digitale di brainstorming collettivo tenutasi a dicembre 2022 e che ha visto come protagonista <strong>Maximo Ibarra, CEO di Engineering<\/strong>. 2500 ragazzi under 35 hanno preso parte all\u2019evento a Bergamo con l\u2019obiettivo di affrontare i cambiamenti in corso e dare forma al prossimo futuro.<\/p>\n<p>In occasione di un\u2019intervista per RTL 102.5, il CEO Ibarra ha esposto i temi e gli obiettivi dei <em>Visionary Days<\/em>: possibili strade per il futuro dei giovani e far s\u00ec che i ragazzi abbiano tutti gli strumenti necessari per potersi costruire il futuro nei prossimi anni.<\/p>\n<p>In particolare, nell\u2019ultimo periodo \u00e8 stato registrato un aumento del tasso di occupazione in relazione principalmente alla fascia d\u2019et\u00e0 che va dai 35 anni ai 55 anni, ma continua ad esistere un gap che riguarda anche le altre fasce d\u2019et\u00e0, causato dal mismatch esistente tra la domanda e l\u2019offerta. Come \u00e8 possibile colmare questo divario? Per rispondere a questa domanda Maximo Ibarra parla della necessit\u00e0 di mettere a disposizione diversi strumenti, il pi\u00f9 importante tra questi \u00e8, appunto, quello della formazione che non deve essere limitato soltanto al contesto scolastico e universitario, ma deve essere esteso anche alle aziende che sono chiamate, quindi, ad impegnarsi in questa direzione. In che modo? Organizzando in primis corsi di formazione interni: a tal proposito il CEO menziona l\u2019Academy che Engineering ha fondato con l\u2019obiettivo di formare su tecnologia e management.<\/p>\n<p>Si aggiunge anche il legame tra imprese e universit\u00e0 che \u00e8 imprescindibile: Engineering, infatti, collabora con moltissime universit\u00e0 con l\u2019obiettivo di prevedere dei programmi di formazione che si adeguino il pi\u00f9 possibile ai nuovi lavori che troveremo in futuro.<\/p>\n<p>Ascolta l\u2019intervista completa: <a href=\"https:\/\/play.rtl.it\/ospiti\/1\/maximo-ibarra-visionary-days-il-futuro-dei-giovani-sabato-3-dicembre-2022\/\">https:\/\/play.rtl.it\/ospiti\/1\/maximo-ibarra-visionary-days-il-futuro-dei-giovani-sabato-3-dicembre-2022\/<\/a><\/p>\n","protected":false},"excerpt":{"rendered":"<p>Visionary Days \u00e8 la maratona digitale di brainstorming collettivo tenutasi a dicembre 2022 e che ha visto come protagonista Maximo Ibarra, CEO di Engineering. 2500 ragazzi under 35 hanno preso parte all\u2019evento a Bergamo con l\u2019obiettivo di affrontare i cambiamenti in corso e dare forma al prossimo futuro. In occasione di un\u2019intervista per RTL 102.5, [&hellip;]<\/p>\n","protected":false},"author":6,"featured_media":23268,"comment_status":"open","ping_status":"open","sticky":false,"template":"","format":"standard","meta":[],"categories":[93,165,211,96,95],"tags":[108],"yoast_head":"<!-- This site is optimized with the Yoast SEO plugin v18.7 - https:\/\/yoast.com\/wordpress\/plugins\/seo\/ -->\n<title>Come aiutare i giovani a dare forma al proprio futuro: intervista a Maximo Ibarra su temi e obiettivi dei Visionary Days - CEOforLIFE - IT<\/title>\n<meta name=\"robots\" content=\"index, follow, max-snippet:-1, max-image-preview:large, max-video-preview:-1\" \/>\n<link rel=\"canonical\" href=\"https:\/\/www.ceoforlifeawards.com\/it\/blog\/come-aiutare-i-giovani-a-dare-forma-al-proprio-futuro-intervista-a-maximo-ibarra-su-temi-e-obiettivi-dei-visionary-days\/\" \/>\n<meta property=\"og:locale\" content=\"it_IT\" \/>\n<meta property=\"og:type\" content=\"article\" \/>\n<meta property=\"og:title\" content=\"Come aiutare i giovani a dare forma al proprio futuro: intervista a Maximo Ibarra su temi e obiettivi dei Visionary Days - CEOforLIFE - IT\" \/>\n<meta property=\"og:description\" content=\"Visionary Days \u00e8 la maratona digitale di brainstorming collettivo tenutasi a dicembre 2022 e che ha visto come protagonista Maximo Ibarra, CEO di Engineering. 2500 ragazzi under 35 hanno preso parte all\u2019evento a Bergamo con l\u2019obiettivo di affrontare i cambiamenti in corso e dare forma al prossimo futuro. In occasione di un\u2019intervista per RTL 102.5, [&hellip;]\" \/>\n<meta property=\"og:url\" content=\"https:\/\/www.ceoforlifeawards.com\/it\/blog\/come-aiutare-i-giovani-a-dare-forma-al-proprio-futuro-intervista-a-maximo-ibarra-su-temi-e-obiettivi-dei-visionary-days\/\" \/>\n<meta property=\"og:site_name\" content=\"CEOforLIFE - IT\" \/>\n<meta property=\"article:published_time\" content=\"2023-02-14T14:28:02+00:00\" \/>\n<meta property=\"og:image\" content=\"https:\/\/www.ceoforlifeawards.com\/it\/wp-content\/uploads\/sites\/3\/2023\/02\/Immagine1-19.jpg\" \/>\n\t<meta property=\"og:image:width\" content=\"926\" \/>\n\t<meta property=\"og:image:height\" content=\"521\" \/>\n\t<meta property=\"og:image:type\" content=\"image\/jpeg\" \/>\n<meta name=\"twitter:card\" content=\"summary_large_image\" \/>\n<meta name=\"twitter:label1\" content=\"Scritto da\" \/>\n\t<meta name=\"twitter:data1\" content=\"d.digiuseppe@hrcigroup.com\" \/>\n\t<meta name=\"twitter:label2\" content=\"Tempo di lettura stimato\" \/>\n\t<meta name=\"twitter:data2\" content=\"1 minuto\" \/>\n<script type=\"application\/ld+json\" class=\"yoast-schema-graph\">{\"@context\":\"https:\/\/schema.org\",\"@graph\":[{\"@type\":\"WebSite\",\"@id\":\"https:\/\/www.ceoforlifeawards.com\/it\/#website\",\"url\":\"https:\/\/www.ceoforlifeawards.com\/it\/\",\"name\":\"CEOforLIFE - IT\",\"description\":\"\",\"potentialAction\":[{\"@type\":\"SearchAction\",\"target\":{\"@type\":\"EntryPoint\",\"urlTemplate\":\"https:\/\/www.ceoforlifeawards.com\/it\/?s={search_term_string}\"},\"query-input\":\"required name=search_term_string\"}],\"inLanguage\":\"it-IT\"},{\"@type\":\"ImageObject\",\"inLanguage\":\"it-IT\",\"@id\":\"https:\/\/www.ceoforlifeawards.com\/it\/blog\/come-aiutare-i-giovani-a-dare-forma-al-proprio-futuro-intervista-a-maximo-ibarra-su-temi-e-obiettivi-dei-visionary-days\/#primaryimage\",\"url\":\"https:\/\/www.ceoforlifeawards.com\/it\/wp-content\/uploads\/sites\/3\/2023\/02\/Immagine1-19.jpg\",\"contentUrl\":\"https:\/\/www.ceoforlifeawards.com\/it\/wp-content\/uploads\/sites\/3\/2023\/02\/Immagine1-19.jpg\",\"width\":926,\"height\":521},{\"@type\":\"WebPage\",\"@id\":\"https:\/\/www.ceoforlifeawards.com\/it\/blog\/come-aiutare-i-giovani-a-dare-forma-al-proprio-futuro-intervista-a-maximo-ibarra-su-temi-e-obiettivi-dei-visionary-days\/#webpage\",\"url\":\"https:\/\/www.ceoforlifeawards.com\/it\/blog\/come-aiutare-i-giovani-a-dare-forma-al-proprio-futuro-intervista-a-maximo-ibarra-su-temi-e-obiettivi-dei-visionary-days\/\",\"name\":\"Come aiutare i giovani a dare forma al proprio futuro: intervista a Maximo Ibarra su temi e obiettivi dei Visionary Days - CEOforLIFE - IT\",\"isPartOf\":{\"@id\":\"https:\/\/www.ceoforlifeawards.com\/it\/#website\"},\"primaryImageOfPage\":{\"@id\":\"https:\/\/www.ceoforlifeawards.com\/it\/blog\/come-aiutare-i-giovani-a-dare-forma-al-proprio-futuro-intervista-a-maximo-ibarra-su-temi-e-obiettivi-dei-visionary-days\/#primaryimage\"},\"datePublished\":\"2023-02-14T14:28:02+00:00\",\"dateModified\":\"2023-02-14T14:28:02+00:00\",\"author\":{\"@id\":\"https:\/\/www.ceoforlifeawards.com\/it\/#\/schema\/person\/9c2802d81c81cfba5c28677408d38d09\"},\"breadcrumb\":{\"@id\":\"https:\/\/www.ceoforlifeawards.com\/it\/blog\/come-aiutare-i-giovani-a-dare-forma-al-proprio-futuro-intervista-a-maximo-ibarra-su-temi-e-obiettivi-dei-visionary-days\/#breadcrumb\"},\"inLanguage\":\"it-IT\",\"potentialAction\":[{\"@type\":\"ReadAction\",\"target\":[\"https:\/\/www.ceoforlifeawards.com\/it\/blog\/come-aiutare-i-giovani-a-dare-forma-al-proprio-futuro-intervista-a-maximo-ibarra-su-temi-e-obiettivi-dei-visionary-days\/\"]}]},{\"@type\":\"BreadcrumbList\",\"@id\":\"https:\/\/www.ceoforlifeawards.com\/it\/blog\/come-aiutare-i-giovani-a-dare-forma-al-proprio-futuro-intervista-a-maximo-ibarra-su-temi-e-obiettivi-dei-visionary-days\/#breadcrumb\",\"itemListElement\":[{\"@type\":\"ListItem\",\"position\":1,\"name\":\"Home\",\"item\":\"https:\/\/www.ceoforlifeawards.com\/it\/\"},{\"@type\":\"ListItem\",\"position\":2,\"name\":\"Come aiutare i giovani a dare forma al proprio futuro: intervista a Maximo Ibarra su temi e obiettivi dei Visionary Days\"}]},{\"@type\":\"Person\",\"@id\":\"https:\/\/www.ceoforlifeawards.com\/it\/#\/schema\/person\/9c2802d81c81cfba5c28677408d38d09\",\"name\":\"d.digiuseppe@hrcigroup.com\",\"image\":{\"@type\":\"ImageObject\",\"inLanguage\":\"it-IT\",\"@id\":\"https:\/\/www.ceoforlifeawards.com\/it\/#\/schema\/person\/image\/\",\"url\":\"https:\/\/secure.gravatar.com\/avatar\/b464a83ee224f75bb37df0992d8d2b48?s=96&d=mm&r=g\",\"contentUrl\":\"https:\/\/secure.gravatar.com\/avatar\/b464a83ee224f75bb37df0992d8d2b48?s=96&d=mm&r=g\",\"caption\":\"d.digiuseppe@hrcigroup.com\"},\"url\":\"https:\/\/www.ceoforlifeawards.com\/it\/blog\/author\/d-digiuseppehrcigroup-com\/\"}]}<\/script>\n<!-- \/ Yoast SEO plugin. -->","yoast_head_json":{"title":"Come aiutare i giovani a dare forma al proprio futuro: intervista a Maximo Ibarra su temi e obiettivi dei Visionary Days - CEOforLIFE - IT","robots":{"index":"index","follow":"follow","max-snippet":"max-snippet:-1","max-image-preview":"max-image-preview:large","max-video-preview":"max-video-preview:-1"},"canonical":"https:\/\/www.ceoforlifeawards.com\/it\/blog\/come-aiutare-i-giovani-a-dare-forma-al-proprio-futuro-intervista-a-maximo-ibarra-su-temi-e-obiettivi-dei-visionary-days\/","og_locale":"it_IT","og_type":"article","og_title":"Come aiutare i giovani a dare forma al proprio futuro: intervista a Maximo Ibarra su temi e obiettivi dei Visionary Days - CEOforLIFE - IT","og_description":"Visionary Days \u00e8 la maratona digitale di brainstorming collettivo tenutasi a dicembre 2022 e che ha visto come protagonista Maximo Ibarra, CEO di Engineering. 2500 ragazzi under 35 hanno preso parte all\u2019evento a Bergamo con l\u2019obiettivo di affrontare i cambiamenti in corso e dare forma al prossimo futuro. In occasione di un\u2019intervista per RTL 102.5, [&hellip;]","og_url":"https:\/\/www.ceoforlifeawards.com\/it\/blog\/come-aiutare-i-giovani-a-dare-forma-al-proprio-futuro-intervista-a-maximo-ibarra-su-temi-e-obiettivi-dei-visionary-days\/","og_site_name":"CEOforLIFE - IT","article_published_time":"2023-02-14T14:28:02+00:00","og_image":[{"width":926,"height":521,"url":"https:\/\/www.ceoforlifeawards.com\/it\/wp-content\/uploads\/sites\/3\/2023\/02\/Immagine1-19.jpg","type":"image\/jpeg"}],"twitter_card":"summary_large_image","twitter_misc":{"Scritto da":"d.digiuseppe@hrcigroup.com","Tempo di lettura stimato":"1 minuto"},"schema":{"@context":"https:\/\/schema.org","@graph":[{"@type":"WebSite","@id":"https:\/\/www.ceoforlifeawards.com\/it\/#website","url":"https:\/\/www.ceoforlifeawards.com\/it\/","name":"CEOforLIFE - IT","description":"","potentialAction":[{"@type":"SearchAction","target":{"@type":"EntryPoint","urlTemplate":"https:\/\/www.ceoforlifeawards.com\/it\/?s={search_term_string}"},"query-input":"required name=search_term_string"}],"inLanguage":"it-IT"},{"@type":"ImageObject","inLanguage":"it-IT","@id":"https:\/\/www.ceoforlifeawards.com\/it\/blog\/come-aiutare-i-giovani-a-dare-forma-al-proprio-futuro-intervista-a-maximo-ibarra-su-temi-e-obiettivi-dei-visionary-days\/#primaryimage","url":"https:\/\/www.ceoforlifeawards.com\/it\/wp-content\/uploads\/sites\/3\/2023\/02\/Immagine1-19.jpg","contentUrl":"https:\/\/www.ceoforlifeawards.com\/it\/wp-content\/uploads\/sites\/3\/2023\/02\/Immagine1-19.jpg","width":926,"height":521},{"@type":"WebPage","@id":"https:\/\/www.ceoforlifeawards.com\/it\/blog\/come-aiutare-i-giovani-a-dare-forma-al-proprio-futuro-intervista-a-maximo-ibarra-su-temi-e-obiettivi-dei-visionary-days\/#webpage","url":"https:\/\/www.ceoforlifeawards.com\/it\/blog\/come-aiutare-i-giovani-a-dare-forma-al-proprio-futuro-intervista-a-maximo-ibarra-su-temi-e-obiettivi-dei-visionary-days\/","name":"Come aiutare i giovani a dare forma al proprio futuro: intervista a Maximo Ibarra su temi e obiettivi dei Visionary Days - CEOforLIFE - IT","isPartOf":{"@id":"https:\/\/www.ceoforlifeawards.com\/it\/#website"},"primaryImageOfPage":{"@id":"https:\/\/www.ceoforlifeawards.com\/it\/blog\/come-aiutare-i-giovani-a-dare-forma-al-proprio-futuro-intervista-a-maximo-ibarra-su-temi-e-obiettivi-dei-visionary-days\/#primaryimage"},"datePublished":"2023-02-14T14:28:02+00:00","dateModified":"2023-02-14T14:28:02+00:00","author":{"@id":"https:\/\/www.ceoforlifeawards.com\/it\/#\/schema\/person\/9c2802d81c81cfba5c28677408d38d09"},"breadcrumb":{"@id":"https:\/\/www.ceoforlifeawards.com\/it\/blog\/come-aiutare-i-giovani-a-dare-forma-al-proprio-futuro-intervista-a-maximo-ibarra-su-temi-e-obiettivi-dei-visionary-days\/#breadcrumb"},"inLanguage":"it-IT","potentialAction":[{"@type":"ReadAction","target":["https:\/\/www.ceoforlifeawards.com\/it\/blog\/come-aiutare-i-giovani-a-dare-forma-al-proprio-futuro-intervista-a-maximo-ibarra-su-temi-e-obiettivi-dei-visionary-days\/"]}]},{"@type":"BreadcrumbList","@id":"https:\/\/www.ceoforlifeawards.com\/it\/blog\/come-aiutare-i-giovani-a-dare-forma-al-proprio-futuro-intervista-a-maximo-ibarra-su-temi-e-obiettivi-dei-visionary-days\/#breadcrumb","itemListElement":[{"@type":"ListItem","position":1,"name":"Home","item":"https:\/\/www.ceoforlifeawards.com\/it\/"},{"@type":"ListItem","position":2,"name":"Come aiutare i giovani a dare forma al proprio futuro: intervista a Maximo Ibarra su temi e obiettivi dei Visionary Days"}]},{"@type":"Person","@id":"https:\/\/www.ceoforlifeawards.com\/it\/#\/schema\/person\/9c2802d81c81cfba5c28677408d38d09","name":"d.digiuseppe@hrcigroup.com","image":{"@type":"ImageObject","inLanguage":"it-IT","@id":"https:\/\/www.ceoforlifeawards.com\/it\/#\/schema\/person\/image\/","url":"https:\/\/secure.gravatar.com\/avatar\/b464a83ee224f75bb37df0992d8d2b48?s=96&d=mm&r=g","contentUrl":"https:\/\/secure.gravatar.com\/avatar\/b464a83ee224f75bb37df0992d8d2b48?s=96&d=mm&r=g","caption":"d.digiuseppe@hrcigroup.com"},"url":"https:\/\/www.ceoforlifeawards.com\/it\/blog\/author\/d-digiuseppehrcigroup-com\/"}]}},"_links":{"self":[{"href":"https:\/\/www.ceoforlifeawards.com\/it\/wp-json\/wp\/v2\/posts\/23267"}],"collection":[{"href":"https:\/\/www.ceoforlifeawards.com\/it\/wp-json\/wp\/v2\/posts"}],"about":[{"href":"https:\/\/www.ceoforlifeawards.com\/it\/wp-json\/wp\/v2\/types\/post"}],"author":[{"embeddable":true,"href":"https:\/\/www.ceoforlifeawards.com\/it\/wp-json\/wp\/v2\/users\/6"}],"replies":[{"embeddable":true,"href":"https:\/\/www.ceoforlifeawards.com\/it\/wp-json\/wp\/v2\/comments?post=23267"}],"version-history":[{"count":0,"href":"https:\/\/www.ceoforlifeawards.com\/it\/wp-json\/wp\/v2\/posts\/23267\/revisions"}],"wp:featuredmedia":[{"embeddable":true,"href":"https:\/\/www.ceoforlifeawards.com\/it\/wp-json\/wp\/v2\/media\/23268"}],"wp:attachment":[{"href":"https:\/\/www.ceoforlifeawards.com\/it\/wp-json\/wp\/v2\/media?parent=23267"}],"wp:term":[{"taxonomy":"category","embeddable":true,"href":"https:\/\/www.ceoforlifeawards.com\/it\/wp-json\/wp\/v2\/categories?post=23267"},{"taxonomy":"post_tag","embeddable":true,"href":"https:\/\/www.ceoforlifeawards.com\/it\/wp-json\/wp\/v2\/tags?post=23267"}],"curies":[{"name":"wp","href":"https:\/\/api.w.org\/{rel}","templated":true}]}}