{"id":25862,"date":"2023-03-20T16:28:09","date_gmt":"2023-03-20T15:28:09","guid":{"rendered":"https:\/\/www.ceoforlifeawards.com\/it\/?p=25862"},"modified":"2023-03-20T16:28:09","modified_gmt":"2023-03-20T15:28:09","slug":"citroen-presenta-in-italia-oli-all-e-la-nuova-concept-car-elettrica","status":"publish","type":"post","link":"https:\/\/www.ceoforlifeawards.com\/it\/blog\/citroen-presenta-in-italia-oli-all-e-la-nuova-concept-car-elettrica\/","title":{"rendered":"Citro\u00ebn presenta in Italia oli [all-\u00eb], la nuova concept car elettrica"},"content":{"rendered":"<p>Dopo la presentazione internazionale a Parigi, Citro\u00ebn ha presentato anche in Italia <strong>oli [all-\u00eb]<\/strong>, la nuova concept car elettrica, il <strong>\u201cmanifesto concettuale\u201d<\/strong> che racchiude la nuova visione strategica del Brand e ispirer\u00e0 i futuri modelli della gamma. L\u2019occasione \u00e8 stata la convention del brand <em>\u201cControcorrente\u201d<\/em> a Milano, un evento che riunisce tutto il mondo Citro\u00ebn per condividere insieme una nuova vision aziendale, incentrata sulla mobilit\u00e0 elettrica e sul modo di vivere e intendere questo nuovo tipo di mobilit\u00e0 in maniera completamente diversa rispetto ai competitor. La nuova concept car oli [all-\u00eb], <em>\u201celettrico per tutti\u201c <\/em>rivela con coraggio come intende affrontare le <strong>sfide della mobilit\u00e0 familiare del futuro<\/strong>, ripensando ogni dettaglio per ridurre le risorse e i materiali al fine di proporre veicoli dal prezzo equo, facili da usare, con un&#8217;autonomia adeguata e una maggiore versatilit\u00e0.<\/p>\n<p>Tra i punti di forza di Citro\u00ebnoli spiccano sicuramente la leggerezza rispetto agli altri SUV compatti, la presenza di componenti riciclati e riciclabili e un prezzo accessibile a tutti.<\/p>\n<p>Non ci sono dubbi sul fatto che oli far\u00e0 da riferimento e ispirazione per la progettazione e lo sviluppo di tutti i nuovi modelli elettrici targati Citro\u00ebn che il brand presenter\u00e0 in futuro. Si tratta infatti di una vettura in netta controtendenza rispetto al mercato delle vetture elettriche, con i competitor spesso impegnati nella realizzazione di auto dedicate alla famiglia sempre pi\u00f9 pesanti, complesse e costose. Citro\u00ebn oli si presenta invece come una vettura assolutamente originale sul panorama dell\u2019industria automobilistica, con grande <strong>attenzione all\u2019utilizzo dei materiali e alla loro qualit\u00e0<\/strong> e presentando una silhouette non convenzionale in grado di abbinare funzionalit\u00e0, efficienza e durata.<\/p>\n<p><em>Citro\u00ebn<\/em> <em>oli rappresenta il nostro punto di partenza verso una mobilit\u00e0 elettrica ottimista e funzionale, che va incontro alle esigenze dei consumatori, sempre pi\u00f9 sensibili ai problemi dell\u2019inquinamento e alla ricerca di veicoli affidabili, sia dal punto di vista economico che ambientale. La nuova concept car ispirer\u00e0 elementi di design e tecnologie che verranno impiegate nei futuri modelli della gamma, oltre ad essere fonte di ispirazione per ridisegnare i servizi Citroen offerti ai proprietari di veicoli elettrici, accompagnandoli verso il futuro della mobilit\u00e0<\/em>\u201d le parole di Laurent Barria, Head of Citro\u00ebn Marketing &amp; Communication.<\/p>\n<p>Il 2023 segna per\u00f2 anche un\u2019altra novit\u00e0 per il mercato italiano: verr\u00e0 riaperta la produzione della My Ami Buggy, la versione Ami dal temperamento avventuroso e simpatico. Negli anni scorsi la Citro\u00ebn Ami ha fatto da testimonial al progetto \u201cRispettAMI\u201d, realizzato in Italia contro il bullismo e il cyberbullismo, e a \u201cGeneration AMI, un vero e proprio tour nelle scuole di tutta Italia per promuovere i vantaggi della mobilit\u00e0 sostenibile e che nel corso dell\u2019anno diventer\u00e0 l\u2019Electric Mobility per lo Sport\u201d per avvicinare i giovani atleti alla mobilit\u00e0 elettrica.<\/p>\n","protected":false},"excerpt":{"rendered":"<p>Dopo la presentazione internazionale a Parigi, Citro\u00ebn ha presentato anche in Italia oli [all-\u00eb], la nuova concept car elettrica, il \u201cmanifesto concettuale\u201d che racchiude la nuova visione strategica del Brand e ispirer\u00e0 i futuri modelli della gamma. L\u2019occasione \u00e8 stata la convention del brand \u201cControcorrente\u201d a Milano, un evento che riunisce tutto il mondo Citro\u00ebn [&hellip;]<\/p>\n","protected":false},"author":6,"featured_media":25869,"comment_status":"open","ping_status":"open","sticky":false,"template":"","format":"standard","meta":[],"categories":[93,102,198,210,96,95],"tags":[],"yoast_head":"<!-- This site is optimized with the Yoast SEO plugin v18.7 - https:\/\/yoast.com\/wordpress\/plugins\/seo\/ -->\n<title>Citro\u00ebn presenta in Italia oli [all-\u00eb], la nuova concept car elettrica - CEOforLIFE - IT<\/title>\n<meta name=\"robots\" content=\"index, follow, max-snippet:-1, max-image-preview:large, max-video-preview:-1\" \/>\n<link rel=\"canonical\" href=\"https:\/\/www.ceoforlifeawards.com\/it\/blog\/citroen-presenta-in-italia-oli-all-e-la-nuova-concept-car-elettrica\/\" \/>\n<meta property=\"og:locale\" content=\"it_IT\" \/>\n<meta property=\"og:type\" content=\"article\" \/>\n<meta property=\"og:title\" content=\"Citro\u00ebn presenta in Italia oli [all-\u00eb], la nuova concept car elettrica - CEOforLIFE - IT\" \/>\n<meta property=\"og:description\" content=\"Dopo la presentazione internazionale a Parigi, Citro\u00ebn ha presentato anche in Italia oli [all-\u00eb], la nuova concept car elettrica, il \u201cmanifesto concettuale\u201d che racchiude la nuova visione strategica del Brand e ispirer\u00e0 i futuri modelli della gamma. L\u2019occasione \u00e8 stata la convention del brand \u201cControcorrente\u201d a Milano, un evento che riunisce tutto il mondo Citro\u00ebn [&hellip;]\" \/>\n<meta property=\"og:url\" content=\"https:\/\/www.ceoforlifeawards.com\/it\/blog\/citroen-presenta-in-italia-oli-all-e-la-nuova-concept-car-elettrica\/\" \/>\n<meta property=\"og:site_name\" content=\"CEOforLIFE - IT\" \/>\n<meta property=\"article:published_time\" content=\"2023-03-20T15:28:09+00:00\" \/>\n<meta property=\"og:image\" content=\"https:\/\/www.ceoforlifeawards.com\/it\/wp-content\/uploads\/sites\/3\/2023\/03\/Immagine3-2-scaled.jpg\" \/>\n\t<meta property=\"og:image:width\" content=\"2560\" \/>\n\t<meta property=\"og:image:height\" content=\"1654\" \/>\n\t<meta property=\"og:image:type\" content=\"image\/jpeg\" \/>\n<meta name=\"twitter:card\" content=\"summary_large_image\" \/>\n<meta name=\"twitter:label1\" content=\"Scritto da\" \/>\n\t<meta name=\"twitter:data1\" content=\"d.digiuseppe@hrcigroup.com\" \/>\n\t<meta name=\"twitter:label2\" content=\"Tempo di lettura stimato\" \/>\n\t<meta name=\"twitter:data2\" content=\"2 minuti\" \/>\n<script type=\"application\/ld+json\" class=\"yoast-schema-graph\">{\"@context\":\"https:\/\/schema.org\",\"@graph\":[{\"@type\":\"WebSite\",\"@id\":\"https:\/\/www.ceoforlifeawards.com\/it\/#website\",\"url\":\"https:\/\/www.ceoforlifeawards.com\/it\/\",\"name\":\"CEOforLIFE - IT\",\"description\":\"\",\"potentialAction\":[{\"@type\":\"SearchAction\",\"target\":{\"@type\":\"EntryPoint\",\"urlTemplate\":\"https:\/\/www.ceoforlifeawards.com\/it\/?s={search_term_string}\"},\"query-input\":\"required name=search_term_string\"}],\"inLanguage\":\"it-IT\"},{\"@type\":\"ImageObject\",\"inLanguage\":\"it-IT\",\"@id\":\"https:\/\/www.ceoforlifeawards.com\/it\/blog\/citroen-presenta-in-italia-oli-all-e-la-nuova-concept-car-elettrica\/#primaryimage\",\"url\":\"https:\/\/www.ceoforlifeawards.com\/it\/wp-content\/uploads\/sites\/3\/2023\/03\/Immagine3-2-scaled.jpg\",\"contentUrl\":\"https:\/\/www.ceoforlifeawards.com\/it\/wp-content\/uploads\/sites\/3\/2023\/03\/Immagine3-2-scaled.jpg\",\"width\":2560,\"height\":1654},{\"@type\":\"WebPage\",\"@id\":\"https:\/\/www.ceoforlifeawards.com\/it\/blog\/citroen-presenta-in-italia-oli-all-e-la-nuova-concept-car-elettrica\/#webpage\",\"url\":\"https:\/\/www.ceoforlifeawards.com\/it\/blog\/citroen-presenta-in-italia-oli-all-e-la-nuova-concept-car-elettrica\/\",\"name\":\"Citro\u00ebn presenta in Italia oli [all-\u00eb], la nuova concept car elettrica - CEOforLIFE - IT\",\"isPartOf\":{\"@id\":\"https:\/\/www.ceoforlifeawards.com\/it\/#website\"},\"primaryImageOfPage\":{\"@id\":\"https:\/\/www.ceoforlifeawards.com\/it\/blog\/citroen-presenta-in-italia-oli-all-e-la-nuova-concept-car-elettrica\/#primaryimage\"},\"datePublished\":\"2023-03-20T15:28:09+00:00\",\"dateModified\":\"2023-03-20T15:28:09+00:00\",\"author\":{\"@id\":\"https:\/\/www.ceoforlifeawards.com\/it\/#\/schema\/person\/9c2802d81c81cfba5c28677408d38d09\"},\"breadcrumb\":{\"@id\":\"https:\/\/www.ceoforlifeawards.com\/it\/blog\/citroen-presenta-in-italia-oli-all-e-la-nuova-concept-car-elettrica\/#breadcrumb\"},\"inLanguage\":\"it-IT\",\"potentialAction\":[{\"@type\":\"ReadAction\",\"target\":[\"https:\/\/www.ceoforlifeawards.com\/it\/blog\/citroen-presenta-in-italia-oli-all-e-la-nuova-concept-car-elettrica\/\"]}]},{\"@type\":\"BreadcrumbList\",\"@id\":\"https:\/\/www.ceoforlifeawards.com\/it\/blog\/citroen-presenta-in-italia-oli-all-e-la-nuova-concept-car-elettrica\/#breadcrumb\",\"itemListElement\":[{\"@type\":\"ListItem\",\"position\":1,\"name\":\"Home\",\"item\":\"https:\/\/www.ceoforlifeawards.com\/it\/\"},{\"@type\":\"ListItem\",\"position\":2,\"name\":\"Citro\u00ebn presenta in Italia oli [all-\u00eb], la nuova concept car elettrica\"}]},{\"@type\":\"Person\",\"@id\":\"https:\/\/www.ceoforlifeawards.com\/it\/#\/schema\/person\/9c2802d81c81cfba5c28677408d38d09\",\"name\":\"d.digiuseppe@hrcigroup.com\",\"image\":{\"@type\":\"ImageObject\",\"inLanguage\":\"it-IT\",\"@id\":\"https:\/\/www.ceoforlifeawards.com\/it\/#\/schema\/person\/image\/\",\"url\":\"https:\/\/secure.gravatar.com\/avatar\/b464a83ee224f75bb37df0992d8d2b48?s=96&d=mm&r=g\",\"contentUrl\":\"https:\/\/secure.gravatar.com\/avatar\/b464a83ee224f75bb37df0992d8d2b48?s=96&d=mm&r=g\",\"caption\":\"d.digiuseppe@hrcigroup.com\"},\"url\":\"https:\/\/www.ceoforlifeawards.com\/it\/blog\/author\/d-digiuseppehrcigroup-com\/\"}]}<\/script>\n<!-- \/ Yoast SEO plugin. -->","yoast_head_json":{"title":"Citro\u00ebn presenta in Italia oli [all-\u00eb], la nuova concept car elettrica - CEOforLIFE - IT","robots":{"index":"index","follow":"follow","max-snippet":"max-snippet:-1","max-image-preview":"max-image-preview:large","max-video-preview":"max-video-preview:-1"},"canonical":"https:\/\/www.ceoforlifeawards.com\/it\/blog\/citroen-presenta-in-italia-oli-all-e-la-nuova-concept-car-elettrica\/","og_locale":"it_IT","og_type":"article","og_title":"Citro\u00ebn presenta in Italia oli [all-\u00eb], la nuova concept car elettrica - CEOforLIFE - IT","og_description":"Dopo la presentazione internazionale a Parigi, Citro\u00ebn ha presentato anche in Italia oli [all-\u00eb], la nuova concept car elettrica, il \u201cmanifesto concettuale\u201d che racchiude la nuova visione strategica del Brand e ispirer\u00e0 i futuri modelli della gamma. L\u2019occasione \u00e8 stata la convention del brand \u201cControcorrente\u201d a Milano, un evento che riunisce tutto il mondo Citro\u00ebn [&hellip;]","og_url":"https:\/\/www.ceoforlifeawards.com\/it\/blog\/citroen-presenta-in-italia-oli-all-e-la-nuova-concept-car-elettrica\/","og_site_name":"CEOforLIFE - IT","article_published_time":"2023-03-20T15:28:09+00:00","og_image":[{"width":2560,"height":1654,"url":"https:\/\/www.ceoforlifeawards.com\/it\/wp-content\/uploads\/sites\/3\/2023\/03\/Immagine3-2-scaled.jpg","type":"image\/jpeg"}],"twitter_card":"summary_large_image","twitter_misc":{"Scritto da":"d.digiuseppe@hrcigroup.com","Tempo di lettura stimato":"2 minuti"},"schema":{"@context":"https:\/\/schema.org","@graph":[{"@type":"WebSite","@id":"https:\/\/www.ceoforlifeawards.com\/it\/#website","url":"https:\/\/www.ceoforlifeawards.com\/it\/","name":"CEOforLIFE - IT","description":"","potentialAction":[{"@type":"SearchAction","target":{"@type":"EntryPoint","urlTemplate":"https:\/\/www.ceoforlifeawards.com\/it\/?s={search_term_string}"},"query-input":"required name=search_term_string"}],"inLanguage":"it-IT"},{"@type":"ImageObject","inLanguage":"it-IT","@id":"https:\/\/www.ceoforlifeawards.com\/it\/blog\/citroen-presenta-in-italia-oli-all-e-la-nuova-concept-car-elettrica\/#primaryimage","url":"https:\/\/www.ceoforlifeawards.com\/it\/wp-content\/uploads\/sites\/3\/2023\/03\/Immagine3-2-scaled.jpg","contentUrl":"https:\/\/www.ceoforlifeawards.com\/it\/wp-content\/uploads\/sites\/3\/2023\/03\/Immagine3-2-scaled.jpg","width":2560,"height":1654},{"@type":"WebPage","@id":"https:\/\/www.ceoforlifeawards.com\/it\/blog\/citroen-presenta-in-italia-oli-all-e-la-nuova-concept-car-elettrica\/#webpage","url":"https:\/\/www.ceoforlifeawards.com\/it\/blog\/citroen-presenta-in-italia-oli-all-e-la-nuova-concept-car-elettrica\/","name":"Citro\u00ebn presenta in Italia oli [all-\u00eb], la nuova concept car elettrica - CEOforLIFE - IT","isPartOf":{"@id":"https:\/\/www.ceoforlifeawards.com\/it\/#website"},"primaryImageOfPage":{"@id":"https:\/\/www.ceoforlifeawards.com\/it\/blog\/citroen-presenta-in-italia-oli-all-e-la-nuova-concept-car-elettrica\/#primaryimage"},"datePublished":"2023-03-20T15:28:09+00:00","dateModified":"2023-03-20T15:28:09+00:00","author":{"@id":"https:\/\/www.ceoforlifeawards.com\/it\/#\/schema\/person\/9c2802d81c81cfba5c28677408d38d09"},"breadcrumb":{"@id":"https:\/\/www.ceoforlifeawards.com\/it\/blog\/citroen-presenta-in-italia-oli-all-e-la-nuova-concept-car-elettrica\/#breadcrumb"},"inLanguage":"it-IT","potentialAction":[{"@type":"ReadAction","target":["https:\/\/www.ceoforlifeawards.com\/it\/blog\/citroen-presenta-in-italia-oli-all-e-la-nuova-concept-car-elettrica\/"]}]},{"@type":"BreadcrumbList","@id":"https:\/\/www.ceoforlifeawards.com\/it\/blog\/citroen-presenta-in-italia-oli-all-e-la-nuova-concept-car-elettrica\/#breadcrumb","itemListElement":[{"@type":"ListItem","position":1,"name":"Home","item":"https:\/\/www.ceoforlifeawards.com\/it\/"},{"@type":"ListItem","position":2,"name":"Citro\u00ebn presenta in Italia oli [all-\u00eb], la nuova concept car elettrica"}]},{"@type":"Person","@id":"https:\/\/www.ceoforlifeawards.com\/it\/#\/schema\/person\/9c2802d81c81cfba5c28677408d38d09","name":"d.digiuseppe@hrcigroup.com","image":{"@type":"ImageObject","inLanguage":"it-IT","@id":"https:\/\/www.ceoforlifeawards.com\/it\/#\/schema\/person\/image\/","url":"https:\/\/secure.gravatar.com\/avatar\/b464a83ee224f75bb37df0992d8d2b48?s=96&d=mm&r=g","contentUrl":"https:\/\/secure.gravatar.com\/avatar\/b464a83ee224f75bb37df0992d8d2b48?s=96&d=mm&r=g","caption":"d.digiuseppe@hrcigroup.com"},"url":"https:\/\/www.ceoforlifeawards.com\/it\/blog\/author\/d-digiuseppehrcigroup-com\/"}]}},"_links":{"self":[{"href":"https:\/\/www.ceoforlifeawards.com\/it\/wp-json\/wp\/v2\/posts\/25862"}],"collection":[{"href":"https:\/\/www.ceoforlifeawards.com\/it\/wp-json\/wp\/v2\/posts"}],"about":[{"href":"https:\/\/www.ceoforlifeawards.com\/it\/wp-json\/wp\/v2\/types\/post"}],"author":[{"embeddable":true,"href":"https:\/\/www.ceoforlifeawards.com\/it\/wp-json\/wp\/v2\/users\/6"}],"replies":[{"embeddable":true,"href":"https:\/\/www.ceoforlifeawards.com\/it\/wp-json\/wp\/v2\/comments?post=25862"}],"version-history":[{"count":0,"href":"https:\/\/www.ceoforlifeawards.com\/it\/wp-json\/wp\/v2\/posts\/25862\/revisions"}],"wp:featuredmedia":[{"embeddable":true,"href":"https:\/\/www.ceoforlifeawards.com\/it\/wp-json\/wp\/v2\/media\/25869"}],"wp:attachment":[{"href":"https:\/\/www.ceoforlifeawards.com\/it\/wp-json\/wp\/v2\/media?parent=25862"}],"wp:term":[{"taxonomy":"category","embeddable":true,"href":"https:\/\/www.ceoforlifeawards.com\/it\/wp-json\/wp\/v2\/categories?post=25862"},{"taxonomy":"post_tag","embeddable":true,"href":"https:\/\/www.ceoforlifeawards.com\/it\/wp-json\/wp\/v2\/tags?post=25862"}],"curies":[{"name":"wp","href":"https:\/\/api.w.org\/{rel}","templated":true}]}}