{"id":28931,"date":"2022-06-10T12:22:29","date_gmt":"2022-06-10T10:22:29","guid":{"rendered":"https:\/\/www.ceoforlifeawards.com\/it\/?p=28931"},"modified":"2023-05-10T12:22:55","modified_gmt":"2023-05-10T10:22:55","slug":"ceoforlife-magazine-n-5","status":"publish","type":"post","link":"https:\/\/www.ceoforlifeawards.com\/it\/blog\/ceoforlife-magazine-n-5\/","title":{"rendered":"CEOforLIFE Magazine n. 5"},"content":{"rendered":"<p>&nbsp;<\/p>\n<p>Come Community, ci siamo trovati in questo periodo ad un importante giro di boa: abbiamo raggiunto un primo traguardo, un anno di vita della nostra Community, nata con l\u2019idea di mettere insieme una nuova generazione di CEO, i CEOforLIFE. Quello che, in questo anno di attivit\u00e0, si \u00e8 dimostrato il vero collante che ci unisce \u00e8 il comune impegno figlio di una scelta di campo: quella di mettere le proprie competenze, le proprie risorse, la propria passione per quello che facciamo quotidianamente nelle nostre aziende a servizio della comunit\u00e0 e del Paese e delle nuove generazioni. L\u2019essere parte di una community animata dalle medesime sensibilit\u00e0 e valori \u00e8 alla base di CEOforLIFE. Come ha sottolineato spesso il Presidente Draghi, \u201cla ripresa economica dalla pandemia non deve essere soltanto rapida, ma anche giusta e duratura.<br \/>\nIn una fase di profonda trasformazione come quella attuale, abbiamo l\u2019opportunit\u00e0 di costruire societ\u00e0 pi\u00f9 sostenibili, pi\u00f9 innovative e pi\u00f9 eque. Possiamo e dobbiamo farlo insieme. Perch\u00e9 uniti siamo pi\u00f9 forti\u201d.<br \/>\nDi questo sono profondamente convinto. Ed \u00e8 su queste basi che ho deciso di creare CEOforLIFE, una community che fin dalla sua genesi ha voluto essere inclusiva e aggrega oltre 200 soggetti tra CEO, imprenditori, istituzioni, universit\u00e0, giovani, media, etc., ovvero tutti gli stakeholder necessari per gettare le fondamenta di un cambiamento duraturo e sostenibile. Abbiamo avuto testimonianza \u2013 come CEOforLIFE \u2013 di una capacit\u00e0 di risposta straordinaria alla sfida del cambiamento, che significa saper cambiare paradigma e regole del gioco, lavorando sull\u2019aspetto pi\u00f9 importante: la promozione del bene comune.<\/p>\n<p>\u00c8 il bene comune il valore fondante che deve guidarci verso un nuovo modello economico. La domanda che ci siamo posti \u00e8 la seguente: \u00e8 realizzabile un modello di impresa che non abbia come unico fine il profitto, ma orizzonti pi\u00f9 ampi che tendano alla dignit\u00e0 e al benessere dell\u2019uomo? Sono cambiate le priorit\u00e0 e mai come adesso dobbiamo essere consapevoli che non sono le persone ad essere per il profitto, ma \u00e8 il profitto ad essere per le persone, mettendole al centro e costruendo attorno ad esse una nuova cultura organizzativa. Si sente dunque sempre pi\u00f9 diffusa anche tra imprenditori e manager, l\u2019esigenza di evolvere il vecchio modello del \u201cconsumatore\u201d nel rispetto dell\u2019essere umano-cliente. Le necessit\u00e0 da soddisfare sono emotive, razionali ed etiche. Chi crede nei valori etici ha constatato il fallimento dell\u2019economia razionalistica e dell\u2019homo oeconomicus, orientato egoisticamente solo al profitto. Il percorso verso un mondo pi\u00f9 equo non richiede di omogeneizzare la societ\u00e0, ma di lavorare insieme per riequilibrare le disuguaglianze e generare un impatto positivo, come ci insegna anche Papa Francesco nella sua enciclica Fratelli tutti. E questo \u00e8 lo spirito che anima la nostra Community dei CEOforLIFE: creare e promuovere progetti che siano per la vita, che perseguano modelli improntati al progresso dell\u2019uomo nella sua interezza, non per ci\u00f2 che pu\u00f2 fare, ma per la promessa e il potenziale che porta in s\u00e9. Siamo qui oggi per confrontarci sulla ripartenza, sul mondo che verr\u00e0. Beh, il mondo che verr\u00e0 \u00e8 fatto da tutti noi. Dietro ogni attivit\u00e0 c\u2019\u00e8 una persona umana.<\/p>\n<p>L\u2019inserimento dell\u2019azienda in un territorio, la responsabilit\u00e0 sociale, il welfare aziendale, la parit\u00e0 di trattamento salariale tra uomo e donna, la coniugazione tra i tempi di lavoro e i tempi di vita, il rispetto dell\u2019ambiente, il riconoscimento dell\u2019importanza dell\u2019uomo rispetto alla macchina e il riconoscimento del giusto salario, la capacit\u00e0 di innovazione sono elementi importanti che tengono viva la dimensione comunitaria di un\u2019azienda e che porteranno questo nuovo umanesimo ad essere anche un nuovo umanesimo economico. Tenere insieme azioni e responsabilit\u00e0, etica e parametri economici, considerare l\u2019uomo come una risorsa, un valore, anche all\u2019interno delle aziende, e non un mezzo per raggiungere un profitto: queste sono le fondamenta su cui costruire un reale futuro di sviluppo, per noi stessi, per i nostri figli e per il pianeta.<\/p>\n<p>&nbsp;<\/p>\n<p>&nbsp;<\/p>\n<p>&nbsp;<\/p>\n<p>&nbsp;<\/p>\n<p>&nbsp;<\/p>\n<p>&nbsp;<\/p>\n<p>&nbsp;<\/p>\n<p><a href=\"https:\/\/www.sfogliami.it\/fl\/255861\/gshvxbmrr2zf93j5c12h71e6mm5juzr?web=1&amp;wdLOR=c523E5666-04A2-4E59-BF8D-B2EA1E9B8725#page\/2\">https:\/\/www.sfogliami.it\/fl\/255861\/gshvxbmrr2zf93j5c12h71e6mm5juzr?web=1&amp;wdLOR=c523E5666-04A2-4E59-BF8D-B2EA1E9B8725#page\/2<\/a><\/p>\n","protected":false},"excerpt":{"rendered":"<p>&nbsp; Come Community, ci siamo trovati in questo periodo ad un importante giro di boa: abbiamo raggiunto un primo traguardo, un anno di vita della nostra Community, nata con l\u2019idea di mettere insieme una nuova generazione di CEO, i CEOforLIFE. Quello che, in questo anno di attivit\u00e0, si \u00e8 dimostrato il vero collante che ci [&hellip;]<\/p>\n","protected":false},"author":14,"featured_media":28932,"comment_status":"open","ping_status":"open","sticky":false,"template":"","format":"standard","meta":[],"categories":[296,354],"tags":[],"yoast_head":"<!-- This site is optimized with the Yoast SEO plugin v18.7 - https:\/\/yoast.com\/wordpress\/plugins\/seo\/ -->\n<title>CEOforLIFE Magazine n. 5 - CEOforLIFE - IT<\/title>\n<meta name=\"robots\" content=\"index, follow, max-snippet:-1, max-image-preview:large, max-video-preview:-1\" \/>\n<link rel=\"canonical\" href=\"https:\/\/www.ceoforlifeawards.com\/it\/blog\/ceoforlife-magazine-n-5\/\" \/>\n<meta property=\"og:locale\" content=\"it_IT\" \/>\n<meta property=\"og:type\" content=\"article\" \/>\n<meta property=\"og:title\" content=\"CEOforLIFE Magazine n. 5 - CEOforLIFE - IT\" \/>\n<meta property=\"og:description\" content=\"&nbsp; Come Community, ci siamo trovati in questo periodo ad un importante giro di boa: abbiamo raggiunto un primo traguardo, un anno di vita della nostra Community, nata con l\u2019idea di mettere insieme una nuova generazione di CEO, i CEOforLIFE. Quello che, in questo anno di attivit\u00e0, si \u00e8 dimostrato il vero collante che ci [&hellip;]\" \/>\n<meta property=\"og:url\" content=\"https:\/\/www.ceoforlifeawards.com\/it\/blog\/ceoforlife-magazine-n-5\/\" \/>\n<meta property=\"og:site_name\" content=\"CEOforLIFE - IT\" \/>\n<meta property=\"article:published_time\" content=\"2022-06-10T10:22:29+00:00\" \/>\n<meta property=\"article:modified_time\" content=\"2023-05-10T10:22:55+00:00\" \/>\n<meta property=\"og:image\" content=\"https:\/\/www.ceoforlifeawards.com\/it\/wp-content\/uploads\/sites\/3\/2023\/05\/n5.png\" \/>\n\t<meta property=\"og:image:width\" content=\"618\" \/>\n\t<meta property=\"og:image:height\" content=\"790\" \/>\n\t<meta property=\"og:image:type\" content=\"image\/png\" \/>\n<meta name=\"twitter:card\" content=\"summary_large_image\" \/>\n<meta name=\"twitter:label1\" content=\"Scritto da\" \/>\n\t<meta name=\"twitter:data1\" content=\"ceoforlife\" \/>\n\t<meta name=\"twitter:label2\" content=\"Tempo di lettura stimato\" \/>\n\t<meta name=\"twitter:data2\" content=\"4 minuti\" \/>\n<script type=\"application\/ld+json\" class=\"yoast-schema-graph\">{\"@context\":\"https:\/\/schema.org\",\"@graph\":[{\"@type\":\"WebSite\",\"@id\":\"https:\/\/www.ceoforlifeawards.com\/it\/#website\",\"url\":\"https:\/\/www.ceoforlifeawards.com\/it\/\",\"name\":\"CEOforLIFE - IT\",\"description\":\"\",\"potentialAction\":[{\"@type\":\"SearchAction\",\"target\":{\"@type\":\"EntryPoint\",\"urlTemplate\":\"https:\/\/www.ceoforlifeawards.com\/it\/?s={search_term_string}\"},\"query-input\":\"required name=search_term_string\"}],\"inLanguage\":\"it-IT\"},{\"@type\":\"ImageObject\",\"inLanguage\":\"it-IT\",\"@id\":\"https:\/\/www.ceoforlifeawards.com\/it\/blog\/ceoforlife-magazine-n-5\/#primaryimage\",\"url\":\"https:\/\/www.ceoforlifeawards.com\/it\/wp-content\/uploads\/sites\/3\/2023\/05\/n5.png\",\"contentUrl\":\"https:\/\/www.ceoforlifeawards.com\/it\/wp-content\/uploads\/sites\/3\/2023\/05\/n5.png\",\"width\":618,\"height\":790},{\"@type\":\"WebPage\",\"@id\":\"https:\/\/www.ceoforlifeawards.com\/it\/blog\/ceoforlife-magazine-n-5\/#webpage\",\"url\":\"https:\/\/www.ceoforlifeawards.com\/it\/blog\/ceoforlife-magazine-n-5\/\",\"name\":\"CEOforLIFE Magazine n. 5 - CEOforLIFE - IT\",\"isPartOf\":{\"@id\":\"https:\/\/www.ceoforlifeawards.com\/it\/#website\"},\"primaryImageOfPage\":{\"@id\":\"https:\/\/www.ceoforlifeawards.com\/it\/blog\/ceoforlife-magazine-n-5\/#primaryimage\"},\"datePublished\":\"2022-06-10T10:22:29+00:00\",\"dateModified\":\"2023-05-10T10:22:55+00:00\",\"author\":{\"@id\":\"https:\/\/www.ceoforlifeawards.com\/it\/#\/schema\/person\/36465d98808e061a96399c2b260155a0\"},\"breadcrumb\":{\"@id\":\"https:\/\/www.ceoforlifeawards.com\/it\/blog\/ceoforlife-magazine-n-5\/#breadcrumb\"},\"inLanguage\":\"it-IT\",\"potentialAction\":[{\"@type\":\"ReadAction\",\"target\":[\"https:\/\/www.ceoforlifeawards.com\/it\/blog\/ceoforlife-magazine-n-5\/\"]}]},{\"@type\":\"BreadcrumbList\",\"@id\":\"https:\/\/www.ceoforlifeawards.com\/it\/blog\/ceoforlife-magazine-n-5\/#breadcrumb\",\"itemListElement\":[{\"@type\":\"ListItem\",\"position\":1,\"name\":\"Home\",\"item\":\"https:\/\/www.ceoforlifeawards.com\/it\/\"},{\"@type\":\"ListItem\",\"position\":2,\"name\":\"CEOforLIFE Magazine n. 5\"}]},{\"@type\":\"Person\",\"@id\":\"https:\/\/www.ceoforlifeawards.com\/it\/#\/schema\/person\/36465d98808e061a96399c2b260155a0\",\"name\":\"ceoforlife\",\"image\":{\"@type\":\"ImageObject\",\"inLanguage\":\"it-IT\",\"@id\":\"https:\/\/www.ceoforlifeawards.com\/it\/#\/schema\/person\/image\/\",\"url\":\"https:\/\/secure.gravatar.com\/avatar\/f12559baef60d4f98be43d8bd8ab0ad4?s=96&d=mm&r=g\",\"contentUrl\":\"https:\/\/secure.gravatar.com\/avatar\/f12559baef60d4f98be43d8bd8ab0ad4?s=96&d=mm&r=g\",\"caption\":\"ceoforlife\"},\"url\":\"https:\/\/www.ceoforlifeawards.com\/it\/blog\/author\/ceoforlife\/\"}]}<\/script>\n<!-- \/ Yoast SEO plugin. -->","yoast_head_json":{"title":"CEOforLIFE Magazine n. 5 - CEOforLIFE - IT","robots":{"index":"index","follow":"follow","max-snippet":"max-snippet:-1","max-image-preview":"max-image-preview:large","max-video-preview":"max-video-preview:-1"},"canonical":"https:\/\/www.ceoforlifeawards.com\/it\/blog\/ceoforlife-magazine-n-5\/","og_locale":"it_IT","og_type":"article","og_title":"CEOforLIFE Magazine n. 5 - CEOforLIFE - IT","og_description":"&nbsp; Come Community, ci siamo trovati in questo periodo ad un importante giro di boa: abbiamo raggiunto un primo traguardo, un anno di vita della nostra Community, nata con l\u2019idea di mettere insieme una nuova generazione di CEO, i CEOforLIFE. Quello che, in questo anno di attivit\u00e0, si \u00e8 dimostrato il vero collante che ci [&hellip;]","og_url":"https:\/\/www.ceoforlifeawards.com\/it\/blog\/ceoforlife-magazine-n-5\/","og_site_name":"CEOforLIFE - IT","article_published_time":"2022-06-10T10:22:29+00:00","article_modified_time":"2023-05-10T10:22:55+00:00","og_image":[{"width":618,"height":790,"url":"https:\/\/www.ceoforlifeawards.com\/it\/wp-content\/uploads\/sites\/3\/2023\/05\/n5.png","type":"image\/png"}],"twitter_card":"summary_large_image","twitter_misc":{"Scritto da":"ceoforlife","Tempo di lettura stimato":"4 minuti"},"schema":{"@context":"https:\/\/schema.org","@graph":[{"@type":"WebSite","@id":"https:\/\/www.ceoforlifeawards.com\/it\/#website","url":"https:\/\/www.ceoforlifeawards.com\/it\/","name":"CEOforLIFE - IT","description":"","potentialAction":[{"@type":"SearchAction","target":{"@type":"EntryPoint","urlTemplate":"https:\/\/www.ceoforlifeawards.com\/it\/?s={search_term_string}"},"query-input":"required name=search_term_string"}],"inLanguage":"it-IT"},{"@type":"ImageObject","inLanguage":"it-IT","@id":"https:\/\/www.ceoforlifeawards.com\/it\/blog\/ceoforlife-magazine-n-5\/#primaryimage","url":"https:\/\/www.ceoforlifeawards.com\/it\/wp-content\/uploads\/sites\/3\/2023\/05\/n5.png","contentUrl":"https:\/\/www.ceoforlifeawards.com\/it\/wp-content\/uploads\/sites\/3\/2023\/05\/n5.png","width":618,"height":790},{"@type":"WebPage","@id":"https:\/\/www.ceoforlifeawards.com\/it\/blog\/ceoforlife-magazine-n-5\/#webpage","url":"https:\/\/www.ceoforlifeawards.com\/it\/blog\/ceoforlife-magazine-n-5\/","name":"CEOforLIFE Magazine n. 5 - CEOforLIFE - IT","isPartOf":{"@id":"https:\/\/www.ceoforlifeawards.com\/it\/#website"},"primaryImageOfPage":{"@id":"https:\/\/www.ceoforlifeawards.com\/it\/blog\/ceoforlife-magazine-n-5\/#primaryimage"},"datePublished":"2022-06-10T10:22:29+00:00","dateModified":"2023-05-10T10:22:55+00:00","author":{"@id":"https:\/\/www.ceoforlifeawards.com\/it\/#\/schema\/person\/36465d98808e061a96399c2b260155a0"},"breadcrumb":{"@id":"https:\/\/www.ceoforlifeawards.com\/it\/blog\/ceoforlife-magazine-n-5\/#breadcrumb"},"inLanguage":"it-IT","potentialAction":[{"@type":"ReadAction","target":["https:\/\/www.ceoforlifeawards.com\/it\/blog\/ceoforlife-magazine-n-5\/"]}]},{"@type":"BreadcrumbList","@id":"https:\/\/www.ceoforlifeawards.com\/it\/blog\/ceoforlife-magazine-n-5\/#breadcrumb","itemListElement":[{"@type":"ListItem","position":1,"name":"Home","item":"https:\/\/www.ceoforlifeawards.com\/it\/"},{"@type":"ListItem","position":2,"name":"CEOforLIFE Magazine n. 5"}]},{"@type":"Person","@id":"https:\/\/www.ceoforlifeawards.com\/it\/#\/schema\/person\/36465d98808e061a96399c2b260155a0","name":"ceoforlife","image":{"@type":"ImageObject","inLanguage":"it-IT","@id":"https:\/\/www.ceoforlifeawards.com\/it\/#\/schema\/person\/image\/","url":"https:\/\/secure.gravatar.com\/avatar\/f12559baef60d4f98be43d8bd8ab0ad4?s=96&d=mm&r=g","contentUrl":"https:\/\/secure.gravatar.com\/avatar\/f12559baef60d4f98be43d8bd8ab0ad4?s=96&d=mm&r=g","caption":"ceoforlife"},"url":"https:\/\/www.ceoforlifeawards.com\/it\/blog\/author\/ceoforlife\/"}]}},"_links":{"self":[{"href":"https:\/\/www.ceoforlifeawards.com\/it\/wp-json\/wp\/v2\/posts\/28931"}],"collection":[{"href":"https:\/\/www.ceoforlifeawards.com\/it\/wp-json\/wp\/v2\/posts"}],"about":[{"href":"https:\/\/www.ceoforlifeawards.com\/it\/wp-json\/wp\/v2\/types\/post"}],"author":[{"embeddable":true,"href":"https:\/\/www.ceoforlifeawards.com\/it\/wp-json\/wp\/v2\/users\/14"}],"replies":[{"embeddable":true,"href":"https:\/\/www.ceoforlifeawards.com\/it\/wp-json\/wp\/v2\/comments?post=28931"}],"version-history":[{"count":2,"href":"https:\/\/www.ceoforlifeawards.com\/it\/wp-json\/wp\/v2\/posts\/28931\/revisions"}],"predecessor-version":[{"id":28934,"href":"https:\/\/www.ceoforlifeawards.com\/it\/wp-json\/wp\/v2\/posts\/28931\/revisions\/28934"}],"wp:featuredmedia":[{"embeddable":true,"href":"https:\/\/www.ceoforlifeawards.com\/it\/wp-json\/wp\/v2\/media\/28932"}],"wp:attachment":[{"href":"https:\/\/www.ceoforlifeawards.com\/it\/wp-json\/wp\/v2\/media?parent=28931"}],"wp:term":[{"taxonomy":"category","embeddable":true,"href":"https:\/\/www.ceoforlifeawards.com\/it\/wp-json\/wp\/v2\/categories?post=28931"},{"taxonomy":"post_tag","embeddable":true,"href":"https:\/\/www.ceoforlifeawards.com\/it\/wp-json\/wp\/v2\/tags?post=28931"}],"curies":[{"name":"wp","href":"https:\/\/api.w.org\/{rel}","templated":true}]}}