{"id":28950,"date":"2023-03-10T12:48:08","date_gmt":"2023-03-10T11:48:08","guid":{"rendered":"https:\/\/www.ceoforlifeawards.com\/it\/?p=28950"},"modified":"2023-05-10T12:54:06","modified_gmt":"2023-05-10T10:54:06","slug":"ceoforlife-magazine-n-10","status":"publish","type":"post","link":"https:\/\/www.ceoforlifeawards.com\/it\/blog\/ceoforlife-magazine-n-10\/","title":{"rendered":"CEOforLIFE Magazine n. 10"},"content":{"rendered":"<p>Sono passate poche settimane dal lancio della Communication Director Sustainability Community, per l\u2019incontro di kick off che ha visto la partecipazione di tante aziende e altrettanti professionisti del settore impegnati quotidianamente nel comunicare la sostenibilit\u00e0 in maniera efficace, a reale sostegno e promozione della vita. Il calendario segnava il 17 gennaio e, nel giro del poco tempo che dal finire dell\u2019inverno ci accompagna alla primavera, come CEO<em>for<\/em>LIFE abbiamo lanciato altre due Community di settore e una terza \u00e8 in procinto di iniziare i lavori.<\/p>\n<p>Il 1 febbraio, la nostra Club House a Piazza Montecitorio ha ospitato il kick off meeting della Community dei Direttori Sostenibilit\u00e0. Guidati dalla preziosa introduzione del professor Fulvio Rossi, nel corso del meeting abbiamo avuto modo di conoscere e analizzare nel dettaglio questa relativamente \u201cnuova\u201d, ma fondamentale, figura aziendale. Con il tema dello sviluppo sostenibile che si fa sempre pi\u00f9 centrale nei business di tutti i settori, poter contare sulle competenze di professionisti impegnati concretamente nelle tematiche ESG pu\u00f2 essere sicuramente un vantaggio competitivo. Come sempre, il valore aggiunto dell\u2019incontro sono stati i temi emersi durante le sessioni di lavoro di gruppo. Anche in quest\u2019occasione, la tematica principale individuata \u00e8 stata quella della Cultura della sostenibilit\u00e0, con focus sui modi per accelerarne la crescita e contribuire cos\u00ec ad uno sviluppo sostenibile che abbracci sia la sfera aziendale che quella dell\u2019intero Paese.<\/p>\n<p><em>Ma come coinvolgere in maniera adeguata stakeholders e istituzioni quando si parla di sostenibilit\u00e0?<\/em> Nell\u2019inaugurare i lavori dell\u2019Institutional Relations Director Sustainability Community abbiamo deciso di mettere al centro della discussione questa domanda e dare una serie di risposte in grado di evolvere in spunti dai quali far migliorare l\u2019intero settore. Se il fare attivit\u00e0 di lobby un tempo era legato principalmente alla redazione di proposte di legge, con l\u2019avvento sostenibilit\u00e0 si richiede ai professionisti di questo settore di padroneggiare un tema nuovo e complesso. Solo conoscendone a pieno i meccanismi, infatti, le aziende potranno dialogare in maniera efficace con gli stakeholders e lo Stato con la doppia finalit\u00e0 di migliorare la propria reputazione e il loro approccio allo sviluppo sostenibile a 360\u00b0: non solo improntato al green ma anche ai temi della diversit\u00e0 e dell\u2019inclusione.<\/p>\n<p>Nelle prossime settimane analizzeremo l\u2019impatto dei temi della sostenibilit\u00e0 anche nella sfera delle Risorse Umane, chiamando a raccolta Direttori HR di tantissime aziende del nostro network per presentare insieme un piano di lavoro concreto che porti ad un miglioramento tangibile dell\u2019intero settore. Come sempre, la parola d\u2019ordine sar\u00e0 \u201ccollaborazione\u201d: solo insieme, infatti, raggiungeremo questi obiettivi.<\/p>\n<p>Sempre di sostenibilit\u00e0, e nello specifico di Transizione Ecologica, abbiamo poi parlato insieme ad EIIS, l\u2019Istituto Europeo per l\u2019Innovazione e la Sostenibilit\u00e0, nel corso di un workshop dedicato. Si \u00e8 trattato del primo incontro targato CEO<em>for<\/em>LIFE Education, un nuovo format che intende analizzare e scoprire, dal punto di vista didattico e informativo, tutte le sfaccettature del grande tema della sostenibilit\u00e0 e di farlo insieme a partner d\u2019eccezione.<\/p>\n<p>Nel salutarvi e, nell\u2019invitarvi a partecipare ai nostri eventi in presenza nella Club House di Montecitorio, vi ricordo che, come CEO<em>for<\/em>LIFE, stiamo lanciando i primi appuntamenti di lavoro dei nostri Osservatori Nazionali Verticali. Via web abbiamo dato il via a quelli relativi ai temi di Diversity, Equity, Inclusion &amp; Leadership e Benessere Psicologico: come sempre la partecipazione \u00e8 stata grande e questo \u00e8 il miglior indicatore possibile per capire che, insieme, siamo sulla strada giusta che porta ad un futuro migliore.<\/p>\n<p>Via web o in presenza, vi aspettiamo per lavorare insieme!<\/p>\n<p>&nbsp;<\/p>\n<p>&nbsp;<\/p>\n<p>&nbsp;<\/p>\n<p><a href=\"https:\/\/www.sfogliami.it\/fl\/272096\/sruz3uyxc9phkzn2ze8n52g7xnqbutyh?web=1&amp;wdLOR=cBB751043-625B-4955-B5AC-9B63211F67A9\">https:\/\/www.sfogliami.it\/fl\/272096\/sruz3uyxc9phkzn2ze8n52g7xnqbutyh?web=1&amp;wdLOR=cBB751043-625B-4955-B5AC-9B63211F67A9<\/a><\/p>\n","protected":false},"excerpt":{"rendered":"<p>Sono passate poche settimane dal lancio della Communication Director Sustainability Community, per l\u2019incontro di kick off che ha visto la partecipazione di tante aziende e altrettanti professionisti del settore impegnati quotidianamente nel comunicare la sostenibilit\u00e0 in maniera efficace, a reale sostegno e promozione della vita. Il calendario segnava il 17 gennaio e, nel giro del [&hellip;]<\/p>\n","protected":false},"author":14,"featured_media":28953,"comment_status":"open","ping_status":"open","sticky":false,"template":"","format":"standard","meta":[],"categories":[296,359],"tags":[],"yoast_head":"<!-- This site is optimized with the Yoast SEO plugin v18.7 - https:\/\/yoast.com\/wordpress\/plugins\/seo\/ -->\n<title>CEOforLIFE Magazine n. 10 - CEOforLIFE - IT<\/title>\n<meta name=\"robots\" content=\"index, follow, max-snippet:-1, max-image-preview:large, max-video-preview:-1\" \/>\n<link rel=\"canonical\" href=\"https:\/\/www.ceoforlifeawards.com\/it\/blog\/ceoforlife-magazine-n-10\/\" \/>\n<meta property=\"og:locale\" content=\"it_IT\" \/>\n<meta property=\"og:type\" content=\"article\" \/>\n<meta property=\"og:title\" content=\"CEOforLIFE Magazine n. 10 - CEOforLIFE - IT\" \/>\n<meta property=\"og:description\" content=\"Sono passate poche settimane dal lancio della Communication Director Sustainability Community, per l\u2019incontro di kick off che ha visto la partecipazione di tante aziende e altrettanti professionisti del settore impegnati quotidianamente nel comunicare la sostenibilit\u00e0 in maniera efficace, a reale sostegno e promozione della vita. Il calendario segnava il 17 gennaio e, nel giro del [&hellip;]\" \/>\n<meta property=\"og:url\" content=\"https:\/\/www.ceoforlifeawards.com\/it\/blog\/ceoforlife-magazine-n-10\/\" \/>\n<meta property=\"og:site_name\" content=\"CEOforLIFE - IT\" \/>\n<meta property=\"article:published_time\" content=\"2023-03-10T11:48:08+00:00\" \/>\n<meta property=\"article:modified_time\" content=\"2023-05-10T10:54:06+00:00\" \/>\n<meta property=\"og:image\" content=\"https:\/\/www.ceoforlifeawards.com\/it\/wp-content\/uploads\/sites\/3\/2023\/05\/n10.png\" \/>\n\t<meta property=\"og:image:width\" content=\"590\" \/>\n\t<meta property=\"og:image:height\" content=\"781\" \/>\n\t<meta property=\"og:image:type\" content=\"image\/png\" \/>\n<meta name=\"twitter:card\" content=\"summary_large_image\" \/>\n<meta name=\"twitter:label1\" content=\"Scritto da\" \/>\n\t<meta name=\"twitter:data1\" content=\"ceoforlife\" \/>\n\t<meta name=\"twitter:label2\" content=\"Tempo di lettura stimato\" \/>\n\t<meta name=\"twitter:data2\" content=\"3 minuti\" \/>\n<script type=\"application\/ld+json\" class=\"yoast-schema-graph\">{\"@context\":\"https:\/\/schema.org\",\"@graph\":[{\"@type\":\"WebSite\",\"@id\":\"https:\/\/www.ceoforlifeawards.com\/it\/#website\",\"url\":\"https:\/\/www.ceoforlifeawards.com\/it\/\",\"name\":\"CEOforLIFE - IT\",\"description\":\"\",\"potentialAction\":[{\"@type\":\"SearchAction\",\"target\":{\"@type\":\"EntryPoint\",\"urlTemplate\":\"https:\/\/www.ceoforlifeawards.com\/it\/?s={search_term_string}\"},\"query-input\":\"required name=search_term_string\"}],\"inLanguage\":\"it-IT\"},{\"@type\":\"ImageObject\",\"inLanguage\":\"it-IT\",\"@id\":\"https:\/\/www.ceoforlifeawards.com\/it\/blog\/ceoforlife-magazine-n-10\/#primaryimage\",\"url\":\"https:\/\/www.ceoforlifeawards.com\/it\/wp-content\/uploads\/sites\/3\/2023\/05\/n10.png\",\"contentUrl\":\"https:\/\/www.ceoforlifeawards.com\/it\/wp-content\/uploads\/sites\/3\/2023\/05\/n10.png\",\"width\":590,\"height\":781},{\"@type\":\"WebPage\",\"@id\":\"https:\/\/www.ceoforlifeawards.com\/it\/blog\/ceoforlife-magazine-n-10\/#webpage\",\"url\":\"https:\/\/www.ceoforlifeawards.com\/it\/blog\/ceoforlife-magazine-n-10\/\",\"name\":\"CEOforLIFE Magazine n. 10 - CEOforLIFE - IT\",\"isPartOf\":{\"@id\":\"https:\/\/www.ceoforlifeawards.com\/it\/#website\"},\"primaryImageOfPage\":{\"@id\":\"https:\/\/www.ceoforlifeawards.com\/it\/blog\/ceoforlife-magazine-n-10\/#primaryimage\"},\"datePublished\":\"2023-03-10T11:48:08+00:00\",\"dateModified\":\"2023-05-10T10:54:06+00:00\",\"author\":{\"@id\":\"https:\/\/www.ceoforlifeawards.com\/it\/#\/schema\/person\/36465d98808e061a96399c2b260155a0\"},\"breadcrumb\":{\"@id\":\"https:\/\/www.ceoforlifeawards.com\/it\/blog\/ceoforlife-magazine-n-10\/#breadcrumb\"},\"inLanguage\":\"it-IT\",\"potentialAction\":[{\"@type\":\"ReadAction\",\"target\":[\"https:\/\/www.ceoforlifeawards.com\/it\/blog\/ceoforlife-magazine-n-10\/\"]}]},{\"@type\":\"BreadcrumbList\",\"@id\":\"https:\/\/www.ceoforlifeawards.com\/it\/blog\/ceoforlife-magazine-n-10\/#breadcrumb\",\"itemListElement\":[{\"@type\":\"ListItem\",\"position\":1,\"name\":\"Home\",\"item\":\"https:\/\/www.ceoforlifeawards.com\/it\/\"},{\"@type\":\"ListItem\",\"position\":2,\"name\":\"CEOforLIFE Magazine n. 10\"}]},{\"@type\":\"Person\",\"@id\":\"https:\/\/www.ceoforlifeawards.com\/it\/#\/schema\/person\/36465d98808e061a96399c2b260155a0\",\"name\":\"ceoforlife\",\"image\":{\"@type\":\"ImageObject\",\"inLanguage\":\"it-IT\",\"@id\":\"https:\/\/www.ceoforlifeawards.com\/it\/#\/schema\/person\/image\/\",\"url\":\"https:\/\/secure.gravatar.com\/avatar\/f12559baef60d4f98be43d8bd8ab0ad4?s=96&d=mm&r=g\",\"contentUrl\":\"https:\/\/secure.gravatar.com\/avatar\/f12559baef60d4f98be43d8bd8ab0ad4?s=96&d=mm&r=g\",\"caption\":\"ceoforlife\"},\"url\":\"https:\/\/www.ceoforlifeawards.com\/it\/blog\/author\/ceoforlife\/\"}]}<\/script>\n<!-- \/ Yoast SEO plugin. -->","yoast_head_json":{"title":"CEOforLIFE Magazine n. 10 - CEOforLIFE - IT","robots":{"index":"index","follow":"follow","max-snippet":"max-snippet:-1","max-image-preview":"max-image-preview:large","max-video-preview":"max-video-preview:-1"},"canonical":"https:\/\/www.ceoforlifeawards.com\/it\/blog\/ceoforlife-magazine-n-10\/","og_locale":"it_IT","og_type":"article","og_title":"CEOforLIFE Magazine n. 10 - CEOforLIFE - IT","og_description":"Sono passate poche settimane dal lancio della Communication Director Sustainability Community, per l\u2019incontro di kick off che ha visto la partecipazione di tante aziende e altrettanti professionisti del settore impegnati quotidianamente nel comunicare la sostenibilit\u00e0 in maniera efficace, a reale sostegno e promozione della vita. Il calendario segnava il 17 gennaio e, nel giro del [&hellip;]","og_url":"https:\/\/www.ceoforlifeawards.com\/it\/blog\/ceoforlife-magazine-n-10\/","og_site_name":"CEOforLIFE - IT","article_published_time":"2023-03-10T11:48:08+00:00","article_modified_time":"2023-05-10T10:54:06+00:00","og_image":[{"width":590,"height":781,"url":"https:\/\/www.ceoforlifeawards.com\/it\/wp-content\/uploads\/sites\/3\/2023\/05\/n10.png","type":"image\/png"}],"twitter_card":"summary_large_image","twitter_misc":{"Scritto da":"ceoforlife","Tempo di lettura stimato":"3 minuti"},"schema":{"@context":"https:\/\/schema.org","@graph":[{"@type":"WebSite","@id":"https:\/\/www.ceoforlifeawards.com\/it\/#website","url":"https:\/\/www.ceoforlifeawards.com\/it\/","name":"CEOforLIFE - IT","description":"","potentialAction":[{"@type":"SearchAction","target":{"@type":"EntryPoint","urlTemplate":"https:\/\/www.ceoforlifeawards.com\/it\/?s={search_term_string}"},"query-input":"required name=search_term_string"}],"inLanguage":"it-IT"},{"@type":"ImageObject","inLanguage":"it-IT","@id":"https:\/\/www.ceoforlifeawards.com\/it\/blog\/ceoforlife-magazine-n-10\/#primaryimage","url":"https:\/\/www.ceoforlifeawards.com\/it\/wp-content\/uploads\/sites\/3\/2023\/05\/n10.png","contentUrl":"https:\/\/www.ceoforlifeawards.com\/it\/wp-content\/uploads\/sites\/3\/2023\/05\/n10.png","width":590,"height":781},{"@type":"WebPage","@id":"https:\/\/www.ceoforlifeawards.com\/it\/blog\/ceoforlife-magazine-n-10\/#webpage","url":"https:\/\/www.ceoforlifeawards.com\/it\/blog\/ceoforlife-magazine-n-10\/","name":"CEOforLIFE Magazine n. 10 - CEOforLIFE - IT","isPartOf":{"@id":"https:\/\/www.ceoforlifeawards.com\/it\/#website"},"primaryImageOfPage":{"@id":"https:\/\/www.ceoforlifeawards.com\/it\/blog\/ceoforlife-magazine-n-10\/#primaryimage"},"datePublished":"2023-03-10T11:48:08+00:00","dateModified":"2023-05-10T10:54:06+00:00","author":{"@id":"https:\/\/www.ceoforlifeawards.com\/it\/#\/schema\/person\/36465d98808e061a96399c2b260155a0"},"breadcrumb":{"@id":"https:\/\/www.ceoforlifeawards.com\/it\/blog\/ceoforlife-magazine-n-10\/#breadcrumb"},"inLanguage":"it-IT","potentialAction":[{"@type":"ReadAction","target":["https:\/\/www.ceoforlifeawards.com\/it\/blog\/ceoforlife-magazine-n-10\/"]}]},{"@type":"BreadcrumbList","@id":"https:\/\/www.ceoforlifeawards.com\/it\/blog\/ceoforlife-magazine-n-10\/#breadcrumb","itemListElement":[{"@type":"ListItem","position":1,"name":"Home","item":"https:\/\/www.ceoforlifeawards.com\/it\/"},{"@type":"ListItem","position":2,"name":"CEOforLIFE Magazine n. 10"}]},{"@type":"Person","@id":"https:\/\/www.ceoforlifeawards.com\/it\/#\/schema\/person\/36465d98808e061a96399c2b260155a0","name":"ceoforlife","image":{"@type":"ImageObject","inLanguage":"it-IT","@id":"https:\/\/www.ceoforlifeawards.com\/it\/#\/schema\/person\/image\/","url":"https:\/\/secure.gravatar.com\/avatar\/f12559baef60d4f98be43d8bd8ab0ad4?s=96&d=mm&r=g","contentUrl":"https:\/\/secure.gravatar.com\/avatar\/f12559baef60d4f98be43d8bd8ab0ad4?s=96&d=mm&r=g","caption":"ceoforlife"},"url":"https:\/\/www.ceoforlifeawards.com\/it\/blog\/author\/ceoforlife\/"}]}},"_links":{"self":[{"href":"https:\/\/www.ceoforlifeawards.com\/it\/wp-json\/wp\/v2\/posts\/28950"}],"collection":[{"href":"https:\/\/www.ceoforlifeawards.com\/it\/wp-json\/wp\/v2\/posts"}],"about":[{"href":"https:\/\/www.ceoforlifeawards.com\/it\/wp-json\/wp\/v2\/types\/post"}],"author":[{"embeddable":true,"href":"https:\/\/www.ceoforlifeawards.com\/it\/wp-json\/wp\/v2\/users\/14"}],"replies":[{"embeddable":true,"href":"https:\/\/www.ceoforlifeawards.com\/it\/wp-json\/wp\/v2\/comments?post=28950"}],"version-history":[{"count":2,"href":"https:\/\/www.ceoforlifeawards.com\/it\/wp-json\/wp\/v2\/posts\/28950\/revisions"}],"predecessor-version":[{"id":28961,"href":"https:\/\/www.ceoforlifeawards.com\/it\/wp-json\/wp\/v2\/posts\/28950\/revisions\/28961"}],"wp:featuredmedia":[{"embeddable":true,"href":"https:\/\/www.ceoforlifeawards.com\/it\/wp-json\/wp\/v2\/media\/28953"}],"wp:attachment":[{"href":"https:\/\/www.ceoforlifeawards.com\/it\/wp-json\/wp\/v2\/media?parent=28950"}],"wp:term":[{"taxonomy":"category","embeddable":true,"href":"https:\/\/www.ceoforlifeawards.com\/it\/wp-json\/wp\/v2\/categories?post=28950"},{"taxonomy":"post_tag","embeddable":true,"href":"https:\/\/www.ceoforlifeawards.com\/it\/wp-json\/wp\/v2\/tags?post=28950"}],"curies":[{"name":"wp","href":"https:\/\/api.w.org\/{rel}","templated":true}]}}