{"id":30582,"date":"2023-06-22T12:35:42","date_gmt":"2023-06-22T10:35:42","guid":{"rendered":"https:\/\/www.ceoforlifeawards.com\/it\/?p=30582"},"modified":"2023-06-22T12:35:42","modified_gmt":"2023-06-22T10:35:42","slug":"work-life-balance-la-formula-dedalus-per-il-benessere-dei-lavoratori","status":"publish","type":"post","link":"https:\/\/www.ceoforlifeawards.com\/it\/blog\/work-life-balance-la-formula-dedalus-per-il-benessere-dei-lavoratori\/","title":{"rendered":"Work Life Balance: la formula Dedalus per il benessere dei lavoratori"},"content":{"rendered":"<p>Il Work Life Balance, il desiderio di un sano equilibrio tra lavoro e vita privata, \u00e8 un fenomeno che ha assunto sempre pi\u00f9 rilevanza e da cui dipende la soddisfazione dei collaboratori, la loro capacit\u00e0 di performare, sia individualmente che all\u2019interno di un gruppo di lavoro, e la loro motivazione. Come parte del proprio percorso culturale, considerate le difficolt\u00e0 di conciliare l\u2019orario di lavoro con il tempo da dedicare all\u2019attivit\u00e0 personale per via dello smart working, Dedalus opera in modo costante per costruire iniziative volte a supportare il benessere dei propri dipendenti.<\/p>\n<p>In vista del periodo estivo, il Leadership Team aziendale ha stabilito regole pi\u00f9 stringenti per aiutare le persone a proteggere il tempo da dedicare all\u2019operativit\u00e0 e a trovare un equilibrio e un migliore Work Life Balance.<\/p>\n<p>Tra queste, il \u201c<strong>Venerd\u00ec Protetto\u201d<\/strong>, che prevede che non vengano pianificati meeting o call il venerd\u00ec pomeriggio dalle ore 14, per avere tempo per le proprie attivit\u00e0 o semplicemente per dedicarsi alla formazione o alle progettualit\u00e0 lasciate in sospeso durante la settimana.<\/p>\n<p>Previsto anche un \u201c<strong>Tempo protetto<\/strong>\u201d, in cui si chiede al dipendente di non effettuare scambi di mail, chat o telefonate tra le ore 19 e le ore 08 e durante il fine settimana e festivi, al fine di proteggere il tempo dedicato alla propria vita personale.<\/p>\n<p>Queste iniziative permetteranno di organizzare meglio le attivit\u00e0 di ciascuna persona per poter usufruire del \u201cVenerd\u00ec pomeriggio libero\u201d. Da giugno a settembre, infatti, i dipendenti avranno la possibilit\u00e0, concordandolo con il proprio responsabile, di utilizzare la mezza giornata di permessi o ferie.<\/p>\n<p>Dedalus \u00e8 convinta che il buon senso e la disciplina, sia individuale che di team, siano gli ingredienti fondamentali per far s\u00ec che ogni collaboratore possa lavorare in modo equilibrato ed efficiente.<\/p>\n","protected":false},"excerpt":{"rendered":"<p>Il Work Life Balance, il desiderio di un sano equilibrio tra lavoro e vita privata, \u00e8 un fenomeno che ha assunto sempre pi\u00f9 rilevanza e da cui dipende la soddisfazione dei collaboratori, la loro capacit\u00e0 di performare, sia individualmente che all\u2019interno di un gruppo di lavoro, e la loro motivazione. Come parte del proprio percorso [&hellip;]<\/p>\n","protected":false},"author":6,"featured_media":30583,"comment_status":"open","ping_status":"open","sticky":false,"template":"","format":"standard","meta":[],"categories":[178,102,96,95],"tags":[],"yoast_head":"<!-- This site is optimized with the Yoast SEO plugin v18.7 - https:\/\/yoast.com\/wordpress\/plugins\/seo\/ -->\n<title>Work Life Balance: la formula Dedalus per il benessere dei lavoratori - CEOforLIFE - IT<\/title>\n<meta name=\"robots\" content=\"index, follow, max-snippet:-1, max-image-preview:large, max-video-preview:-1\" \/>\n<link rel=\"canonical\" href=\"https:\/\/www.ceoforlifeawards.com\/it\/blog\/work-life-balance-la-formula-dedalus-per-il-benessere-dei-lavoratori\/\" \/>\n<meta property=\"og:locale\" content=\"it_IT\" \/>\n<meta property=\"og:type\" content=\"article\" \/>\n<meta property=\"og:title\" content=\"Work Life Balance: la formula Dedalus per il benessere dei lavoratori - CEOforLIFE - IT\" \/>\n<meta property=\"og:description\" content=\"Il Work Life Balance, il desiderio di un sano equilibrio tra lavoro e vita privata, \u00e8 un fenomeno che ha assunto sempre pi\u00f9 rilevanza e da cui dipende la soddisfazione dei collaboratori, la loro capacit\u00e0 di performare, sia individualmente che all\u2019interno di un gruppo di lavoro, e la loro motivazione. Come parte del proprio percorso [&hellip;]\" \/>\n<meta property=\"og:url\" content=\"https:\/\/www.ceoforlifeawards.com\/it\/blog\/work-life-balance-la-formula-dedalus-per-il-benessere-dei-lavoratori\/\" \/>\n<meta property=\"og:site_name\" content=\"CEOforLIFE - IT\" \/>\n<meta property=\"article:published_time\" content=\"2023-06-22T10:35:42+00:00\" \/>\n<meta property=\"og:image\" content=\"https:\/\/www.ceoforlifeawards.com\/it\/wp-content\/uploads\/sites\/3\/2023\/06\/Immagine6-scaled.jpg\" \/>\n\t<meta property=\"og:image:width\" content=\"2560\" \/>\n\t<meta property=\"og:image:height\" content=\"1709\" \/>\n\t<meta property=\"og:image:type\" content=\"image\/jpeg\" \/>\n<meta name=\"twitter:card\" content=\"summary_large_image\" \/>\n<meta name=\"twitter:label1\" content=\"Scritto da\" \/>\n\t<meta name=\"twitter:data1\" content=\"d.digiuseppe@hrcigroup.com\" \/>\n\t<meta name=\"twitter:label2\" content=\"Tempo di lettura stimato\" \/>\n\t<meta name=\"twitter:data2\" content=\"2 minuti\" \/>\n<script type=\"application\/ld+json\" class=\"yoast-schema-graph\">{\"@context\":\"https:\/\/schema.org\",\"@graph\":[{\"@type\":\"WebSite\",\"@id\":\"https:\/\/www.ceoforlifeawards.com\/it\/#website\",\"url\":\"https:\/\/www.ceoforlifeawards.com\/it\/\",\"name\":\"CEOforLIFE - IT\",\"description\":\"\",\"potentialAction\":[{\"@type\":\"SearchAction\",\"target\":{\"@type\":\"EntryPoint\",\"urlTemplate\":\"https:\/\/www.ceoforlifeawards.com\/it\/?s={search_term_string}\"},\"query-input\":\"required name=search_term_string\"}],\"inLanguage\":\"it-IT\"},{\"@type\":\"ImageObject\",\"inLanguage\":\"it-IT\",\"@id\":\"https:\/\/www.ceoforlifeawards.com\/it\/blog\/work-life-balance-la-formula-dedalus-per-il-benessere-dei-lavoratori\/#primaryimage\",\"url\":\"https:\/\/www.ceoforlifeawards.com\/it\/wp-content\/uploads\/sites\/3\/2023\/06\/Immagine6-scaled.jpg\",\"contentUrl\":\"https:\/\/www.ceoforlifeawards.com\/it\/wp-content\/uploads\/sites\/3\/2023\/06\/Immagine6-scaled.jpg\",\"width\":2560,\"height\":1709},{\"@type\":\"WebPage\",\"@id\":\"https:\/\/www.ceoforlifeawards.com\/it\/blog\/work-life-balance-la-formula-dedalus-per-il-benessere-dei-lavoratori\/#webpage\",\"url\":\"https:\/\/www.ceoforlifeawards.com\/it\/blog\/work-life-balance-la-formula-dedalus-per-il-benessere-dei-lavoratori\/\",\"name\":\"Work Life Balance: la formula Dedalus per il benessere dei lavoratori - CEOforLIFE - IT\",\"isPartOf\":{\"@id\":\"https:\/\/www.ceoforlifeawards.com\/it\/#website\"},\"primaryImageOfPage\":{\"@id\":\"https:\/\/www.ceoforlifeawards.com\/it\/blog\/work-life-balance-la-formula-dedalus-per-il-benessere-dei-lavoratori\/#primaryimage\"},\"datePublished\":\"2023-06-22T10:35:42+00:00\",\"dateModified\":\"2023-06-22T10:35:42+00:00\",\"author\":{\"@id\":\"https:\/\/www.ceoforlifeawards.com\/it\/#\/schema\/person\/9c2802d81c81cfba5c28677408d38d09\"},\"breadcrumb\":{\"@id\":\"https:\/\/www.ceoforlifeawards.com\/it\/blog\/work-life-balance-la-formula-dedalus-per-il-benessere-dei-lavoratori\/#breadcrumb\"},\"inLanguage\":\"it-IT\",\"potentialAction\":[{\"@type\":\"ReadAction\",\"target\":[\"https:\/\/www.ceoforlifeawards.com\/it\/blog\/work-life-balance-la-formula-dedalus-per-il-benessere-dei-lavoratori\/\"]}]},{\"@type\":\"BreadcrumbList\",\"@id\":\"https:\/\/www.ceoforlifeawards.com\/it\/blog\/work-life-balance-la-formula-dedalus-per-il-benessere-dei-lavoratori\/#breadcrumb\",\"itemListElement\":[{\"@type\":\"ListItem\",\"position\":1,\"name\":\"Home\",\"item\":\"https:\/\/www.ceoforlifeawards.com\/it\/\"},{\"@type\":\"ListItem\",\"position\":2,\"name\":\"Work Life Balance: la formula Dedalus per il benessere dei lavoratori\"}]},{\"@type\":\"Person\",\"@id\":\"https:\/\/www.ceoforlifeawards.com\/it\/#\/schema\/person\/9c2802d81c81cfba5c28677408d38d09\",\"name\":\"d.digiuseppe@hrcigroup.com\",\"image\":{\"@type\":\"ImageObject\",\"inLanguage\":\"it-IT\",\"@id\":\"https:\/\/www.ceoforlifeawards.com\/it\/#\/schema\/person\/image\/\",\"url\":\"https:\/\/secure.gravatar.com\/avatar\/b464a83ee224f75bb37df0992d8d2b48?s=96&d=mm&r=g\",\"contentUrl\":\"https:\/\/secure.gravatar.com\/avatar\/b464a83ee224f75bb37df0992d8d2b48?s=96&d=mm&r=g\",\"caption\":\"d.digiuseppe@hrcigroup.com\"},\"url\":\"https:\/\/www.ceoforlifeawards.com\/it\/blog\/author\/d-digiuseppehrcigroup-com\/\"}]}<\/script>\n<!-- \/ Yoast SEO plugin. -->","yoast_head_json":{"title":"Work Life Balance: la formula Dedalus per il benessere dei lavoratori - CEOforLIFE - IT","robots":{"index":"index","follow":"follow","max-snippet":"max-snippet:-1","max-image-preview":"max-image-preview:large","max-video-preview":"max-video-preview:-1"},"canonical":"https:\/\/www.ceoforlifeawards.com\/it\/blog\/work-life-balance-la-formula-dedalus-per-il-benessere-dei-lavoratori\/","og_locale":"it_IT","og_type":"article","og_title":"Work Life Balance: la formula Dedalus per il benessere dei lavoratori - CEOforLIFE - IT","og_description":"Il Work Life Balance, il desiderio di un sano equilibrio tra lavoro e vita privata, \u00e8 un fenomeno che ha assunto sempre pi\u00f9 rilevanza e da cui dipende la soddisfazione dei collaboratori, la loro capacit\u00e0 di performare, sia individualmente che all\u2019interno di un gruppo di lavoro, e la loro motivazione. Come parte del proprio percorso [&hellip;]","og_url":"https:\/\/www.ceoforlifeawards.com\/it\/blog\/work-life-balance-la-formula-dedalus-per-il-benessere-dei-lavoratori\/","og_site_name":"CEOforLIFE - IT","article_published_time":"2023-06-22T10:35:42+00:00","og_image":[{"width":2560,"height":1709,"url":"https:\/\/www.ceoforlifeawards.com\/it\/wp-content\/uploads\/sites\/3\/2023\/06\/Immagine6-scaled.jpg","type":"image\/jpeg"}],"twitter_card":"summary_large_image","twitter_misc":{"Scritto da":"d.digiuseppe@hrcigroup.com","Tempo di lettura stimato":"2 minuti"},"schema":{"@context":"https:\/\/schema.org","@graph":[{"@type":"WebSite","@id":"https:\/\/www.ceoforlifeawards.com\/it\/#website","url":"https:\/\/www.ceoforlifeawards.com\/it\/","name":"CEOforLIFE - IT","description":"","potentialAction":[{"@type":"SearchAction","target":{"@type":"EntryPoint","urlTemplate":"https:\/\/www.ceoforlifeawards.com\/it\/?s={search_term_string}"},"query-input":"required name=search_term_string"}],"inLanguage":"it-IT"},{"@type":"ImageObject","inLanguage":"it-IT","@id":"https:\/\/www.ceoforlifeawards.com\/it\/blog\/work-life-balance-la-formula-dedalus-per-il-benessere-dei-lavoratori\/#primaryimage","url":"https:\/\/www.ceoforlifeawards.com\/it\/wp-content\/uploads\/sites\/3\/2023\/06\/Immagine6-scaled.jpg","contentUrl":"https:\/\/www.ceoforlifeawards.com\/it\/wp-content\/uploads\/sites\/3\/2023\/06\/Immagine6-scaled.jpg","width":2560,"height":1709},{"@type":"WebPage","@id":"https:\/\/www.ceoforlifeawards.com\/it\/blog\/work-life-balance-la-formula-dedalus-per-il-benessere-dei-lavoratori\/#webpage","url":"https:\/\/www.ceoforlifeawards.com\/it\/blog\/work-life-balance-la-formula-dedalus-per-il-benessere-dei-lavoratori\/","name":"Work Life Balance: la formula Dedalus per il benessere dei lavoratori - CEOforLIFE - IT","isPartOf":{"@id":"https:\/\/www.ceoforlifeawards.com\/it\/#website"},"primaryImageOfPage":{"@id":"https:\/\/www.ceoforlifeawards.com\/it\/blog\/work-life-balance-la-formula-dedalus-per-il-benessere-dei-lavoratori\/#primaryimage"},"datePublished":"2023-06-22T10:35:42+00:00","dateModified":"2023-06-22T10:35:42+00:00","author":{"@id":"https:\/\/www.ceoforlifeawards.com\/it\/#\/schema\/person\/9c2802d81c81cfba5c28677408d38d09"},"breadcrumb":{"@id":"https:\/\/www.ceoforlifeawards.com\/it\/blog\/work-life-balance-la-formula-dedalus-per-il-benessere-dei-lavoratori\/#breadcrumb"},"inLanguage":"it-IT","potentialAction":[{"@type":"ReadAction","target":["https:\/\/www.ceoforlifeawards.com\/it\/blog\/work-life-balance-la-formula-dedalus-per-il-benessere-dei-lavoratori\/"]}]},{"@type":"BreadcrumbList","@id":"https:\/\/www.ceoforlifeawards.com\/it\/blog\/work-life-balance-la-formula-dedalus-per-il-benessere-dei-lavoratori\/#breadcrumb","itemListElement":[{"@type":"ListItem","position":1,"name":"Home","item":"https:\/\/www.ceoforlifeawards.com\/it\/"},{"@type":"ListItem","position":2,"name":"Work Life Balance: la formula Dedalus per il benessere dei lavoratori"}]},{"@type":"Person","@id":"https:\/\/www.ceoforlifeawards.com\/it\/#\/schema\/person\/9c2802d81c81cfba5c28677408d38d09","name":"d.digiuseppe@hrcigroup.com","image":{"@type":"ImageObject","inLanguage":"it-IT","@id":"https:\/\/www.ceoforlifeawards.com\/it\/#\/schema\/person\/image\/","url":"https:\/\/secure.gravatar.com\/avatar\/b464a83ee224f75bb37df0992d8d2b48?s=96&d=mm&r=g","contentUrl":"https:\/\/secure.gravatar.com\/avatar\/b464a83ee224f75bb37df0992d8d2b48?s=96&d=mm&r=g","caption":"d.digiuseppe@hrcigroup.com"},"url":"https:\/\/www.ceoforlifeawards.com\/it\/blog\/author\/d-digiuseppehrcigroup-com\/"}]}},"_links":{"self":[{"href":"https:\/\/www.ceoforlifeawards.com\/it\/wp-json\/wp\/v2\/posts\/30582"}],"collection":[{"href":"https:\/\/www.ceoforlifeawards.com\/it\/wp-json\/wp\/v2\/posts"}],"about":[{"href":"https:\/\/www.ceoforlifeawards.com\/it\/wp-json\/wp\/v2\/types\/post"}],"author":[{"embeddable":true,"href":"https:\/\/www.ceoforlifeawards.com\/it\/wp-json\/wp\/v2\/users\/6"}],"replies":[{"embeddable":true,"href":"https:\/\/www.ceoforlifeawards.com\/it\/wp-json\/wp\/v2\/comments?post=30582"}],"version-history":[{"count":1,"href":"https:\/\/www.ceoforlifeawards.com\/it\/wp-json\/wp\/v2\/posts\/30582\/revisions"}],"predecessor-version":[{"id":30584,"href":"https:\/\/www.ceoforlifeawards.com\/it\/wp-json\/wp\/v2\/posts\/30582\/revisions\/30584"}],"wp:featuredmedia":[{"embeddable":true,"href":"https:\/\/www.ceoforlifeawards.com\/it\/wp-json\/wp\/v2\/media\/30583"}],"wp:attachment":[{"href":"https:\/\/www.ceoforlifeawards.com\/it\/wp-json\/wp\/v2\/media?parent=30582"}],"wp:term":[{"taxonomy":"category","embeddable":true,"href":"https:\/\/www.ceoforlifeawards.com\/it\/wp-json\/wp\/v2\/categories?post=30582"},{"taxonomy":"post_tag","embeddable":true,"href":"https:\/\/www.ceoforlifeawards.com\/it\/wp-json\/wp\/v2\/tags?post=30582"}],"curies":[{"name":"wp","href":"https:\/\/api.w.org\/{rel}","templated":true}]}}