{"id":34055,"date":"2023-07-19T00:00:17","date_gmt":"2023-07-18T22:00:17","guid":{"rendered":"https:\/\/www.ceoforlifeawards.com\/it\/?p=34055"},"modified":"2023-09-22T16:59:17","modified_gmt":"2023-09-22T14:59:17","slug":"gruppo-hera-grazie-alla-partnership-con-f-lli-franchini-accelera-sulle-rinnovabili","status":"publish","type":"post","link":"https:\/\/www.ceoforlifeawards.com\/it\/blog\/gruppo-hera-grazie-alla-partnership-con-f-lli-franchini-accelera-sulle-rinnovabili\/","title":{"rendered":"Gruppo Hera: grazie alla partnership con F.lli Franchini accelera sulle rinnovabili"},"content":{"rendered":"<p>Il Gruppo Hera, tramite la controllata Hera Comm, ha perfezionato questa mattina l\u2019acquisizione del 60% della societ\u00e0 F.lli Franchini Srl, con sede a Rimini, con una consolidata esperienza nel mondo della progettazione, installazione e manutenzione di tutti i tipi di impianti tecnologici per aziende, pubblica amministrazione e strutture ricettive, e da 17 anni attiva nel settore della produzione di fonti rinnovabili ad altissimo rendimento per clienti industriali pubblici e privati in tutta Italia.<\/p>\n<p>Il restante 40% dell\u2019azienda rimane in capo alla Franchini Group Srl, di propriet\u00e0 dei fratelli Pierpaolo e Marco Franchini, che mantengono il ruolo di Amministratori Delegati.<\/p>\n<p>La partnership con un operatore storico, attivo sia a livello locale che nel panorama nazionale, consentir\u00e0 al Gruppo Hera di acquisire nuove competenze tecniche in particolare nel mercato fotovoltaico, ampliare il proprio portafoglio di soluzioni per la clientela business e rispondere alla crescente domanda di soluzioni impiantistiche da fonti rinnovabili, rafforzando ulteriormente il proprio presidio nel mercato energy italiano.<\/p>\n<p>&nbsp;<\/p>\n<p><strong>I dettagli della partnership<\/strong><\/p>\n<p>L\u2019azienda F.lli Franchini vanta oltre mezzo secolo di attivit\u00e0 nel settore impiantistico: dal 1959 realizza impianti tecnologici e dal 2006 si \u00e8 impegnata anche nel settore delle energie rinnovabili, sviluppando progetti per clienti business, in campo alberghiero, portuale, ospedaliero, industriale, retail e museale. La societ\u00e0 \u00e8 il partner di riferimento per i propri clienti del settore industriale, sia pubblico che privato, a cui \u00e8 in grado di offrire soluzioni integrate in tutte le fasi necessarie all\u2019installazione e manutenzione di impianti elettrici, meccanici, fotovoltaici di grandi dimensioni e di efficientamento energetico. Ha installato negli anni oltre 300 impianti.<\/p>\n<p>Questa operazione potenzia la capacit\u00e0 del Gruppo Hera di supportare i propri clienti nel percorso della decarbonizzazione anche attraverso l\u2019installazione di impianti di produzione fotovoltaica, dai tradizionali sistemi di pannelli fotovoltaici fino ai nuovi modelli di generazione distribuita di energia elettrica come le Comunit\u00e0 Energetiche Rinnovabili.<\/p>\n<p>Le infrastrutture di ricarica per la mobilit\u00e0 elettrica, la fornitura e installazione di caldaie e condizionatori ad alta efficienza e sistemi per l\u2019efficienza energetica completano questa offerta. Attivit\u00e0 che concorreranno a raggiungere l\u2019obiettivo di riduzione del 37% delle emissioni al 2030, gi\u00e0 validato dal prestigioso network internazionale Science Based Target initiative (SBTi).<\/p>\n<p><em>\u201cCon questa partnership consolidiamo la nostra capacit\u00e0 di supportare i clienti nel percorso verso la transizione energetica e l\u2019elettrificazione dei consumi con strumenti per l\u2019efficientamento energetico e l\u2019auto produzione\u201d<\/em> &#8211; ha dichiarato <strong>Cristian Fabbri, Presidente Esecutivo del Gruppo Hera<\/strong>. <em>\u201cInoltre, in piena continuit\u00e0 con le operazioni gi\u00e0 concluse in questi anni per i clienti residenziali, questa partnership ci consente di potenziare i servizi a valore aggiunto dedicati alle aziende, espandere la capacit\u00e0 operativa e impiantistica, con benefici concreti per tutti i nostri clienti business\u201d.<\/em><\/p>\n","protected":false},"excerpt":{"rendered":"<p>Il Gruppo Hera, tramite la controllata Hera Comm, ha perfezionato questa mattina l\u2019acquisizione del 60% della societ\u00e0 F.lli Franchini Srl, con sede a Rimini, con una consolidata esperienza nel mondo della progettazione, installazione e manutenzione di tutti i tipi di impianti tecnologici per aziende, pubblica amministrazione e strutture ricettive, e da 17 anni attiva nel [&hellip;]<\/p>\n","protected":false},"author":6,"featured_media":36753,"comment_status":"open","ping_status":"open","sticky":false,"template":"","format":"standard","meta":[],"categories":[204,339,217,96,95],"tags":[],"yoast_head":"<!-- This site is optimized with the Yoast SEO plugin v18.7 - https:\/\/yoast.com\/wordpress\/plugins\/seo\/ -->\n<title>Gruppo Hera: grazie alla partnership con F.lli Franchini accelera sulle rinnovabili - CEOforLIFE - IT<\/title>\n<meta name=\"robots\" content=\"index, follow, max-snippet:-1, max-image-preview:large, max-video-preview:-1\" \/>\n<link rel=\"canonical\" href=\"https:\/\/www.ceoforlifeawards.com\/it\/blog\/gruppo-hera-grazie-alla-partnership-con-f-lli-franchini-accelera-sulle-rinnovabili\/\" \/>\n<meta property=\"og:locale\" content=\"it_IT\" \/>\n<meta property=\"og:type\" content=\"article\" \/>\n<meta property=\"og:title\" content=\"Gruppo Hera: grazie alla partnership con F.lli Franchini accelera sulle rinnovabili - CEOforLIFE - IT\" \/>\n<meta property=\"og:description\" content=\"Il Gruppo Hera, tramite la controllata Hera Comm, ha perfezionato questa mattina l\u2019acquisizione del 60% della societ\u00e0 F.lli Franchini Srl, con sede a Rimini, con una consolidata esperienza nel mondo della progettazione, installazione e manutenzione di tutti i tipi di impianti tecnologici per aziende, pubblica amministrazione e strutture ricettive, e da 17 anni attiva nel [&hellip;]\" \/>\n<meta property=\"og:url\" content=\"https:\/\/www.ceoforlifeawards.com\/it\/blog\/gruppo-hera-grazie-alla-partnership-con-f-lli-franchini-accelera-sulle-rinnovabili\/\" \/>\n<meta property=\"og:site_name\" content=\"CEOforLIFE - IT\" \/>\n<meta property=\"article:published_time\" content=\"2023-07-18T22:00:17+00:00\" \/>\n<meta property=\"article:modified_time\" content=\"2023-09-22T14:59:17+00:00\" \/>\n<meta property=\"og:image\" content=\"https:\/\/www.ceoforlifeawards.com\/it\/wp-content\/uploads\/sites\/3\/2023\/08\/Immagine3-2-scaled.jpg\" \/>\n\t<meta property=\"og:image:width\" content=\"2560\" \/>\n\t<meta property=\"og:image:height\" content=\"1654\" \/>\n\t<meta property=\"og:image:type\" content=\"image\/jpeg\" \/>\n<meta name=\"twitter:card\" content=\"summary_large_image\" \/>\n<meta name=\"twitter:label1\" content=\"Scritto da\" \/>\n\t<meta name=\"twitter:data1\" content=\"d.digiuseppe@hrcigroup.com\" \/>\n\t<meta name=\"twitter:label2\" content=\"Tempo di lettura stimato\" \/>\n\t<meta name=\"twitter:data2\" content=\"3 minuti\" \/>\n<script type=\"application\/ld+json\" class=\"yoast-schema-graph\">{\"@context\":\"https:\/\/schema.org\",\"@graph\":[{\"@type\":\"WebSite\",\"@id\":\"https:\/\/www.ceoforlifeawards.com\/it\/#website\",\"url\":\"https:\/\/www.ceoforlifeawards.com\/it\/\",\"name\":\"CEOforLIFE - IT\",\"description\":\"\",\"potentialAction\":[{\"@type\":\"SearchAction\",\"target\":{\"@type\":\"EntryPoint\",\"urlTemplate\":\"https:\/\/www.ceoforlifeawards.com\/it\/?s={search_term_string}\"},\"query-input\":\"required name=search_term_string\"}],\"inLanguage\":\"it-IT\"},{\"@type\":\"ImageObject\",\"inLanguage\":\"it-IT\",\"@id\":\"https:\/\/www.ceoforlifeawards.com\/it\/blog\/gruppo-hera-grazie-alla-partnership-con-f-lli-franchini-accelera-sulle-rinnovabili\/#primaryimage\",\"url\":\"https:\/\/www.ceoforlifeawards.com\/it\/wp-content\/uploads\/sites\/3\/2023\/08\/Immagine3-2-scaled.jpg\",\"contentUrl\":\"https:\/\/www.ceoforlifeawards.com\/it\/wp-content\/uploads\/sites\/3\/2023\/08\/Immagine3-2-scaled.jpg\",\"width\":2560,\"height\":1654},{\"@type\":\"WebPage\",\"@id\":\"https:\/\/www.ceoforlifeawards.com\/it\/blog\/gruppo-hera-grazie-alla-partnership-con-f-lli-franchini-accelera-sulle-rinnovabili\/#webpage\",\"url\":\"https:\/\/www.ceoforlifeawards.com\/it\/blog\/gruppo-hera-grazie-alla-partnership-con-f-lli-franchini-accelera-sulle-rinnovabili\/\",\"name\":\"Gruppo Hera: grazie alla partnership con F.lli Franchini accelera sulle rinnovabili - CEOforLIFE - IT\",\"isPartOf\":{\"@id\":\"https:\/\/www.ceoforlifeawards.com\/it\/#website\"},\"primaryImageOfPage\":{\"@id\":\"https:\/\/www.ceoforlifeawards.com\/it\/blog\/gruppo-hera-grazie-alla-partnership-con-f-lli-franchini-accelera-sulle-rinnovabili\/#primaryimage\"},\"datePublished\":\"2023-07-18T22:00:17+00:00\",\"dateModified\":\"2023-09-22T14:59:17+00:00\",\"author\":{\"@id\":\"https:\/\/www.ceoforlifeawards.com\/it\/#\/schema\/person\/9c2802d81c81cfba5c28677408d38d09\"},\"breadcrumb\":{\"@id\":\"https:\/\/www.ceoforlifeawards.com\/it\/blog\/gruppo-hera-grazie-alla-partnership-con-f-lli-franchini-accelera-sulle-rinnovabili\/#breadcrumb\"},\"inLanguage\":\"it-IT\",\"potentialAction\":[{\"@type\":\"ReadAction\",\"target\":[\"https:\/\/www.ceoforlifeawards.com\/it\/blog\/gruppo-hera-grazie-alla-partnership-con-f-lli-franchini-accelera-sulle-rinnovabili\/\"]}]},{\"@type\":\"BreadcrumbList\",\"@id\":\"https:\/\/www.ceoforlifeawards.com\/it\/blog\/gruppo-hera-grazie-alla-partnership-con-f-lli-franchini-accelera-sulle-rinnovabili\/#breadcrumb\",\"itemListElement\":[{\"@type\":\"ListItem\",\"position\":1,\"name\":\"Home\",\"item\":\"https:\/\/www.ceoforlifeawards.com\/it\/\"},{\"@type\":\"ListItem\",\"position\":2,\"name\":\"Gruppo Hera: grazie alla partnership con F.lli Franchini accelera sulle rinnovabili\"}]},{\"@type\":\"Person\",\"@id\":\"https:\/\/www.ceoforlifeawards.com\/it\/#\/schema\/person\/9c2802d81c81cfba5c28677408d38d09\",\"name\":\"d.digiuseppe@hrcigroup.com\",\"image\":{\"@type\":\"ImageObject\",\"inLanguage\":\"it-IT\",\"@id\":\"https:\/\/www.ceoforlifeawards.com\/it\/#\/schema\/person\/image\/\",\"url\":\"https:\/\/secure.gravatar.com\/avatar\/b464a83ee224f75bb37df0992d8d2b48?s=96&d=mm&r=g\",\"contentUrl\":\"https:\/\/secure.gravatar.com\/avatar\/b464a83ee224f75bb37df0992d8d2b48?s=96&d=mm&r=g\",\"caption\":\"d.digiuseppe@hrcigroup.com\"},\"url\":\"https:\/\/www.ceoforlifeawards.com\/it\/blog\/author\/d-digiuseppehrcigroup-com\/\"}]}<\/script>\n<!-- \/ Yoast SEO plugin. -->","yoast_head_json":{"title":"Gruppo Hera: grazie alla partnership con F.lli Franchini accelera sulle rinnovabili - CEOforLIFE - IT","robots":{"index":"index","follow":"follow","max-snippet":"max-snippet:-1","max-image-preview":"max-image-preview:large","max-video-preview":"max-video-preview:-1"},"canonical":"https:\/\/www.ceoforlifeawards.com\/it\/blog\/gruppo-hera-grazie-alla-partnership-con-f-lli-franchini-accelera-sulle-rinnovabili\/","og_locale":"it_IT","og_type":"article","og_title":"Gruppo Hera: grazie alla partnership con F.lli Franchini accelera sulle rinnovabili - CEOforLIFE - IT","og_description":"Il Gruppo Hera, tramite la controllata Hera Comm, ha perfezionato questa mattina l\u2019acquisizione del 60% della societ\u00e0 F.lli Franchini Srl, con sede a Rimini, con una consolidata esperienza nel mondo della progettazione, installazione e manutenzione di tutti i tipi di impianti tecnologici per aziende, pubblica amministrazione e strutture ricettive, e da 17 anni attiva nel [&hellip;]","og_url":"https:\/\/www.ceoforlifeawards.com\/it\/blog\/gruppo-hera-grazie-alla-partnership-con-f-lli-franchini-accelera-sulle-rinnovabili\/","og_site_name":"CEOforLIFE - IT","article_published_time":"2023-07-18T22:00:17+00:00","article_modified_time":"2023-09-22T14:59:17+00:00","og_image":[{"width":2560,"height":1654,"url":"https:\/\/www.ceoforlifeawards.com\/it\/wp-content\/uploads\/sites\/3\/2023\/08\/Immagine3-2-scaled.jpg","type":"image\/jpeg"}],"twitter_card":"summary_large_image","twitter_misc":{"Scritto da":"d.digiuseppe@hrcigroup.com","Tempo di lettura stimato":"3 minuti"},"schema":{"@context":"https:\/\/schema.org","@graph":[{"@type":"WebSite","@id":"https:\/\/www.ceoforlifeawards.com\/it\/#website","url":"https:\/\/www.ceoforlifeawards.com\/it\/","name":"CEOforLIFE - IT","description":"","potentialAction":[{"@type":"SearchAction","target":{"@type":"EntryPoint","urlTemplate":"https:\/\/www.ceoforlifeawards.com\/it\/?s={search_term_string}"},"query-input":"required name=search_term_string"}],"inLanguage":"it-IT"},{"@type":"ImageObject","inLanguage":"it-IT","@id":"https:\/\/www.ceoforlifeawards.com\/it\/blog\/gruppo-hera-grazie-alla-partnership-con-f-lli-franchini-accelera-sulle-rinnovabili\/#primaryimage","url":"https:\/\/www.ceoforlifeawards.com\/it\/wp-content\/uploads\/sites\/3\/2023\/08\/Immagine3-2-scaled.jpg","contentUrl":"https:\/\/www.ceoforlifeawards.com\/it\/wp-content\/uploads\/sites\/3\/2023\/08\/Immagine3-2-scaled.jpg","width":2560,"height":1654},{"@type":"WebPage","@id":"https:\/\/www.ceoforlifeawards.com\/it\/blog\/gruppo-hera-grazie-alla-partnership-con-f-lli-franchini-accelera-sulle-rinnovabili\/#webpage","url":"https:\/\/www.ceoforlifeawards.com\/it\/blog\/gruppo-hera-grazie-alla-partnership-con-f-lli-franchini-accelera-sulle-rinnovabili\/","name":"Gruppo Hera: grazie alla partnership con F.lli Franchini accelera sulle rinnovabili - CEOforLIFE - IT","isPartOf":{"@id":"https:\/\/www.ceoforlifeawards.com\/it\/#website"},"primaryImageOfPage":{"@id":"https:\/\/www.ceoforlifeawards.com\/it\/blog\/gruppo-hera-grazie-alla-partnership-con-f-lli-franchini-accelera-sulle-rinnovabili\/#primaryimage"},"datePublished":"2023-07-18T22:00:17+00:00","dateModified":"2023-09-22T14:59:17+00:00","author":{"@id":"https:\/\/www.ceoforlifeawards.com\/it\/#\/schema\/person\/9c2802d81c81cfba5c28677408d38d09"},"breadcrumb":{"@id":"https:\/\/www.ceoforlifeawards.com\/it\/blog\/gruppo-hera-grazie-alla-partnership-con-f-lli-franchini-accelera-sulle-rinnovabili\/#breadcrumb"},"inLanguage":"it-IT","potentialAction":[{"@type":"ReadAction","target":["https:\/\/www.ceoforlifeawards.com\/it\/blog\/gruppo-hera-grazie-alla-partnership-con-f-lli-franchini-accelera-sulle-rinnovabili\/"]}]},{"@type":"BreadcrumbList","@id":"https:\/\/www.ceoforlifeawards.com\/it\/blog\/gruppo-hera-grazie-alla-partnership-con-f-lli-franchini-accelera-sulle-rinnovabili\/#breadcrumb","itemListElement":[{"@type":"ListItem","position":1,"name":"Home","item":"https:\/\/www.ceoforlifeawards.com\/it\/"},{"@type":"ListItem","position":2,"name":"Gruppo Hera: grazie alla partnership con F.lli Franchini accelera sulle rinnovabili"}]},{"@type":"Person","@id":"https:\/\/www.ceoforlifeawards.com\/it\/#\/schema\/person\/9c2802d81c81cfba5c28677408d38d09","name":"d.digiuseppe@hrcigroup.com","image":{"@type":"ImageObject","inLanguage":"it-IT","@id":"https:\/\/www.ceoforlifeawards.com\/it\/#\/schema\/person\/image\/","url":"https:\/\/secure.gravatar.com\/avatar\/b464a83ee224f75bb37df0992d8d2b48?s=96&d=mm&r=g","contentUrl":"https:\/\/secure.gravatar.com\/avatar\/b464a83ee224f75bb37df0992d8d2b48?s=96&d=mm&r=g","caption":"d.digiuseppe@hrcigroup.com"},"url":"https:\/\/www.ceoforlifeawards.com\/it\/blog\/author\/d-digiuseppehrcigroup-com\/"}]}},"_links":{"self":[{"href":"https:\/\/www.ceoforlifeawards.com\/it\/wp-json\/wp\/v2\/posts\/34055"}],"collection":[{"href":"https:\/\/www.ceoforlifeawards.com\/it\/wp-json\/wp\/v2\/posts"}],"about":[{"href":"https:\/\/www.ceoforlifeawards.com\/it\/wp-json\/wp\/v2\/types\/post"}],"author":[{"embeddable":true,"href":"https:\/\/www.ceoforlifeawards.com\/it\/wp-json\/wp\/v2\/users\/6"}],"replies":[{"embeddable":true,"href":"https:\/\/www.ceoforlifeawards.com\/it\/wp-json\/wp\/v2\/comments?post=34055"}],"version-history":[{"count":5,"href":"https:\/\/www.ceoforlifeawards.com\/it\/wp-json\/wp\/v2\/posts\/34055\/revisions"}],"predecessor-version":[{"id":36754,"href":"https:\/\/www.ceoforlifeawards.com\/it\/wp-json\/wp\/v2\/posts\/34055\/revisions\/36754"}],"wp:featuredmedia":[{"embeddable":true,"href":"https:\/\/www.ceoforlifeawards.com\/it\/wp-json\/wp\/v2\/media\/36753"}],"wp:attachment":[{"href":"https:\/\/www.ceoforlifeawards.com\/it\/wp-json\/wp\/v2\/media?parent=34055"}],"wp:term":[{"taxonomy":"category","embeddable":true,"href":"https:\/\/www.ceoforlifeawards.com\/it\/wp-json\/wp\/v2\/categories?post=34055"},{"taxonomy":"post_tag","embeddable":true,"href":"https:\/\/www.ceoforlifeawards.com\/it\/wp-json\/wp\/v2\/tags?post=34055"}],"curies":[{"name":"wp","href":"https:\/\/api.w.org\/{rel}","templated":true}]}}