{"id":3452,"date":"2021-10-25T16:36:55","date_gmt":"2021-10-25T14:36:55","guid":{"rendered":"https:\/\/www.ceoforlifeawards.com\/it\/?p=3452"},"modified":"2022-02-03T13:03:18","modified_gmt":"2022-02-03T12:03:18","slug":"fiera-milano-e-la-nuova-normalita-con-conn-e-ct-2025-2","status":"publish","type":"post","link":"https:\/\/www.ceoforlifeawards.com\/it\/blog\/fiera-milano-e-la-nuova-normalita-con-conn-e-ct-2025-2\/","title":{"rendered":"Fiera Milano verso la \u201cnuova normalit\u00e0\u201d con il Piano Connect 2025"},"content":{"rendered":"<h3>Si chiama CONN.E.C.T. 2025 (ovvero Connections, Exhibitions, Community, Transformation) il Piano Strategico 2021-2025 di Fiera Milano che ha l\u2019obiettivo di avviare la societ\u00e0 verso una \u201cnuova normalit\u00e0\u201d, confermando e rafforzando il suo ruolo come partner strategico a fianco delle imprese nei loro processi di innovazione, crescita e internazionalizzazione.<\/h3>\n<p>Fiera Milano sar\u00e0 un hub europeo smart, di eccellenza, a forte presenza internazionale che si basa sullo sviluppo e la crescita di una piattaforma avanzata di servizi integrati in grado di offrire una customer experience phygital altamente competitiva per espositori, visitatori e organizzatori.<\/p>\n<p><strong>\u201cIl miglior modo per predire il futuro \u00e8 crearlo\u201d<\/strong>, commenta l\u2019amministratore delegato, Luca Palermo. La strategia della \u201cfiera del futuro\u201d si incardina su quattro direttrici: un\u2019offerta complementare e sinergica di servizi tradizionali e digitali, in grado di arricchire la customer journey di espositori e visitatori attraverso un\u2019esperienza phygital; il rafforzamento del portafoglio delle manifestazioni direttamente organizzate, ampliandone il respiro internazionale e lanciando nuovi eventi in settori resilienti e legati a promettenti macro-trend; lo sfruttamento del potenziale del quartiere fieristico di Rho, con l&#8217;attrazione di nuovi manifestazioni ed eventi; il consolidamento della leadership del business congressuale, facendo leva soprattutto sulla qualit\u00e0 del Milano Convention Centre- MiCo.<\/p>\n<p><img class=\"size-medium wp-image-3444 alignleft\" src=\"https:\/\/www.ceoforlifeawards.com\/it\/wp-content\/uploads\/sites\/3\/2021\/10\/Immagine5-300x166.png\" alt=\"\" width=\"300\" height=\"166\" srcset=\"https:\/\/www.ceoforlifeawards.com\/it\/wp-content\/uploads\/sites\/3\/2021\/10\/Immagine5-300x166.png 300w, https:\/\/www.ceoforlifeawards.com\/it\/wp-content\/uploads\/sites\/3\/2021\/10\/Immagine5.png 514w\" sizes=\"(max-width: 300px) 100vw, 300px\" \/><\/p>\n<p>\u201cLavoreremo per rafforzare la dimensione internazionale del Gruppo e per arricchire il portafoglio delle manifestazioni dirette e ospitate, facendo leva sull\u2019attrattivit\u00e0 di Milano e garantendo un alto livello di sicurezza e qualit\u00e0 dei nostri quartieri espositivi sempre pi\u00f9 digitali e sostenibili &#8211; aggiunge Palermo -. Le nostre persone, unite alla trasformazione digitale in atto, saranno una componente fondamentale per raggiungere gli obiettivi che ci siamo prefissati migliorando l\u2019efficienza dei processi, il time to market, l\u2019efficacia del nostro approccio commerciale e la qualit\u00e0 del prodotto. Inoltre, presteremo una grande attenzione agli aspetti legati alla sostenibilit\u00e0\u201d.<\/p>\n<p>La sostenibilit\u00e0 \u00e8 infatti un asset strategico e trasversale del modello di business di Fiera Milano. CONN.E.C.T. 2025 ha l\u2019ambizione di creare valore nel medio lungo termine per gli azionisti e tutti gli altri stakeholder di riferimento del Gruppo. Fiera Milano \u00e8 consapevole dell\u2019importanza del sistema fieristico-congressuale per il tessuto imprenditoriale e delle rilevanti ricadute in termini di contributo economico e sociale che esso genera sul territorio.<\/p>\n<p>Fiera Milano guarda con fiducia alla ripartenza del settore.<\/p>\n","protected":false},"excerpt":{"rendered":"<p>Si chiama CONN.E.C.T. 2025 (ovvero Connections, Exhibitions, Community, Transformation) il Piano Strategico 2021-2025 di Fiera Milano che ha l\u2019obiettivo di avviare la societ\u00e0 verso una \u201cnuova normalit\u00e0\u201d, confermando e rafforzando il suo ruolo come partner strategico a fianco delle imprese nei loro processi di innovazione, crescita e internazionalizzazione. Fiera Milano sar\u00e0 un hub europeo smart, [&hellip;]<\/p>\n","protected":false},"author":6,"featured_media":3451,"comment_status":"open","ping_status":"open","sticky":false,"template":"","format":"standard","meta":[],"categories":[136,99,96,95],"tags":[90],"yoast_head":"<!-- This site is optimized with the Yoast SEO plugin v18.7 - https:\/\/yoast.com\/wordpress\/plugins\/seo\/ -->\n<title>Fiera Milano verso la \u201cnuova normalit\u00e0\u201d con il Piano Connect 2025 - CEOforLIFE - IT<\/title>\n<meta name=\"robots\" content=\"index, follow, max-snippet:-1, max-image-preview:large, max-video-preview:-1\" \/>\n<link rel=\"canonical\" href=\"https:\/\/www.ceoforlifeawards.com\/it\/blog\/fiera-milano-e-la-nuova-normalita-con-conn-e-ct-2025-2\/\" \/>\n<meta property=\"og:locale\" content=\"it_IT\" \/>\n<meta property=\"og:type\" content=\"article\" \/>\n<meta property=\"og:title\" content=\"Fiera Milano verso la \u201cnuova normalit\u00e0\u201d con il Piano Connect 2025 - CEOforLIFE - IT\" \/>\n<meta property=\"og:description\" content=\"Si chiama CONN.E.C.T. 2025 (ovvero Connections, Exhibitions, Community, Transformation) il Piano Strategico 2021-2025 di Fiera Milano che ha l\u2019obiettivo di avviare la societ\u00e0 verso una \u201cnuova normalit\u00e0\u201d, confermando e rafforzando il suo ruolo come partner strategico a fianco delle imprese nei loro processi di innovazione, crescita e internazionalizzazione. Fiera Milano sar\u00e0 un hub europeo smart, [&hellip;]\" \/>\n<meta property=\"og:url\" content=\"https:\/\/www.ceoforlifeawards.com\/it\/blog\/fiera-milano-e-la-nuova-normalita-con-conn-e-ct-2025-2\/\" \/>\n<meta property=\"og:site_name\" content=\"CEOforLIFE - IT\" \/>\n<meta property=\"article:published_time\" content=\"2021-10-25T14:36:55+00:00\" \/>\n<meta property=\"article:modified_time\" content=\"2022-02-03T12:03:18+00:00\" \/>\n<meta property=\"og:image\" content=\"https:\/\/www.ceoforlifeawards.com\/it\/wp-content\/uploads\/sites\/3\/2021\/10\/Luca-Palermo-1.png\" \/>\n\t<meta property=\"og:image:width\" content=\"796\" \/>\n\t<meta property=\"og:image:height\" content=\"740\" \/>\n\t<meta property=\"og:image:type\" content=\"image\/png\" \/>\n<meta name=\"twitter:card\" content=\"summary_large_image\" \/>\n<meta name=\"twitter:label1\" content=\"Scritto da\" \/>\n\t<meta name=\"twitter:data1\" content=\"d.digiuseppe@hrcigroup.com\" \/>\n\t<meta name=\"twitter:label2\" content=\"Tempo di lettura stimato\" \/>\n\t<meta name=\"twitter:data2\" content=\"2 minuti\" \/>\n<script type=\"application\/ld+json\" class=\"yoast-schema-graph\">{\"@context\":\"https:\/\/schema.org\",\"@graph\":[{\"@type\":\"WebSite\",\"@id\":\"https:\/\/www.ceoforlifeawards.com\/it\/#website\",\"url\":\"https:\/\/www.ceoforlifeawards.com\/it\/\",\"name\":\"CEOforLIFE - IT\",\"description\":\"\",\"potentialAction\":[{\"@type\":\"SearchAction\",\"target\":{\"@type\":\"EntryPoint\",\"urlTemplate\":\"https:\/\/www.ceoforlifeawards.com\/it\/?s={search_term_string}\"},\"query-input\":\"required name=search_term_string\"}],\"inLanguage\":\"it-IT\"},{\"@type\":\"ImageObject\",\"inLanguage\":\"it-IT\",\"@id\":\"https:\/\/www.ceoforlifeawards.com\/it\/blog\/fiera-milano-e-la-nuova-normalita-con-conn-e-ct-2025-2\/#primaryimage\",\"url\":\"https:\/\/www.ceoforlifeawards.com\/it\/wp-content\/uploads\/sites\/3\/2021\/10\/Luca-Palermo-1.png\",\"contentUrl\":\"https:\/\/www.ceoforlifeawards.com\/it\/wp-content\/uploads\/sites\/3\/2021\/10\/Luca-Palermo-1.png\",\"width\":796,\"height\":740},{\"@type\":\"WebPage\",\"@id\":\"https:\/\/www.ceoforlifeawards.com\/it\/blog\/fiera-milano-e-la-nuova-normalita-con-conn-e-ct-2025-2\/#webpage\",\"url\":\"https:\/\/www.ceoforlifeawards.com\/it\/blog\/fiera-milano-e-la-nuova-normalita-con-conn-e-ct-2025-2\/\",\"name\":\"Fiera Milano verso la \u201cnuova normalit\u00e0\u201d con il Piano Connect 2025 - CEOforLIFE - IT\",\"isPartOf\":{\"@id\":\"https:\/\/www.ceoforlifeawards.com\/it\/#website\"},\"primaryImageOfPage\":{\"@id\":\"https:\/\/www.ceoforlifeawards.com\/it\/blog\/fiera-milano-e-la-nuova-normalita-con-conn-e-ct-2025-2\/#primaryimage\"},\"datePublished\":\"2021-10-25T14:36:55+00:00\",\"dateModified\":\"2022-02-03T12:03:18+00:00\",\"author\":{\"@id\":\"https:\/\/www.ceoforlifeawards.com\/it\/#\/schema\/person\/9c2802d81c81cfba5c28677408d38d09\"},\"breadcrumb\":{\"@id\":\"https:\/\/www.ceoforlifeawards.com\/it\/blog\/fiera-milano-e-la-nuova-normalita-con-conn-e-ct-2025-2\/#breadcrumb\"},\"inLanguage\":\"it-IT\",\"potentialAction\":[{\"@type\":\"ReadAction\",\"target\":[\"https:\/\/www.ceoforlifeawards.com\/it\/blog\/fiera-milano-e-la-nuova-normalita-con-conn-e-ct-2025-2\/\"]}]},{\"@type\":\"BreadcrumbList\",\"@id\":\"https:\/\/www.ceoforlifeawards.com\/it\/blog\/fiera-milano-e-la-nuova-normalita-con-conn-e-ct-2025-2\/#breadcrumb\",\"itemListElement\":[{\"@type\":\"ListItem\",\"position\":1,\"name\":\"Home\",\"item\":\"https:\/\/www.ceoforlifeawards.com\/it\/\"},{\"@type\":\"ListItem\",\"position\":2,\"name\":\"Fiera Milano verso la \u201cnuova normalit\u00e0\u201d con il Piano Connect 2025\"}]},{\"@type\":\"Person\",\"@id\":\"https:\/\/www.ceoforlifeawards.com\/it\/#\/schema\/person\/9c2802d81c81cfba5c28677408d38d09\",\"name\":\"d.digiuseppe@hrcigroup.com\",\"image\":{\"@type\":\"ImageObject\",\"inLanguage\":\"it-IT\",\"@id\":\"https:\/\/www.ceoforlifeawards.com\/it\/#\/schema\/person\/image\/\",\"url\":\"https:\/\/secure.gravatar.com\/avatar\/b464a83ee224f75bb37df0992d8d2b48?s=96&d=mm&r=g\",\"contentUrl\":\"https:\/\/secure.gravatar.com\/avatar\/b464a83ee224f75bb37df0992d8d2b48?s=96&d=mm&r=g\",\"caption\":\"d.digiuseppe@hrcigroup.com\"},\"url\":\"https:\/\/www.ceoforlifeawards.com\/it\/blog\/author\/d-digiuseppehrcigroup-com\/\"}]}<\/script>\n<!-- \/ Yoast SEO plugin. -->","yoast_head_json":{"title":"Fiera Milano verso la \u201cnuova normalit\u00e0\u201d con il Piano Connect 2025 - CEOforLIFE - IT","robots":{"index":"index","follow":"follow","max-snippet":"max-snippet:-1","max-image-preview":"max-image-preview:large","max-video-preview":"max-video-preview:-1"},"canonical":"https:\/\/www.ceoforlifeawards.com\/it\/blog\/fiera-milano-e-la-nuova-normalita-con-conn-e-ct-2025-2\/","og_locale":"it_IT","og_type":"article","og_title":"Fiera Milano verso la \u201cnuova normalit\u00e0\u201d con il Piano Connect 2025 - CEOforLIFE - IT","og_description":"Si chiama CONN.E.C.T. 2025 (ovvero Connections, Exhibitions, Community, Transformation) il Piano Strategico 2021-2025 di Fiera Milano che ha l\u2019obiettivo di avviare la societ\u00e0 verso una \u201cnuova normalit\u00e0\u201d, confermando e rafforzando il suo ruolo come partner strategico a fianco delle imprese nei loro processi di innovazione, crescita e internazionalizzazione. Fiera Milano sar\u00e0 un hub europeo smart, [&hellip;]","og_url":"https:\/\/www.ceoforlifeawards.com\/it\/blog\/fiera-milano-e-la-nuova-normalita-con-conn-e-ct-2025-2\/","og_site_name":"CEOforLIFE - IT","article_published_time":"2021-10-25T14:36:55+00:00","article_modified_time":"2022-02-03T12:03:18+00:00","og_image":[{"width":796,"height":740,"url":"https:\/\/www.ceoforlifeawards.com\/it\/wp-content\/uploads\/sites\/3\/2021\/10\/Luca-Palermo-1.png","type":"image\/png"}],"twitter_card":"summary_large_image","twitter_misc":{"Scritto da":"d.digiuseppe@hrcigroup.com","Tempo di lettura stimato":"2 minuti"},"schema":{"@context":"https:\/\/schema.org","@graph":[{"@type":"WebSite","@id":"https:\/\/www.ceoforlifeawards.com\/it\/#website","url":"https:\/\/www.ceoforlifeawards.com\/it\/","name":"CEOforLIFE - IT","description":"","potentialAction":[{"@type":"SearchAction","target":{"@type":"EntryPoint","urlTemplate":"https:\/\/www.ceoforlifeawards.com\/it\/?s={search_term_string}"},"query-input":"required name=search_term_string"}],"inLanguage":"it-IT"},{"@type":"ImageObject","inLanguage":"it-IT","@id":"https:\/\/www.ceoforlifeawards.com\/it\/blog\/fiera-milano-e-la-nuova-normalita-con-conn-e-ct-2025-2\/#primaryimage","url":"https:\/\/www.ceoforlifeawards.com\/it\/wp-content\/uploads\/sites\/3\/2021\/10\/Luca-Palermo-1.png","contentUrl":"https:\/\/www.ceoforlifeawards.com\/it\/wp-content\/uploads\/sites\/3\/2021\/10\/Luca-Palermo-1.png","width":796,"height":740},{"@type":"WebPage","@id":"https:\/\/www.ceoforlifeawards.com\/it\/blog\/fiera-milano-e-la-nuova-normalita-con-conn-e-ct-2025-2\/#webpage","url":"https:\/\/www.ceoforlifeawards.com\/it\/blog\/fiera-milano-e-la-nuova-normalita-con-conn-e-ct-2025-2\/","name":"Fiera Milano verso la \u201cnuova normalit\u00e0\u201d con il Piano Connect 2025 - CEOforLIFE - IT","isPartOf":{"@id":"https:\/\/www.ceoforlifeawards.com\/it\/#website"},"primaryImageOfPage":{"@id":"https:\/\/www.ceoforlifeawards.com\/it\/blog\/fiera-milano-e-la-nuova-normalita-con-conn-e-ct-2025-2\/#primaryimage"},"datePublished":"2021-10-25T14:36:55+00:00","dateModified":"2022-02-03T12:03:18+00:00","author":{"@id":"https:\/\/www.ceoforlifeawards.com\/it\/#\/schema\/person\/9c2802d81c81cfba5c28677408d38d09"},"breadcrumb":{"@id":"https:\/\/www.ceoforlifeawards.com\/it\/blog\/fiera-milano-e-la-nuova-normalita-con-conn-e-ct-2025-2\/#breadcrumb"},"inLanguage":"it-IT","potentialAction":[{"@type":"ReadAction","target":["https:\/\/www.ceoforlifeawards.com\/it\/blog\/fiera-milano-e-la-nuova-normalita-con-conn-e-ct-2025-2\/"]}]},{"@type":"BreadcrumbList","@id":"https:\/\/www.ceoforlifeawards.com\/it\/blog\/fiera-milano-e-la-nuova-normalita-con-conn-e-ct-2025-2\/#breadcrumb","itemListElement":[{"@type":"ListItem","position":1,"name":"Home","item":"https:\/\/www.ceoforlifeawards.com\/it\/"},{"@type":"ListItem","position":2,"name":"Fiera Milano verso la \u201cnuova normalit\u00e0\u201d con il Piano Connect 2025"}]},{"@type":"Person","@id":"https:\/\/www.ceoforlifeawards.com\/it\/#\/schema\/person\/9c2802d81c81cfba5c28677408d38d09","name":"d.digiuseppe@hrcigroup.com","image":{"@type":"ImageObject","inLanguage":"it-IT","@id":"https:\/\/www.ceoforlifeawards.com\/it\/#\/schema\/person\/image\/","url":"https:\/\/secure.gravatar.com\/avatar\/b464a83ee224f75bb37df0992d8d2b48?s=96&d=mm&r=g","contentUrl":"https:\/\/secure.gravatar.com\/avatar\/b464a83ee224f75bb37df0992d8d2b48?s=96&d=mm&r=g","caption":"d.digiuseppe@hrcigroup.com"},"url":"https:\/\/www.ceoforlifeawards.com\/it\/blog\/author\/d-digiuseppehrcigroup-com\/"}]}},"_links":{"self":[{"href":"https:\/\/www.ceoforlifeawards.com\/it\/wp-json\/wp\/v2\/posts\/3452"}],"collection":[{"href":"https:\/\/www.ceoforlifeawards.com\/it\/wp-json\/wp\/v2\/posts"}],"about":[{"href":"https:\/\/www.ceoforlifeawards.com\/it\/wp-json\/wp\/v2\/types\/post"}],"author":[{"embeddable":true,"href":"https:\/\/www.ceoforlifeawards.com\/it\/wp-json\/wp\/v2\/users\/6"}],"replies":[{"embeddable":true,"href":"https:\/\/www.ceoforlifeawards.com\/it\/wp-json\/wp\/v2\/comments?post=3452"}],"version-history":[{"count":0,"href":"https:\/\/www.ceoforlifeawards.com\/it\/wp-json\/wp\/v2\/posts\/3452\/revisions"}],"wp:featuredmedia":[{"embeddable":true,"href":"https:\/\/www.ceoforlifeawards.com\/it\/wp-json\/wp\/v2\/media\/3451"}],"wp:attachment":[{"href":"https:\/\/www.ceoforlifeawards.com\/it\/wp-json\/wp\/v2\/media?parent=3452"}],"wp:term":[{"taxonomy":"category","embeddable":true,"href":"https:\/\/www.ceoforlifeawards.com\/it\/wp-json\/wp\/v2\/categories?post=3452"},{"taxonomy":"post_tag","embeddable":true,"href":"https:\/\/www.ceoforlifeawards.com\/it\/wp-json\/wp\/v2\/tags?post=3452"}],"curies":[{"name":"wp","href":"https:\/\/api.w.org\/{rel}","templated":true}]}}