{"id":4216,"date":"2021-11-10T15:12:41","date_gmt":"2021-11-10T14:12:41","guid":{"rendered":"https:\/\/www.ceoforlifeawards.com\/it\/?p=4216"},"modified":"2022-11-28T09:31:39","modified_gmt":"2022-11-28T08:31:39","slug":"mobilita-sostenibile-il-punto-di-vista-di-euler-hermes","status":"publish","type":"post","link":"https:\/\/www.ceoforlifeawards.com\/it\/blog\/mobilita-sostenibile-il-punto-di-vista-di-euler-hermes\/","title":{"rendered":"Mobilit\u00e0 sostenibile: il punto di vista di Euler Hermes."},"content":{"rendered":"<p>La tematica legata alla mobilit\u00e0 rientra tra quelle che ha richiesto maggiore attenzione durante la pandemia: diversi sono stati i benefici in termini di miglioramento della qualit\u00e0 dell\u2019aria, data la diminuzione della circolazione di automobili e dei mezzi di trasporto.<\/p>\n<h3>\u00c8 necessario studiare e attuare un piano di mobilit\u00e0 sostenibile che sia pensato per il medio-lungo termine, in modo che citt\u00e0 e aziende possano andare sempre pi\u00f9 in questa direzione e pensare ad investimenti infrastrutturali concreti nel settore dei trasporti, per raggiungere l\u2019obiettivo di un futuro pi\u00f9 green.<\/h3>\n<p><strong>L\u2019introduzione e l\u2019utilizzo di mezzi di trasporto sostenibili<\/strong>, quali, ad esempio nelle citt\u00e0, monopattini, veicoli elettrici, biciclette, ha rappresentato gi\u00e0 prima della pandemia un passo fondamentale ma ancora non sufficiente, vista la necessit\u00e0 di migliorare rete di mobilit\u00e0 cittadina per renderla in grado di supportare questa rivoluzione sostenibile.<\/p>\n<p>Con il ritorno ad una \u201cquasi normalit\u00e0\u201d, la situazione per\u00f2 non presenta segni di miglioramento: inizialmente lo smart working rappresentava un elemento incoraggiante e influente sulla diminuzione dell\u2019inquinamento, ma ora, con il ritorno negli uffici, si assiste ad un aumento dell\u2019utilizzo della macchina ad esempio, e per quanto riguarda il trasporto pubblico, nonostante in Italia risulti essersi evoluto dal punto di vista della sostenibilit\u00e0, il numero delle persone che se ne serve \u00e8 ancora troppo basso per far s\u00ec che si parli di mobilit\u00e0 sostenibile.<\/p>\n<p>In questo contesto, <strong>i fondi stanziati dal PNRR destinati a investimenti infrastrutturali, logistici e alla mobilit\u00e0 sostenibile rappresentano un punto di partenza fondamentale per dare una svolta ai trasporti green<\/strong>, puntando sul potenziamento delle piste ciclabili, urbane e turistiche e sul trasporto rapido di massa oltre che sulla mobilit\u00e0 elettrica e flotte di bus e treni verdi.<\/p>\n<p>Anche le aziende hanno le proprie responsabilit\u00e0 in questo senso, soprattutto quella di dimostrare la propria impronta \u201cgreen\u201d all\u2019interno di tutte le attivit\u00e0 partendo dalla gestione del personale e attraverso sistemi di welfare che possano incentivare il lavoro da remoto o, appunto, la mobilit\u00e0 sostenibile. Diverse possono essere le soluzioni: ad esempio incoraggiare tra i dipendenti il ricorso alla mobilit\u00e0 elettrica o al car pooling.<\/p>\n","protected":false},"excerpt":{"rendered":"<p>La tematica legata alla mobilit\u00e0 rientra tra quelle che ha richiesto maggiore attenzione durante la pandemia: diversi sono stati i benefici in termini di miglioramento della qualit\u00e0 dell\u2019aria, data la diminuzione della circolazione di automobili e dei mezzi di trasporto. \u00c8 necessario studiare e attuare un piano di mobilit\u00e0 sostenibile che sia pensato per il [&hellip;]<\/p>\n","protected":false},"author":6,"featured_media":4217,"comment_status":"open","ping_status":"open","sticky":false,"template":"","format":"standard","meta":[],"categories":[93,138,99,210,96,95],"tags":[76],"yoast_head":"<!-- This site is optimized with the Yoast SEO plugin v18.7 - https:\/\/yoast.com\/wordpress\/plugins\/seo\/ -->\n<title>Mobilit\u00e0 sostenibile: il punto di vista di Euler Hermes. - CEOforLIFE - IT<\/title>\n<meta name=\"robots\" content=\"index, follow, max-snippet:-1, max-image-preview:large, max-video-preview:-1\" \/>\n<link rel=\"canonical\" href=\"https:\/\/www.ceoforlifeawards.com\/it\/blog\/mobilita-sostenibile-il-punto-di-vista-di-euler-hermes\/\" \/>\n<meta property=\"og:locale\" content=\"it_IT\" \/>\n<meta property=\"og:type\" content=\"article\" \/>\n<meta property=\"og:title\" content=\"Mobilit\u00e0 sostenibile: il punto di vista di Euler Hermes. - CEOforLIFE - IT\" \/>\n<meta property=\"og:description\" content=\"La tematica legata alla mobilit\u00e0 rientra tra quelle che ha richiesto maggiore attenzione durante la pandemia: diversi sono stati i benefici in termini di miglioramento della qualit\u00e0 dell\u2019aria, data la diminuzione della circolazione di automobili e dei mezzi di trasporto. \u00c8 necessario studiare e attuare un piano di mobilit\u00e0 sostenibile che sia pensato per il [&hellip;]\" \/>\n<meta property=\"og:url\" content=\"https:\/\/www.ceoforlifeawards.com\/it\/blog\/mobilita-sostenibile-il-punto-di-vista-di-euler-hermes\/\" \/>\n<meta property=\"og:site_name\" content=\"CEOforLIFE - IT\" \/>\n<meta property=\"article:published_time\" content=\"2021-11-10T14:12:41+00:00\" \/>\n<meta property=\"article:modified_time\" content=\"2022-11-28T08:31:39+00:00\" \/>\n<meta property=\"og:image\" content=\"https:\/\/www.ceoforlifeawards.com\/it\/wp-content\/uploads\/sites\/3\/2021\/11\/euler-hermes.png\" \/>\n\t<meta property=\"og:image:width\" content=\"681\" \/>\n\t<meta property=\"og:image:height\" content=\"202\" \/>\n\t<meta property=\"og:image:type\" content=\"image\/png\" \/>\n<meta name=\"twitter:card\" content=\"summary_large_image\" \/>\n<meta name=\"twitter:label1\" content=\"Scritto da\" \/>\n\t<meta name=\"twitter:data1\" content=\"d.digiuseppe@hrcigroup.com\" \/>\n\t<meta name=\"twitter:label2\" content=\"Tempo di lettura stimato\" \/>\n\t<meta name=\"twitter:data2\" content=\"2 minuti\" \/>\n<script type=\"application\/ld+json\" class=\"yoast-schema-graph\">{\"@context\":\"https:\/\/schema.org\",\"@graph\":[{\"@type\":\"WebSite\",\"@id\":\"https:\/\/www.ceoforlifeawards.com\/it\/#website\",\"url\":\"https:\/\/www.ceoforlifeawards.com\/it\/\",\"name\":\"CEOforLIFE - IT\",\"description\":\"\",\"potentialAction\":[{\"@type\":\"SearchAction\",\"target\":{\"@type\":\"EntryPoint\",\"urlTemplate\":\"https:\/\/www.ceoforlifeawards.com\/it\/?s={search_term_string}\"},\"query-input\":\"required name=search_term_string\"}],\"inLanguage\":\"it-IT\"},{\"@type\":\"ImageObject\",\"inLanguage\":\"it-IT\",\"@id\":\"https:\/\/www.ceoforlifeawards.com\/it\/blog\/mobilita-sostenibile-il-punto-di-vista-di-euler-hermes\/#primaryimage\",\"url\":\"https:\/\/www.ceoforlifeawards.com\/it\/wp-content\/uploads\/sites\/3\/2021\/11\/euler-hermes.png\",\"contentUrl\":\"https:\/\/www.ceoforlifeawards.com\/it\/wp-content\/uploads\/sites\/3\/2021\/11\/euler-hermes.png\",\"width\":681,\"height\":202},{\"@type\":\"WebPage\",\"@id\":\"https:\/\/www.ceoforlifeawards.com\/it\/blog\/mobilita-sostenibile-il-punto-di-vista-di-euler-hermes\/#webpage\",\"url\":\"https:\/\/www.ceoforlifeawards.com\/it\/blog\/mobilita-sostenibile-il-punto-di-vista-di-euler-hermes\/\",\"name\":\"Mobilit\u00e0 sostenibile: il punto di vista di Euler Hermes. - CEOforLIFE - IT\",\"isPartOf\":{\"@id\":\"https:\/\/www.ceoforlifeawards.com\/it\/#website\"},\"primaryImageOfPage\":{\"@id\":\"https:\/\/www.ceoforlifeawards.com\/it\/blog\/mobilita-sostenibile-il-punto-di-vista-di-euler-hermes\/#primaryimage\"},\"datePublished\":\"2021-11-10T14:12:41+00:00\",\"dateModified\":\"2022-11-28T08:31:39+00:00\",\"author\":{\"@id\":\"https:\/\/www.ceoforlifeawards.com\/it\/#\/schema\/person\/9c2802d81c81cfba5c28677408d38d09\"},\"breadcrumb\":{\"@id\":\"https:\/\/www.ceoforlifeawards.com\/it\/blog\/mobilita-sostenibile-il-punto-di-vista-di-euler-hermes\/#breadcrumb\"},\"inLanguage\":\"it-IT\",\"potentialAction\":[{\"@type\":\"ReadAction\",\"target\":[\"https:\/\/www.ceoforlifeawards.com\/it\/blog\/mobilita-sostenibile-il-punto-di-vista-di-euler-hermes\/\"]}]},{\"@type\":\"BreadcrumbList\",\"@id\":\"https:\/\/www.ceoforlifeawards.com\/it\/blog\/mobilita-sostenibile-il-punto-di-vista-di-euler-hermes\/#breadcrumb\",\"itemListElement\":[{\"@type\":\"ListItem\",\"position\":1,\"name\":\"Home\",\"item\":\"https:\/\/www.ceoforlifeawards.com\/it\/\"},{\"@type\":\"ListItem\",\"position\":2,\"name\":\"Mobilit\u00e0 sostenibile: il punto di vista di Euler Hermes.\"}]},{\"@type\":\"Person\",\"@id\":\"https:\/\/www.ceoforlifeawards.com\/it\/#\/schema\/person\/9c2802d81c81cfba5c28677408d38d09\",\"name\":\"d.digiuseppe@hrcigroup.com\",\"image\":{\"@type\":\"ImageObject\",\"inLanguage\":\"it-IT\",\"@id\":\"https:\/\/www.ceoforlifeawards.com\/it\/#\/schema\/person\/image\/\",\"url\":\"https:\/\/secure.gravatar.com\/avatar\/b464a83ee224f75bb37df0992d8d2b48?s=96&d=mm&r=g\",\"contentUrl\":\"https:\/\/secure.gravatar.com\/avatar\/b464a83ee224f75bb37df0992d8d2b48?s=96&d=mm&r=g\",\"caption\":\"d.digiuseppe@hrcigroup.com\"},\"url\":\"https:\/\/www.ceoforlifeawards.com\/it\/blog\/author\/d-digiuseppehrcigroup-com\/\"}]}<\/script>\n<!-- \/ Yoast SEO plugin. -->","yoast_head_json":{"title":"Mobilit\u00e0 sostenibile: il punto di vista di Euler Hermes. - CEOforLIFE - IT","robots":{"index":"index","follow":"follow","max-snippet":"max-snippet:-1","max-image-preview":"max-image-preview:large","max-video-preview":"max-video-preview:-1"},"canonical":"https:\/\/www.ceoforlifeawards.com\/it\/blog\/mobilita-sostenibile-il-punto-di-vista-di-euler-hermes\/","og_locale":"it_IT","og_type":"article","og_title":"Mobilit\u00e0 sostenibile: il punto di vista di Euler Hermes. - CEOforLIFE - IT","og_description":"La tematica legata alla mobilit\u00e0 rientra tra quelle che ha richiesto maggiore attenzione durante la pandemia: diversi sono stati i benefici in termini di miglioramento della qualit\u00e0 dell\u2019aria, data la diminuzione della circolazione di automobili e dei mezzi di trasporto. \u00c8 necessario studiare e attuare un piano di mobilit\u00e0 sostenibile che sia pensato per il [&hellip;]","og_url":"https:\/\/www.ceoforlifeawards.com\/it\/blog\/mobilita-sostenibile-il-punto-di-vista-di-euler-hermes\/","og_site_name":"CEOforLIFE - IT","article_published_time":"2021-11-10T14:12:41+00:00","article_modified_time":"2022-11-28T08:31:39+00:00","og_image":[{"width":681,"height":202,"url":"https:\/\/www.ceoforlifeawards.com\/it\/wp-content\/uploads\/sites\/3\/2021\/11\/euler-hermes.png","type":"image\/png"}],"twitter_card":"summary_large_image","twitter_misc":{"Scritto da":"d.digiuseppe@hrcigroup.com","Tempo di lettura stimato":"2 minuti"},"schema":{"@context":"https:\/\/schema.org","@graph":[{"@type":"WebSite","@id":"https:\/\/www.ceoforlifeawards.com\/it\/#website","url":"https:\/\/www.ceoforlifeawards.com\/it\/","name":"CEOforLIFE - IT","description":"","potentialAction":[{"@type":"SearchAction","target":{"@type":"EntryPoint","urlTemplate":"https:\/\/www.ceoforlifeawards.com\/it\/?s={search_term_string}"},"query-input":"required name=search_term_string"}],"inLanguage":"it-IT"},{"@type":"ImageObject","inLanguage":"it-IT","@id":"https:\/\/www.ceoforlifeawards.com\/it\/blog\/mobilita-sostenibile-il-punto-di-vista-di-euler-hermes\/#primaryimage","url":"https:\/\/www.ceoforlifeawards.com\/it\/wp-content\/uploads\/sites\/3\/2021\/11\/euler-hermes.png","contentUrl":"https:\/\/www.ceoforlifeawards.com\/it\/wp-content\/uploads\/sites\/3\/2021\/11\/euler-hermes.png","width":681,"height":202},{"@type":"WebPage","@id":"https:\/\/www.ceoforlifeawards.com\/it\/blog\/mobilita-sostenibile-il-punto-di-vista-di-euler-hermes\/#webpage","url":"https:\/\/www.ceoforlifeawards.com\/it\/blog\/mobilita-sostenibile-il-punto-di-vista-di-euler-hermes\/","name":"Mobilit\u00e0 sostenibile: il punto di vista di Euler Hermes. - CEOforLIFE - IT","isPartOf":{"@id":"https:\/\/www.ceoforlifeawards.com\/it\/#website"},"primaryImageOfPage":{"@id":"https:\/\/www.ceoforlifeawards.com\/it\/blog\/mobilita-sostenibile-il-punto-di-vista-di-euler-hermes\/#primaryimage"},"datePublished":"2021-11-10T14:12:41+00:00","dateModified":"2022-11-28T08:31:39+00:00","author":{"@id":"https:\/\/www.ceoforlifeawards.com\/it\/#\/schema\/person\/9c2802d81c81cfba5c28677408d38d09"},"breadcrumb":{"@id":"https:\/\/www.ceoforlifeawards.com\/it\/blog\/mobilita-sostenibile-il-punto-di-vista-di-euler-hermes\/#breadcrumb"},"inLanguage":"it-IT","potentialAction":[{"@type":"ReadAction","target":["https:\/\/www.ceoforlifeawards.com\/it\/blog\/mobilita-sostenibile-il-punto-di-vista-di-euler-hermes\/"]}]},{"@type":"BreadcrumbList","@id":"https:\/\/www.ceoforlifeawards.com\/it\/blog\/mobilita-sostenibile-il-punto-di-vista-di-euler-hermes\/#breadcrumb","itemListElement":[{"@type":"ListItem","position":1,"name":"Home","item":"https:\/\/www.ceoforlifeawards.com\/it\/"},{"@type":"ListItem","position":2,"name":"Mobilit\u00e0 sostenibile: il punto di vista di Euler Hermes."}]},{"@type":"Person","@id":"https:\/\/www.ceoforlifeawards.com\/it\/#\/schema\/person\/9c2802d81c81cfba5c28677408d38d09","name":"d.digiuseppe@hrcigroup.com","image":{"@type":"ImageObject","inLanguage":"it-IT","@id":"https:\/\/www.ceoforlifeawards.com\/it\/#\/schema\/person\/image\/","url":"https:\/\/secure.gravatar.com\/avatar\/b464a83ee224f75bb37df0992d8d2b48?s=96&d=mm&r=g","contentUrl":"https:\/\/secure.gravatar.com\/avatar\/b464a83ee224f75bb37df0992d8d2b48?s=96&d=mm&r=g","caption":"d.digiuseppe@hrcigroup.com"},"url":"https:\/\/www.ceoforlifeawards.com\/it\/blog\/author\/d-digiuseppehrcigroup-com\/"}]}},"_links":{"self":[{"href":"https:\/\/www.ceoforlifeawards.com\/it\/wp-json\/wp\/v2\/posts\/4216"}],"collection":[{"href":"https:\/\/www.ceoforlifeawards.com\/it\/wp-json\/wp\/v2\/posts"}],"about":[{"href":"https:\/\/www.ceoforlifeawards.com\/it\/wp-json\/wp\/v2\/types\/post"}],"author":[{"embeddable":true,"href":"https:\/\/www.ceoforlifeawards.com\/it\/wp-json\/wp\/v2\/users\/6"}],"replies":[{"embeddable":true,"href":"https:\/\/www.ceoforlifeawards.com\/it\/wp-json\/wp\/v2\/comments?post=4216"}],"version-history":[{"count":0,"href":"https:\/\/www.ceoforlifeawards.com\/it\/wp-json\/wp\/v2\/posts\/4216\/revisions"}],"wp:featuredmedia":[{"embeddable":true,"href":"https:\/\/www.ceoforlifeawards.com\/it\/wp-json\/wp\/v2\/media\/4217"}],"wp:attachment":[{"href":"https:\/\/www.ceoforlifeawards.com\/it\/wp-json\/wp\/v2\/media?parent=4216"}],"wp:term":[{"taxonomy":"category","embeddable":true,"href":"https:\/\/www.ceoforlifeawards.com\/it\/wp-json\/wp\/v2\/categories?post=4216"},{"taxonomy":"post_tag","embeddable":true,"href":"https:\/\/www.ceoforlifeawards.com\/it\/wp-json\/wp\/v2\/tags?post=4216"}],"curies":[{"name":"wp","href":"https:\/\/api.w.org\/{rel}","templated":true}]}}