{"id":43050,"date":"2024-01-10T14:41:07","date_gmt":"2024-01-10T13:41:07","guid":{"rendered":"https:\/\/www.ceoforlifeawards.com\/it\/?p=43050"},"modified":"2024-01-10T14:41:07","modified_gmt":"2024-01-10T13:41:07","slug":"aeroporto-di-bologna-e-marconi-express-uniti-per-la-sostenibilita","status":"publish","type":"post","link":"https:\/\/www.ceoforlifeawards.com\/it\/blog\/aeroporto-di-bologna-e-marconi-express-uniti-per-la-sostenibilita\/","title":{"rendered":"Aeroporto di Bologna e Marconi Express uniti per la sostenibilit\u00e0"},"content":{"rendered":"<p>L\u2019Amministratore Delegato e direttore generale di <strong>Aeroporto di Bologna<\/strong>, <strong>Nazareno Ventola<\/strong>, e il Presidente di <strong>Marconi Express<\/strong>, <strong>Massimiliano Cudia<\/strong>, hanno firmato un <strong>protocollo d\u2019intesa di durata triennale per collaborare su progetti indirizzati alla mobilit\u00e0 sostenibile, alla sostenibilit\u00e0 e alla comunicazione ambientale e sociale<\/strong>, in linea con quanto previsto dall\u2019Agenda ONU 2030, con particolare attenzione agli obiettivi 7, 9, 11, 13 e 17.<\/p>\n<p>Marconi Express \u00e8 il collegamento pi\u00f9 rapido ed ecologico tra l\u2019aeroporto, la stazione e il centro di Bologna. I pannelli fotovoltaici installati sul parapetto della passerella di sicurezza lungo la via di corsa, infatti, forniscono circa il <strong>35% del fabbisogno energetico<\/strong> del sistema, mentre la restante energia necessaria al funzionamento \u00e8 reperita sul mercato da <strong>fornitori green certificati<\/strong>. Dal primo gennaio al 30 settembre 2023, gli spostamenti dall\u2019aeroporto alla stazione centrale di Bologna e viceversa tramite Marconi Express hanno inoltre consentito di risparmiare 682,7 tonnellate di CO2. Nello stesso periodo, i pannelli fotovoltaici hanno prodotto pi\u00f9 di 353,8 MWh.<\/p>\n<p>L\u2019accordo tra le due societ\u00e0 rafforza iniziative gi\u00e0 avviate a favore della sostenibilit\u00e0 ambientale negli spostamenti casa-lavoro dei lavoratori della comunit\u00e0 aeroportuale e negli spostamenti degli utenti dello scalo, ed \u00e8 finalizzato alla realizzazione di nuovi progetti, pensati, ad esempio, per creare, attraverso una collaborazione con gli enti competenti e gli operatori dei locali, ulteriori pacchetti di trasporto multimodale e integrato rivolti anche ai passeggeri e agli utenti, basati sui principi del MaaS &#8211; Mobility as a Service, ovvero un \u201cpacchetto\u201d composto da diversi mezzi e servizi utilizzabili alternativamente o in maniera combinata dagli abbonati.<\/p>\n<p>\u201c<em>Da 3 anni stiamo contribuendo alla decarbonizzazione energetica e con Aeroporto di Bologna c\u2019\u00e8 un\u2019assoluta condivisione di valori e di obiettivi, per cui continueremo a collaborare attivamente per realizzare insieme nuove iniziative e progetti a favore dei lavoratori aeroportuali e di tutti gli utenti dello scalo, con l\u2019obiettivo di promuovere il benessere della collettivit\u00e0 e la sostenibilit\u00e0<\/em>\u201d, ha dichiarato il presidente di Marconi Express, Massimiliano Cudia.<\/p>\n<p>Per saperne di pi\u00f9: <a href=\"https:\/\/www.bologna-airport.it\/la-societa\/sala-stampa\/news\/aeroporto-di-bologna-e-marconi-express-insieme-per-la-sostenibilita-\/?idC=62350&amp;idO=2622716\">https:\/\/www.bologna-airport.it\/la-societa\/sala-stampa\/news\/aeroporto-di-bologna-e-marconi-express-insieme-per-la-sostenibilita-\/?idC=62350&amp;idO=2622716<\/a><\/p>\n","protected":false},"excerpt":{"rendered":"<p>L\u2019Amministratore Delegato e direttore generale di Aeroporto di Bologna, Nazareno Ventola, e il Presidente di Marconi Express, Massimiliano Cudia, hanno firmato un protocollo d\u2019intesa di durata triennale per collaborare su progetti indirizzati alla mobilit\u00e0 sostenibile, alla sostenibilit\u00e0 e alla comunicazione ambientale e sociale, in linea con quanto previsto dall\u2019Agenda ONU 2030, con particolare attenzione agli [&hellip;]<\/p>\n","protected":false},"author":6,"featured_media":43051,"comment_status":"open","ping_status":"open","sticky":false,"template":"","format":"standard","meta":[],"categories":[361,96,95],"tags":[108],"yoast_head":"<!-- This site is optimized with the Yoast SEO plugin v18.7 - https:\/\/yoast.com\/wordpress\/plugins\/seo\/ -->\n<title>Aeroporto di Bologna e Marconi Express uniti per la sostenibilit\u00e0 - CEOforLIFE - IT<\/title>\n<meta name=\"description\" content=\"Aeroporto di Bologna e Marconi Express hanno firmato un protocollo d\u2019intesa triennale per la sostenibilit\u00e0\" \/>\n<meta name=\"robots\" content=\"index, follow, max-snippet:-1, max-image-preview:large, max-video-preview:-1\" \/>\n<link rel=\"canonical\" href=\"https:\/\/www.ceoforlifeawards.com\/it\/blog\/aeroporto-di-bologna-e-marconi-express-uniti-per-la-sostenibilita\/\" \/>\n<meta property=\"og:locale\" content=\"it_IT\" \/>\n<meta property=\"og:type\" content=\"article\" \/>\n<meta property=\"og:title\" content=\"Aeroporto di Bologna e Marconi Express uniti per la sostenibilit\u00e0 - CEOforLIFE - IT\" \/>\n<meta property=\"og:description\" content=\"Aeroporto di Bologna e Marconi Express hanno firmato un protocollo d\u2019intesa triennale per la sostenibilit\u00e0\" \/>\n<meta property=\"og:url\" content=\"https:\/\/www.ceoforlifeawards.com\/it\/blog\/aeroporto-di-bologna-e-marconi-express-uniti-per-la-sostenibilita\/\" \/>\n<meta property=\"og:site_name\" content=\"CEOforLIFE - IT\" \/>\n<meta property=\"article:published_time\" content=\"2024-01-10T13:41:07+00:00\" \/>\n<meta property=\"og:image\" content=\"https:\/\/www.ceoforlifeawards.com\/it\/wp-content\/uploads\/sites\/3\/2024\/01\/Immagine1-6-scaled.jpg\" \/>\n\t<meta property=\"og:image:width\" content=\"2560\" \/>\n\t<meta property=\"og:image:height\" content=\"1667\" \/>\n\t<meta property=\"og:image:type\" content=\"image\/jpeg\" \/>\n<meta name=\"twitter:card\" content=\"summary_large_image\" \/>\n<meta name=\"twitter:label1\" content=\"Scritto da\" \/>\n\t<meta name=\"twitter:data1\" content=\"d.digiuseppe@hrcigroup.com\" \/>\n\t<meta name=\"twitter:label2\" content=\"Tempo di lettura stimato\" \/>\n\t<meta name=\"twitter:data2\" content=\"2 minuti\" \/>\n<script type=\"application\/ld+json\" class=\"yoast-schema-graph\">{\"@context\":\"https:\/\/schema.org\",\"@graph\":[{\"@type\":\"WebSite\",\"@id\":\"https:\/\/www.ceoforlifeawards.com\/it\/#website\",\"url\":\"https:\/\/www.ceoforlifeawards.com\/it\/\",\"name\":\"CEOforLIFE - IT\",\"description\":\"\",\"potentialAction\":[{\"@type\":\"SearchAction\",\"target\":{\"@type\":\"EntryPoint\",\"urlTemplate\":\"https:\/\/www.ceoforlifeawards.com\/it\/?s={search_term_string}\"},\"query-input\":\"required name=search_term_string\"}],\"inLanguage\":\"it-IT\"},{\"@type\":\"ImageObject\",\"inLanguage\":\"it-IT\",\"@id\":\"https:\/\/www.ceoforlifeawards.com\/it\/blog\/aeroporto-di-bologna-e-marconi-express-uniti-per-la-sostenibilita\/#primaryimage\",\"url\":\"https:\/\/www.ceoforlifeawards.com\/it\/wp-content\/uploads\/sites\/3\/2024\/01\/Immagine1-6-scaled.jpg\",\"contentUrl\":\"https:\/\/www.ceoforlifeawards.com\/it\/wp-content\/uploads\/sites\/3\/2024\/01\/Immagine1-6-scaled.jpg\",\"width\":2560,\"height\":1667},{\"@type\":\"WebPage\",\"@id\":\"https:\/\/www.ceoforlifeawards.com\/it\/blog\/aeroporto-di-bologna-e-marconi-express-uniti-per-la-sostenibilita\/#webpage\",\"url\":\"https:\/\/www.ceoforlifeawards.com\/it\/blog\/aeroporto-di-bologna-e-marconi-express-uniti-per-la-sostenibilita\/\",\"name\":\"Aeroporto di Bologna e Marconi Express uniti per la sostenibilit\u00e0 - CEOforLIFE - IT\",\"isPartOf\":{\"@id\":\"https:\/\/www.ceoforlifeawards.com\/it\/#website\"},\"primaryImageOfPage\":{\"@id\":\"https:\/\/www.ceoforlifeawards.com\/it\/blog\/aeroporto-di-bologna-e-marconi-express-uniti-per-la-sostenibilita\/#primaryimage\"},\"datePublished\":\"2024-01-10T13:41:07+00:00\",\"dateModified\":\"2024-01-10T13:41:07+00:00\",\"author\":{\"@id\":\"https:\/\/www.ceoforlifeawards.com\/it\/#\/schema\/person\/9c2802d81c81cfba5c28677408d38d09\"},\"description\":\"Aeroporto di Bologna e Marconi Express hanno firmato un protocollo d\u2019intesa triennale per la sostenibilit\u00e0\",\"breadcrumb\":{\"@id\":\"https:\/\/www.ceoforlifeawards.com\/it\/blog\/aeroporto-di-bologna-e-marconi-express-uniti-per-la-sostenibilita\/#breadcrumb\"},\"inLanguage\":\"it-IT\",\"potentialAction\":[{\"@type\":\"ReadAction\",\"target\":[\"https:\/\/www.ceoforlifeawards.com\/it\/blog\/aeroporto-di-bologna-e-marconi-express-uniti-per-la-sostenibilita\/\"]}]},{\"@type\":\"BreadcrumbList\",\"@id\":\"https:\/\/www.ceoforlifeawards.com\/it\/blog\/aeroporto-di-bologna-e-marconi-express-uniti-per-la-sostenibilita\/#breadcrumb\",\"itemListElement\":[{\"@type\":\"ListItem\",\"position\":1,\"name\":\"Home\",\"item\":\"https:\/\/www.ceoforlifeawards.com\/it\/\"},{\"@type\":\"ListItem\",\"position\":2,\"name\":\"Aeroporto di Bologna e Marconi Express uniti per la sostenibilit\u00e0\"}]},{\"@type\":\"Person\",\"@id\":\"https:\/\/www.ceoforlifeawards.com\/it\/#\/schema\/person\/9c2802d81c81cfba5c28677408d38d09\",\"name\":\"d.digiuseppe@hrcigroup.com\",\"image\":{\"@type\":\"ImageObject\",\"inLanguage\":\"it-IT\",\"@id\":\"https:\/\/www.ceoforlifeawards.com\/it\/#\/schema\/person\/image\/\",\"url\":\"https:\/\/secure.gravatar.com\/avatar\/b464a83ee224f75bb37df0992d8d2b48?s=96&d=mm&r=g\",\"contentUrl\":\"https:\/\/secure.gravatar.com\/avatar\/b464a83ee224f75bb37df0992d8d2b48?s=96&d=mm&r=g\",\"caption\":\"d.digiuseppe@hrcigroup.com\"},\"url\":\"https:\/\/www.ceoforlifeawards.com\/it\/blog\/author\/d-digiuseppehrcigroup-com\/\"}]}<\/script>\n<!-- \/ Yoast SEO plugin. -->","yoast_head_json":{"title":"Aeroporto di Bologna e Marconi Express uniti per la sostenibilit\u00e0 - CEOforLIFE - IT","description":"Aeroporto di Bologna e Marconi Express hanno firmato un protocollo d\u2019intesa triennale per la sostenibilit\u00e0","robots":{"index":"index","follow":"follow","max-snippet":"max-snippet:-1","max-image-preview":"max-image-preview:large","max-video-preview":"max-video-preview:-1"},"canonical":"https:\/\/www.ceoforlifeawards.com\/it\/blog\/aeroporto-di-bologna-e-marconi-express-uniti-per-la-sostenibilita\/","og_locale":"it_IT","og_type":"article","og_title":"Aeroporto di Bologna e Marconi Express uniti per la sostenibilit\u00e0 - CEOforLIFE - IT","og_description":"Aeroporto di Bologna e Marconi Express hanno firmato un protocollo d\u2019intesa triennale per la sostenibilit\u00e0","og_url":"https:\/\/www.ceoforlifeawards.com\/it\/blog\/aeroporto-di-bologna-e-marconi-express-uniti-per-la-sostenibilita\/","og_site_name":"CEOforLIFE - IT","article_published_time":"2024-01-10T13:41:07+00:00","og_image":[{"width":2560,"height":1667,"url":"https:\/\/www.ceoforlifeawards.com\/it\/wp-content\/uploads\/sites\/3\/2024\/01\/Immagine1-6-scaled.jpg","type":"image\/jpeg"}],"twitter_card":"summary_large_image","twitter_misc":{"Scritto da":"d.digiuseppe@hrcigroup.com","Tempo di lettura stimato":"2 minuti"},"schema":{"@context":"https:\/\/schema.org","@graph":[{"@type":"WebSite","@id":"https:\/\/www.ceoforlifeawards.com\/it\/#website","url":"https:\/\/www.ceoforlifeawards.com\/it\/","name":"CEOforLIFE - IT","description":"","potentialAction":[{"@type":"SearchAction","target":{"@type":"EntryPoint","urlTemplate":"https:\/\/www.ceoforlifeawards.com\/it\/?s={search_term_string}"},"query-input":"required name=search_term_string"}],"inLanguage":"it-IT"},{"@type":"ImageObject","inLanguage":"it-IT","@id":"https:\/\/www.ceoforlifeawards.com\/it\/blog\/aeroporto-di-bologna-e-marconi-express-uniti-per-la-sostenibilita\/#primaryimage","url":"https:\/\/www.ceoforlifeawards.com\/it\/wp-content\/uploads\/sites\/3\/2024\/01\/Immagine1-6-scaled.jpg","contentUrl":"https:\/\/www.ceoforlifeawards.com\/it\/wp-content\/uploads\/sites\/3\/2024\/01\/Immagine1-6-scaled.jpg","width":2560,"height":1667},{"@type":"WebPage","@id":"https:\/\/www.ceoforlifeawards.com\/it\/blog\/aeroporto-di-bologna-e-marconi-express-uniti-per-la-sostenibilita\/#webpage","url":"https:\/\/www.ceoforlifeawards.com\/it\/blog\/aeroporto-di-bologna-e-marconi-express-uniti-per-la-sostenibilita\/","name":"Aeroporto di Bologna e Marconi Express uniti per la sostenibilit\u00e0 - CEOforLIFE - IT","isPartOf":{"@id":"https:\/\/www.ceoforlifeawards.com\/it\/#website"},"primaryImageOfPage":{"@id":"https:\/\/www.ceoforlifeawards.com\/it\/blog\/aeroporto-di-bologna-e-marconi-express-uniti-per-la-sostenibilita\/#primaryimage"},"datePublished":"2024-01-10T13:41:07+00:00","dateModified":"2024-01-10T13:41:07+00:00","author":{"@id":"https:\/\/www.ceoforlifeawards.com\/it\/#\/schema\/person\/9c2802d81c81cfba5c28677408d38d09"},"description":"Aeroporto di Bologna e Marconi Express hanno firmato un protocollo d\u2019intesa triennale per la sostenibilit\u00e0","breadcrumb":{"@id":"https:\/\/www.ceoforlifeawards.com\/it\/blog\/aeroporto-di-bologna-e-marconi-express-uniti-per-la-sostenibilita\/#breadcrumb"},"inLanguage":"it-IT","potentialAction":[{"@type":"ReadAction","target":["https:\/\/www.ceoforlifeawards.com\/it\/blog\/aeroporto-di-bologna-e-marconi-express-uniti-per-la-sostenibilita\/"]}]},{"@type":"BreadcrumbList","@id":"https:\/\/www.ceoforlifeawards.com\/it\/blog\/aeroporto-di-bologna-e-marconi-express-uniti-per-la-sostenibilita\/#breadcrumb","itemListElement":[{"@type":"ListItem","position":1,"name":"Home","item":"https:\/\/www.ceoforlifeawards.com\/it\/"},{"@type":"ListItem","position":2,"name":"Aeroporto di Bologna e Marconi Express uniti per la sostenibilit\u00e0"}]},{"@type":"Person","@id":"https:\/\/www.ceoforlifeawards.com\/it\/#\/schema\/person\/9c2802d81c81cfba5c28677408d38d09","name":"d.digiuseppe@hrcigroup.com","image":{"@type":"ImageObject","inLanguage":"it-IT","@id":"https:\/\/www.ceoforlifeawards.com\/it\/#\/schema\/person\/image\/","url":"https:\/\/secure.gravatar.com\/avatar\/b464a83ee224f75bb37df0992d8d2b48?s=96&d=mm&r=g","contentUrl":"https:\/\/secure.gravatar.com\/avatar\/b464a83ee224f75bb37df0992d8d2b48?s=96&d=mm&r=g","caption":"d.digiuseppe@hrcigroup.com"},"url":"https:\/\/www.ceoforlifeawards.com\/it\/blog\/author\/d-digiuseppehrcigroup-com\/"}]}},"_links":{"self":[{"href":"https:\/\/www.ceoforlifeawards.com\/it\/wp-json\/wp\/v2\/posts\/43050"}],"collection":[{"href":"https:\/\/www.ceoforlifeawards.com\/it\/wp-json\/wp\/v2\/posts"}],"about":[{"href":"https:\/\/www.ceoforlifeawards.com\/it\/wp-json\/wp\/v2\/types\/post"}],"author":[{"embeddable":true,"href":"https:\/\/www.ceoforlifeawards.com\/it\/wp-json\/wp\/v2\/users\/6"}],"replies":[{"embeddable":true,"href":"https:\/\/www.ceoforlifeawards.com\/it\/wp-json\/wp\/v2\/comments?post=43050"}],"version-history":[{"count":1,"href":"https:\/\/www.ceoforlifeawards.com\/it\/wp-json\/wp\/v2\/posts\/43050\/revisions"}],"predecessor-version":[{"id":43052,"href":"https:\/\/www.ceoforlifeawards.com\/it\/wp-json\/wp\/v2\/posts\/43050\/revisions\/43052"}],"wp:featuredmedia":[{"embeddable":true,"href":"https:\/\/www.ceoforlifeawards.com\/it\/wp-json\/wp\/v2\/media\/43051"}],"wp:attachment":[{"href":"https:\/\/www.ceoforlifeawards.com\/it\/wp-json\/wp\/v2\/media?parent=43050"}],"wp:term":[{"taxonomy":"category","embeddable":true,"href":"https:\/\/www.ceoforlifeawards.com\/it\/wp-json\/wp\/v2\/categories?post=43050"},{"taxonomy":"post_tag","embeddable":true,"href":"https:\/\/www.ceoforlifeawards.com\/it\/wp-json\/wp\/v2\/tags?post=43050"}],"curies":[{"name":"wp","href":"https:\/\/api.w.org\/{rel}","templated":true}]}}