{"id":44273,"date":"2023-11-20T12:43:03","date_gmt":"2023-11-20T11:43:03","guid":{"rendered":"https:\/\/www.ceoforlifeawards.com\/it\/?p=44273"},"modified":"2024-02-01T15:58:23","modified_gmt":"2024-02-01T14:58:23","slug":"piu-istruzione-e-meno-digital-divide-il-progetto-children-connection-di-sielte","status":"publish","type":"post","link":"https:\/\/www.ceoforlifeawards.com\/it\/blog\/piu-istruzione-e-meno-digital-divide-il-progetto-children-connection-di-sielte\/","title":{"rendered":"Pi\u00f9 istruzione e meno digital divide: il progetto Children Connection di Sielte"},"content":{"rendered":"<p>Sostenibilit\u00e0 \u00e8 anche inclusione sociale e digitale, soprattutto nelle aree pi\u00f9 disagiate del pianeta. Ne \u00e8 consapevole <strong>Sielte<\/strong> &#8211; storica societ\u00e0 di telecomunicazioni costituita nel 1925 come Societ\u00e0 del Gruppo svedese Ericsson e di propriet\u00e0 della famiglia Turrisi dal 1999 &#8211; che, all\u2019ultima edizione dei CEOforLIFE Awards, ha presentato il progetto<strong> Children Connection<\/strong>.<\/p>\n<p>L\u2019impegno \u00e8 rivolto appunto ai bambini e ai giovani che vivono in Paesi in via di sviluppo e sono svantaggiati digitalmente e socialmente. L\u2019iniziativa rientra nell\u2019ambito della <strong>Corporate Social Responsibility<\/strong> (CSR) e ha finora raggiunto gi\u00e0 24 Paesi in tutto il mondo, tra cui \u00e8 rilevante citare il Marocco, recentemente colpito dal terremoto e la Palestina, dove nelle ultime settimane si sta registrando una escalation di violenza.<\/p>\n<p>L\u2019obiettivo di Children Connection \u00e8 quello di promuovere l\u2019accesso all\u2019istruzione e alla connettivit\u00e0, fornendo connessione internet e dispositivi digitali tramite cui accedere a risorse educative e informazioni online. I risultati sperati non sono soltanto la riduzione del <em>digital divide<\/em> e il miglioramento dell\u2019accesso all\u2019istruzione e alle competenze tecnologiche in generale, ma anche, di conseguenza, la <strong>crescita economica<\/strong> delle aree interessante e il loro <strong>sviluppo sostenibile<\/strong>.<\/p>\n<p>\u201c<em>L\u2019accesso alla connettivit\u00e0 e alle risorse digitali<\/em> \u2013 ha spiegato la stessa Sielte in occasione dell\u2019evento di CEOforLIFE &#8211; <em>pu\u00f2 favorire lo sviluppo di imprese locali e l\u2019accesso a nuovi mercati. Ci\u00f2 pu\u00f2 contribuire alla creazione di opportunit\u00e0 economiche locali, riducendo la povert\u00e0 e promuovendo lo sviluppo sostenibile delle comunit\u00e0 coinvolte<\/em>\u201d.<\/p>\n","protected":false},"excerpt":{"rendered":"<p>Sostenibilit\u00e0 \u00e8 anche inclusione sociale e digitale, soprattutto nelle aree pi\u00f9 disagiate del pianeta. Ne \u00e8 consapevole Sielte &#8211; storica societ\u00e0 di telecomunicazioni costituita nel 1925 come Societ\u00e0 del Gruppo svedese Ericsson e di propriet\u00e0 della famiglia Turrisi dal 1999 &#8211; che, all\u2019ultima edizione dei CEOforLIFE Awards, ha presentato il progetto Children Connection. L\u2019impegno \u00e8 [&hellip;]<\/p>\n","protected":false},"author":7,"featured_media":44275,"comment_status":"closed","ping_status":"closed","sticky":false,"template":"","format":"standard","meta":[],"categories":[93,96,256,95],"tags":[108],"yoast_head":"<!-- This site is optimized with the Yoast SEO plugin v18.7 - https:\/\/yoast.com\/wordpress\/plugins\/seo\/ -->\n<title>Pi\u00f9 istruzione e meno digital divide: il progetto Children Connection di Sielte - CEOforLIFE - IT<\/title>\n<meta name=\"robots\" content=\"index, follow, max-snippet:-1, max-image-preview:large, max-video-preview:-1\" \/>\n<link rel=\"canonical\" href=\"https:\/\/www.ceoforlifeawards.com\/it\/blog\/piu-istruzione-e-meno-digital-divide-il-progetto-children-connection-di-sielte\/\" \/>\n<meta property=\"og:locale\" content=\"it_IT\" \/>\n<meta property=\"og:type\" content=\"article\" \/>\n<meta property=\"og:title\" content=\"Pi\u00f9 istruzione e meno digital divide: il progetto Children Connection di Sielte - CEOforLIFE - IT\" \/>\n<meta property=\"og:description\" content=\"Sostenibilit\u00e0 \u00e8 anche inclusione sociale e digitale, soprattutto nelle aree pi\u00f9 disagiate del pianeta. Ne \u00e8 consapevole Sielte &#8211; storica societ\u00e0 di telecomunicazioni costituita nel 1925 come Societ\u00e0 del Gruppo svedese Ericsson e di propriet\u00e0 della famiglia Turrisi dal 1999 &#8211; che, all\u2019ultima edizione dei CEOforLIFE Awards, ha presentato il progetto Children Connection. L\u2019impegno \u00e8 [&hellip;]\" \/>\n<meta property=\"og:url\" content=\"https:\/\/www.ceoforlifeawards.com\/it\/blog\/piu-istruzione-e-meno-digital-divide-il-progetto-children-connection-di-sielte\/\" \/>\n<meta property=\"og:site_name\" content=\"CEOforLIFE - IT\" \/>\n<meta property=\"article:published_time\" content=\"2023-11-20T11:43:03+00:00\" \/>\n<meta property=\"article:modified_time\" content=\"2024-02-01T14:58:23+00:00\" \/>\n<meta property=\"og:image\" content=\"https:\/\/www.ceoforlifeawards.com\/it\/wp-content\/uploads\/sites\/3\/2024\/02\/sielte-scaled.jpg\" \/>\n\t<meta property=\"og:image:width\" content=\"2560\" \/>\n\t<meta property=\"og:image:height\" content=\"1654\" \/>\n\t<meta property=\"og:image:type\" content=\"image\/jpeg\" \/>\n<meta name=\"twitter:card\" content=\"summary_large_image\" \/>\n<meta name=\"twitter:label1\" content=\"Scritto da\" \/>\n\t<meta name=\"twitter:data1\" content=\"e.guerrero@hrcigroup.com\" \/>\n\t<meta name=\"twitter:label2\" content=\"Tempo di lettura stimato\" \/>\n\t<meta name=\"twitter:data2\" content=\"1 minuto\" \/>\n<script type=\"application\/ld+json\" class=\"yoast-schema-graph\">{\"@context\":\"https:\/\/schema.org\",\"@graph\":[{\"@type\":\"WebSite\",\"@id\":\"https:\/\/www.ceoforlifeawards.com\/it\/#website\",\"url\":\"https:\/\/www.ceoforlifeawards.com\/it\/\",\"name\":\"CEOforLIFE - IT\",\"description\":\"\",\"potentialAction\":[{\"@type\":\"SearchAction\",\"target\":{\"@type\":\"EntryPoint\",\"urlTemplate\":\"https:\/\/www.ceoforlifeawards.com\/it\/?s={search_term_string}\"},\"query-input\":\"required name=search_term_string\"}],\"inLanguage\":\"it-IT\"},{\"@type\":\"ImageObject\",\"inLanguage\":\"it-IT\",\"@id\":\"https:\/\/www.ceoforlifeawards.com\/it\/blog\/piu-istruzione-e-meno-digital-divide-il-progetto-children-connection-di-sielte\/#primaryimage\",\"url\":\"https:\/\/www.ceoforlifeawards.com\/it\/wp-content\/uploads\/sites\/3\/2024\/02\/sielte-scaled.jpg\",\"contentUrl\":\"https:\/\/www.ceoforlifeawards.com\/it\/wp-content\/uploads\/sites\/3\/2024\/02\/sielte-scaled.jpg\",\"width\":2560,\"height\":1654},{\"@type\":\"WebPage\",\"@id\":\"https:\/\/www.ceoforlifeawards.com\/it\/blog\/piu-istruzione-e-meno-digital-divide-il-progetto-children-connection-di-sielte\/#webpage\",\"url\":\"https:\/\/www.ceoforlifeawards.com\/it\/blog\/piu-istruzione-e-meno-digital-divide-il-progetto-children-connection-di-sielte\/\",\"name\":\"Pi\u00f9 istruzione e meno digital divide: il progetto Children Connection di Sielte - CEOforLIFE - IT\",\"isPartOf\":{\"@id\":\"https:\/\/www.ceoforlifeawards.com\/it\/#website\"},\"primaryImageOfPage\":{\"@id\":\"https:\/\/www.ceoforlifeawards.com\/it\/blog\/piu-istruzione-e-meno-digital-divide-il-progetto-children-connection-di-sielte\/#primaryimage\"},\"datePublished\":\"2023-11-20T11:43:03+00:00\",\"dateModified\":\"2024-02-01T14:58:23+00:00\",\"author\":{\"@id\":\"https:\/\/www.ceoforlifeawards.com\/it\/#\/schema\/person\/6b7281294453e8a6d715a879c81216d1\"},\"breadcrumb\":{\"@id\":\"https:\/\/www.ceoforlifeawards.com\/it\/blog\/piu-istruzione-e-meno-digital-divide-il-progetto-children-connection-di-sielte\/#breadcrumb\"},\"inLanguage\":\"it-IT\",\"potentialAction\":[{\"@type\":\"ReadAction\",\"target\":[\"https:\/\/www.ceoforlifeawards.com\/it\/blog\/piu-istruzione-e-meno-digital-divide-il-progetto-children-connection-di-sielte\/\"]}]},{\"@type\":\"BreadcrumbList\",\"@id\":\"https:\/\/www.ceoforlifeawards.com\/it\/blog\/piu-istruzione-e-meno-digital-divide-il-progetto-children-connection-di-sielte\/#breadcrumb\",\"itemListElement\":[{\"@type\":\"ListItem\",\"position\":1,\"name\":\"Home\",\"item\":\"https:\/\/www.ceoforlifeawards.com\/it\/\"},{\"@type\":\"ListItem\",\"position\":2,\"name\":\"Pi\u00f9 istruzione e meno digital divide: il progetto Children Connection di Sielte\"}]},{\"@type\":\"Person\",\"@id\":\"https:\/\/www.ceoforlifeawards.com\/it\/#\/schema\/person\/6b7281294453e8a6d715a879c81216d1\",\"name\":\"e.guerrero@hrcigroup.com\",\"image\":{\"@type\":\"ImageObject\",\"inLanguage\":\"it-IT\",\"@id\":\"https:\/\/www.ceoforlifeawards.com\/it\/#\/schema\/person\/image\/\",\"url\":\"https:\/\/secure.gravatar.com\/avatar\/667cc5f05dfa4e58d0baf41f3e4af7fd?s=96&d=mm&r=g\",\"contentUrl\":\"https:\/\/secure.gravatar.com\/avatar\/667cc5f05dfa4e58d0baf41f3e4af7fd?s=96&d=mm&r=g\",\"caption\":\"e.guerrero@hrcigroup.com\"},\"url\":\"https:\/\/www.ceoforlifeawards.com\/it\/blog\/author\/e-guerrerohrcigroup-com\/\"}]}<\/script>\n<!-- \/ Yoast SEO plugin. -->","yoast_head_json":{"title":"Pi\u00f9 istruzione e meno digital divide: il progetto Children Connection di Sielte - CEOforLIFE - IT","robots":{"index":"index","follow":"follow","max-snippet":"max-snippet:-1","max-image-preview":"max-image-preview:large","max-video-preview":"max-video-preview:-1"},"canonical":"https:\/\/www.ceoforlifeawards.com\/it\/blog\/piu-istruzione-e-meno-digital-divide-il-progetto-children-connection-di-sielte\/","og_locale":"it_IT","og_type":"article","og_title":"Pi\u00f9 istruzione e meno digital divide: il progetto Children Connection di Sielte - CEOforLIFE - IT","og_description":"Sostenibilit\u00e0 \u00e8 anche inclusione sociale e digitale, soprattutto nelle aree pi\u00f9 disagiate del pianeta. Ne \u00e8 consapevole Sielte &#8211; storica societ\u00e0 di telecomunicazioni costituita nel 1925 come Societ\u00e0 del Gruppo svedese Ericsson e di propriet\u00e0 della famiglia Turrisi dal 1999 &#8211; che, all\u2019ultima edizione dei CEOforLIFE Awards, ha presentato il progetto Children Connection. L\u2019impegno \u00e8 [&hellip;]","og_url":"https:\/\/www.ceoforlifeawards.com\/it\/blog\/piu-istruzione-e-meno-digital-divide-il-progetto-children-connection-di-sielte\/","og_site_name":"CEOforLIFE - IT","article_published_time":"2023-11-20T11:43:03+00:00","article_modified_time":"2024-02-01T14:58:23+00:00","og_image":[{"width":2560,"height":1654,"url":"https:\/\/www.ceoforlifeawards.com\/it\/wp-content\/uploads\/sites\/3\/2024\/02\/sielte-scaled.jpg","type":"image\/jpeg"}],"twitter_card":"summary_large_image","twitter_misc":{"Scritto da":"e.guerrero@hrcigroup.com","Tempo di lettura stimato":"1 minuto"},"schema":{"@context":"https:\/\/schema.org","@graph":[{"@type":"WebSite","@id":"https:\/\/www.ceoforlifeawards.com\/it\/#website","url":"https:\/\/www.ceoforlifeawards.com\/it\/","name":"CEOforLIFE - IT","description":"","potentialAction":[{"@type":"SearchAction","target":{"@type":"EntryPoint","urlTemplate":"https:\/\/www.ceoforlifeawards.com\/it\/?s={search_term_string}"},"query-input":"required name=search_term_string"}],"inLanguage":"it-IT"},{"@type":"ImageObject","inLanguage":"it-IT","@id":"https:\/\/www.ceoforlifeawards.com\/it\/blog\/piu-istruzione-e-meno-digital-divide-il-progetto-children-connection-di-sielte\/#primaryimage","url":"https:\/\/www.ceoforlifeawards.com\/it\/wp-content\/uploads\/sites\/3\/2024\/02\/sielte-scaled.jpg","contentUrl":"https:\/\/www.ceoforlifeawards.com\/it\/wp-content\/uploads\/sites\/3\/2024\/02\/sielte-scaled.jpg","width":2560,"height":1654},{"@type":"WebPage","@id":"https:\/\/www.ceoforlifeawards.com\/it\/blog\/piu-istruzione-e-meno-digital-divide-il-progetto-children-connection-di-sielte\/#webpage","url":"https:\/\/www.ceoforlifeawards.com\/it\/blog\/piu-istruzione-e-meno-digital-divide-il-progetto-children-connection-di-sielte\/","name":"Pi\u00f9 istruzione e meno digital divide: il progetto Children Connection di Sielte - CEOforLIFE - IT","isPartOf":{"@id":"https:\/\/www.ceoforlifeawards.com\/it\/#website"},"primaryImageOfPage":{"@id":"https:\/\/www.ceoforlifeawards.com\/it\/blog\/piu-istruzione-e-meno-digital-divide-il-progetto-children-connection-di-sielte\/#primaryimage"},"datePublished":"2023-11-20T11:43:03+00:00","dateModified":"2024-02-01T14:58:23+00:00","author":{"@id":"https:\/\/www.ceoforlifeawards.com\/it\/#\/schema\/person\/6b7281294453e8a6d715a879c81216d1"},"breadcrumb":{"@id":"https:\/\/www.ceoforlifeawards.com\/it\/blog\/piu-istruzione-e-meno-digital-divide-il-progetto-children-connection-di-sielte\/#breadcrumb"},"inLanguage":"it-IT","potentialAction":[{"@type":"ReadAction","target":["https:\/\/www.ceoforlifeawards.com\/it\/blog\/piu-istruzione-e-meno-digital-divide-il-progetto-children-connection-di-sielte\/"]}]},{"@type":"BreadcrumbList","@id":"https:\/\/www.ceoforlifeawards.com\/it\/blog\/piu-istruzione-e-meno-digital-divide-il-progetto-children-connection-di-sielte\/#breadcrumb","itemListElement":[{"@type":"ListItem","position":1,"name":"Home","item":"https:\/\/www.ceoforlifeawards.com\/it\/"},{"@type":"ListItem","position":2,"name":"Pi\u00f9 istruzione e meno digital divide: il progetto Children Connection di Sielte"}]},{"@type":"Person","@id":"https:\/\/www.ceoforlifeawards.com\/it\/#\/schema\/person\/6b7281294453e8a6d715a879c81216d1","name":"e.guerrero@hrcigroup.com","image":{"@type":"ImageObject","inLanguage":"it-IT","@id":"https:\/\/www.ceoforlifeawards.com\/it\/#\/schema\/person\/image\/","url":"https:\/\/secure.gravatar.com\/avatar\/667cc5f05dfa4e58d0baf41f3e4af7fd?s=96&d=mm&r=g","contentUrl":"https:\/\/secure.gravatar.com\/avatar\/667cc5f05dfa4e58d0baf41f3e4af7fd?s=96&d=mm&r=g","caption":"e.guerrero@hrcigroup.com"},"url":"https:\/\/www.ceoforlifeawards.com\/it\/blog\/author\/e-guerrerohrcigroup-com\/"}]}},"_links":{"self":[{"href":"https:\/\/www.ceoforlifeawards.com\/it\/wp-json\/wp\/v2\/posts\/44273"}],"collection":[{"href":"https:\/\/www.ceoforlifeawards.com\/it\/wp-json\/wp\/v2\/posts"}],"about":[{"href":"https:\/\/www.ceoforlifeawards.com\/it\/wp-json\/wp\/v2\/types\/post"}],"author":[{"embeddable":true,"href":"https:\/\/www.ceoforlifeawards.com\/it\/wp-json\/wp\/v2\/users\/7"}],"replies":[{"embeddable":true,"href":"https:\/\/www.ceoforlifeawards.com\/it\/wp-json\/wp\/v2\/comments?post=44273"}],"version-history":[{"count":1,"href":"https:\/\/www.ceoforlifeawards.com\/it\/wp-json\/wp\/v2\/posts\/44273\/revisions"}],"predecessor-version":[{"id":44276,"href":"https:\/\/www.ceoforlifeawards.com\/it\/wp-json\/wp\/v2\/posts\/44273\/revisions\/44276"}],"wp:featuredmedia":[{"embeddable":true,"href":"https:\/\/www.ceoforlifeawards.com\/it\/wp-json\/wp\/v2\/media\/44275"}],"wp:attachment":[{"href":"https:\/\/www.ceoforlifeawards.com\/it\/wp-json\/wp\/v2\/media?parent=44273"}],"wp:term":[{"taxonomy":"category","embeddable":true,"href":"https:\/\/www.ceoforlifeawards.com\/it\/wp-json\/wp\/v2\/categories?post=44273"},{"taxonomy":"post_tag","embeddable":true,"href":"https:\/\/www.ceoforlifeawards.com\/it\/wp-json\/wp\/v2\/tags?post=44273"}],"curies":[{"name":"wp","href":"https:\/\/api.w.org\/{rel}","templated":true}]}}