{"id":47354,"date":"2024-04-16T11:33:03","date_gmt":"2024-04-16T09:33:03","guid":{"rendered":"https:\/\/www.ceoforlifeawards.com\/it\/?p=47354"},"modified":"2024-04-16T11:33:03","modified_gmt":"2024-04-16T09:33:03","slug":"renault-5-e-tech-electric-lauto-pop-renauluzionaria","status":"publish","type":"post","link":"https:\/\/www.ceoforlifeawards.com\/it\/blog\/renault-5-e-tech-electric-lauto-pop-renauluzionaria\/","title":{"rendered":"Renault 5 E-Tech Electric: l\u2019auto pop \u201crenauluzionaria\u201d"},"content":{"rendered":"<p>Renault 5, autentico simbolo di un\u2019epoca passata, \u00e8 pronta per tornare sulle strade europee, presentando orgogliosamente la sua versione elettrica. \u00a0Un modello nuovo, \u201c<em>renauluzionario<\/em>\u201d: <strong><em>Renault 5 E-Tech Electric<\/em><\/strong> non \u00e8 un\u2019auto come le altre. Facendo del proprio passato (a combustione) un patrimonio arricchente, la nuova <em>R5<\/em> \u00e8 simbolo di innovazione e modernit\u00e0. Grazie ad un design accattivante e alla ricerca su tecnologia all\u2019avanguardia, la nuova <em>citycar<\/em> di Renault si prepara a diventare il punto di riferimento nella transizione che mira alla mobilit\u00e0 elettrica.<\/p>\n<p>&nbsp;<\/p>\n<p><strong>Nuova epoca e nuove sfide<\/strong><\/p>\n<p>Concepita originariamente come l\u2019auto in grado di affrontare le sfide portate in dote dalla crisi petrolifera e dai cambiamenti negli stili di vita delle famiglie, Renault 5 ha segnato un\u2019epoca, facendo da tramite \u2013 con questo suo ritorno \u2013 nel processo evolutivo sociale e tecnologico di questi anni. Questa nuova versione elettrica, infatti, mira a fornire risposte efficaci agli interrogativi posti dalle <strong>sfide ambientali e sociali <\/strong>del nostro tempo. Un impegno concreto, che punta all\u2019 efficienza energetica, alla sostenibilit\u00e0 e alla riduzione delle emissioni di carbonio. Non a caso questo modello rappresenta un pilastro nella strategia di rinascita di Renault, che punta senza mezzi termini a una radicale trasformazione industriale in grado di velocizzare la transizione verso una mobilit\u00e0 elettrica e sempre pi\u00f9 sostenibile. Sviluppata in soli tre anni <em>Renault 5 E-Tech Electric<\/em> conserva il fascino del passato, offrendo al tempo stesso un\u2019esperienza di guida elettrica senza compromessi.<\/p>\n<p>&nbsp;<\/p>\n<p><strong>Simbolo retro-futurista e della sostenibilit\u00e0<\/strong><\/p>\n<p>Dotata di una piattaforma completamente nuova, la nuova <em>R5<\/em> \u00e8 dotata di tecnologie all\u2019avanguardia, che garantiscono un\u2019esperienza di guida intuitiva e confortevole. Il design esterno e interno &#8211; ispirato al concetto di \u201c<strong><em>retro-futurismo<\/em><\/strong>\u201d &#8211; cattura l\u2019essenza della sua antenata, mentre l\u2019introduzione del sistema di ricarica bidirezionale e dell\u2019avatar <em>Reno<\/em> aggiungono un tocco di modernit\u00e0 e connettivit\u00e0. La produzione avviene interamente in Europa, con una particolare attenzione posta alla sostenibilit\u00e0 e alla riduzione dell\u2019impronta ambientale. Ma non \u00e8 tutto: grazie a una catena del valore localizzata entro un raggio di 300 km dal Centro ElectriCity, la nuova <em>Renault 5 E-Tech Electric<\/em> contribuisce alla creazione di posti di lavoro pi\u00f9 sicuri e alla promozione di pratiche produttive ecosostenibili. Come anticipato in precedenza si tratta di un\u2019auto diversa dalle altre, che <strong>mira a segnare una nuova epoca<\/strong>, incarnando l\u2019essenza dell\u2019innovazione e della sostenibilit\u00e0. L\u2019utilizzo di tecnologia all\u2019avanguardia, colori pop e un design unico fanno di questo modello un vero e proprio punto di riferimento nella transizione verso una mobilit\u00e0 pi\u00f9 pulita e sostenibile.<\/p>\n","protected":false},"excerpt":{"rendered":"<p>Renault 5, autentico simbolo di un\u2019epoca passata, \u00e8 pronta per tornare sulle strade europee, presentando orgogliosamente la sua versione elettrica. \u00a0Un modello nuovo, \u201crenauluzionario\u201d: Renault 5 E-Tech Electric non \u00e8 un\u2019auto come le altre. Facendo del proprio passato (a combustione) un patrimonio arricchente, la nuova R5 \u00e8 simbolo di innovazione e modernit\u00e0. Grazie ad un [&hellip;]<\/p>\n","protected":false},"author":6,"featured_media":47355,"comment_status":"closed","ping_status":"closed","sticky":false,"template":"","format":"standard","meta":[],"categories":[96,197,95],"tags":[108],"yoast_head":"<!-- This site is optimized with the Yoast SEO plugin v18.7 - https:\/\/yoast.com\/wordpress\/plugins\/seo\/ -->\n<title>Renault 5 E-Tech Electric: l\u2019auto pop \u201crenauluzionaria\u201d - CEOforLIFE - IT<\/title>\n<meta name=\"description\" content=\"Renault 5 E-Tech Electric: l\u2019auto pop \u201crenauluzionaria\u201ddiventa il punto di riferimento nella transizione che mira alla mobilit\u00e0 elettrica.\" \/>\n<meta name=\"robots\" content=\"index, follow, max-snippet:-1, max-image-preview:large, max-video-preview:-1\" \/>\n<link rel=\"canonical\" href=\"https:\/\/www.ceoforlifeawards.com\/it\/blog\/renault-5-e-tech-electric-lauto-pop-renauluzionaria\/\" \/>\n<meta property=\"og:locale\" content=\"it_IT\" \/>\n<meta property=\"og:type\" content=\"article\" \/>\n<meta property=\"og:title\" content=\"Renault 5 E-Tech Electric: l\u2019auto pop \u201crenauluzionaria\u201d - CEOforLIFE - IT\" \/>\n<meta property=\"og:description\" content=\"Renault 5 E-Tech Electric: l\u2019auto pop \u201crenauluzionaria\u201ddiventa il punto di riferimento nella transizione che mira alla mobilit\u00e0 elettrica.\" \/>\n<meta property=\"og:url\" content=\"https:\/\/www.ceoforlifeawards.com\/it\/blog\/renault-5-e-tech-electric-lauto-pop-renauluzionaria\/\" \/>\n<meta property=\"og:site_name\" content=\"CEOforLIFE - IT\" \/>\n<meta property=\"article:published_time\" content=\"2024-04-16T09:33:03+00:00\" \/>\n<meta property=\"og:image\" content=\"https:\/\/www.ceoforlifeawards.com\/it\/wp-content\/uploads\/sites\/3\/2024\/04\/Immagine1-8.jpg\" \/>\n\t<meta property=\"og:image:width\" content=\"604\" \/>\n\t<meta property=\"og:image:height\" content=\"340\" \/>\n\t<meta property=\"og:image:type\" content=\"image\/jpeg\" \/>\n<meta name=\"twitter:card\" content=\"summary_large_image\" \/>\n<meta name=\"twitter:label1\" content=\"Scritto da\" \/>\n\t<meta name=\"twitter:data1\" content=\"d.digiuseppe@hrcigroup.com\" \/>\n\t<meta name=\"twitter:label2\" content=\"Tempo di lettura stimato\" \/>\n\t<meta name=\"twitter:data2\" content=\"2 minuti\" \/>\n<script type=\"application\/ld+json\" class=\"yoast-schema-graph\">{\"@context\":\"https:\/\/schema.org\",\"@graph\":[{\"@type\":\"WebSite\",\"@id\":\"https:\/\/www.ceoforlifeawards.com\/it\/#website\",\"url\":\"https:\/\/www.ceoforlifeawards.com\/it\/\",\"name\":\"CEOforLIFE - IT\",\"description\":\"\",\"potentialAction\":[{\"@type\":\"SearchAction\",\"target\":{\"@type\":\"EntryPoint\",\"urlTemplate\":\"https:\/\/www.ceoforlifeawards.com\/it\/?s={search_term_string}\"},\"query-input\":\"required name=search_term_string\"}],\"inLanguage\":\"it-IT\"},{\"@type\":\"ImageObject\",\"inLanguage\":\"it-IT\",\"@id\":\"https:\/\/www.ceoforlifeawards.com\/it\/blog\/renault-5-e-tech-electric-lauto-pop-renauluzionaria\/#primaryimage\",\"url\":\"https:\/\/www.ceoforlifeawards.com\/it\/wp-content\/uploads\/sites\/3\/2024\/04\/Immagine1-8.jpg\",\"contentUrl\":\"https:\/\/www.ceoforlifeawards.com\/it\/wp-content\/uploads\/sites\/3\/2024\/04\/Immagine1-8.jpg\",\"width\":604,\"height\":340},{\"@type\":\"WebPage\",\"@id\":\"https:\/\/www.ceoforlifeawards.com\/it\/blog\/renault-5-e-tech-electric-lauto-pop-renauluzionaria\/#webpage\",\"url\":\"https:\/\/www.ceoforlifeawards.com\/it\/blog\/renault-5-e-tech-electric-lauto-pop-renauluzionaria\/\",\"name\":\"Renault 5 E-Tech Electric: l\u2019auto pop \u201crenauluzionaria\u201d - CEOforLIFE - IT\",\"isPartOf\":{\"@id\":\"https:\/\/www.ceoforlifeawards.com\/it\/#website\"},\"primaryImageOfPage\":{\"@id\":\"https:\/\/www.ceoforlifeawards.com\/it\/blog\/renault-5-e-tech-electric-lauto-pop-renauluzionaria\/#primaryimage\"},\"datePublished\":\"2024-04-16T09:33:03+00:00\",\"dateModified\":\"2024-04-16T09:33:03+00:00\",\"author\":{\"@id\":\"https:\/\/www.ceoforlifeawards.com\/it\/#\/schema\/person\/9c2802d81c81cfba5c28677408d38d09\"},\"description\":\"Renault 5 E-Tech Electric: l\u2019auto pop \u201crenauluzionaria\u201ddiventa il punto di riferimento nella transizione che mira alla mobilit\u00e0 elettrica.\",\"breadcrumb\":{\"@id\":\"https:\/\/www.ceoforlifeawards.com\/it\/blog\/renault-5-e-tech-electric-lauto-pop-renauluzionaria\/#breadcrumb\"},\"inLanguage\":\"it-IT\",\"potentialAction\":[{\"@type\":\"ReadAction\",\"target\":[\"https:\/\/www.ceoforlifeawards.com\/it\/blog\/renault-5-e-tech-electric-lauto-pop-renauluzionaria\/\"]}]},{\"@type\":\"BreadcrumbList\",\"@id\":\"https:\/\/www.ceoforlifeawards.com\/it\/blog\/renault-5-e-tech-electric-lauto-pop-renauluzionaria\/#breadcrumb\",\"itemListElement\":[{\"@type\":\"ListItem\",\"position\":1,\"name\":\"Home\",\"item\":\"https:\/\/www.ceoforlifeawards.com\/it\/\"},{\"@type\":\"ListItem\",\"position\":2,\"name\":\"Renault 5 E-Tech Electric: l\u2019auto pop \u201crenauluzionaria\u201d\"}]},{\"@type\":\"Person\",\"@id\":\"https:\/\/www.ceoforlifeawards.com\/it\/#\/schema\/person\/9c2802d81c81cfba5c28677408d38d09\",\"name\":\"d.digiuseppe@hrcigroup.com\",\"image\":{\"@type\":\"ImageObject\",\"inLanguage\":\"it-IT\",\"@id\":\"https:\/\/www.ceoforlifeawards.com\/it\/#\/schema\/person\/image\/\",\"url\":\"https:\/\/secure.gravatar.com\/avatar\/b464a83ee224f75bb37df0992d8d2b48?s=96&d=mm&r=g\",\"contentUrl\":\"https:\/\/secure.gravatar.com\/avatar\/b464a83ee224f75bb37df0992d8d2b48?s=96&d=mm&r=g\",\"caption\":\"d.digiuseppe@hrcigroup.com\"},\"url\":\"https:\/\/www.ceoforlifeawards.com\/it\/blog\/author\/d-digiuseppehrcigroup-com\/\"}]}<\/script>\n<!-- \/ Yoast SEO plugin. -->","yoast_head_json":{"title":"Renault 5 E-Tech Electric: l\u2019auto pop \u201crenauluzionaria\u201d - CEOforLIFE - IT","description":"Renault 5 E-Tech Electric: l\u2019auto pop \u201crenauluzionaria\u201ddiventa il punto di riferimento nella transizione che mira alla mobilit\u00e0 elettrica.","robots":{"index":"index","follow":"follow","max-snippet":"max-snippet:-1","max-image-preview":"max-image-preview:large","max-video-preview":"max-video-preview:-1"},"canonical":"https:\/\/www.ceoforlifeawards.com\/it\/blog\/renault-5-e-tech-electric-lauto-pop-renauluzionaria\/","og_locale":"it_IT","og_type":"article","og_title":"Renault 5 E-Tech Electric: l\u2019auto pop \u201crenauluzionaria\u201d - CEOforLIFE - IT","og_description":"Renault 5 E-Tech Electric: l\u2019auto pop \u201crenauluzionaria\u201ddiventa il punto di riferimento nella transizione che mira alla mobilit\u00e0 elettrica.","og_url":"https:\/\/www.ceoforlifeawards.com\/it\/blog\/renault-5-e-tech-electric-lauto-pop-renauluzionaria\/","og_site_name":"CEOforLIFE - IT","article_published_time":"2024-04-16T09:33:03+00:00","og_image":[{"width":604,"height":340,"url":"https:\/\/www.ceoforlifeawards.com\/it\/wp-content\/uploads\/sites\/3\/2024\/04\/Immagine1-8.jpg","type":"image\/jpeg"}],"twitter_card":"summary_large_image","twitter_misc":{"Scritto da":"d.digiuseppe@hrcigroup.com","Tempo di lettura stimato":"2 minuti"},"schema":{"@context":"https:\/\/schema.org","@graph":[{"@type":"WebSite","@id":"https:\/\/www.ceoforlifeawards.com\/it\/#website","url":"https:\/\/www.ceoforlifeawards.com\/it\/","name":"CEOforLIFE - IT","description":"","potentialAction":[{"@type":"SearchAction","target":{"@type":"EntryPoint","urlTemplate":"https:\/\/www.ceoforlifeawards.com\/it\/?s={search_term_string}"},"query-input":"required name=search_term_string"}],"inLanguage":"it-IT"},{"@type":"ImageObject","inLanguage":"it-IT","@id":"https:\/\/www.ceoforlifeawards.com\/it\/blog\/renault-5-e-tech-electric-lauto-pop-renauluzionaria\/#primaryimage","url":"https:\/\/www.ceoforlifeawards.com\/it\/wp-content\/uploads\/sites\/3\/2024\/04\/Immagine1-8.jpg","contentUrl":"https:\/\/www.ceoforlifeawards.com\/it\/wp-content\/uploads\/sites\/3\/2024\/04\/Immagine1-8.jpg","width":604,"height":340},{"@type":"WebPage","@id":"https:\/\/www.ceoforlifeawards.com\/it\/blog\/renault-5-e-tech-electric-lauto-pop-renauluzionaria\/#webpage","url":"https:\/\/www.ceoforlifeawards.com\/it\/blog\/renault-5-e-tech-electric-lauto-pop-renauluzionaria\/","name":"Renault 5 E-Tech Electric: l\u2019auto pop \u201crenauluzionaria\u201d - CEOforLIFE - IT","isPartOf":{"@id":"https:\/\/www.ceoforlifeawards.com\/it\/#website"},"primaryImageOfPage":{"@id":"https:\/\/www.ceoforlifeawards.com\/it\/blog\/renault-5-e-tech-electric-lauto-pop-renauluzionaria\/#primaryimage"},"datePublished":"2024-04-16T09:33:03+00:00","dateModified":"2024-04-16T09:33:03+00:00","author":{"@id":"https:\/\/www.ceoforlifeawards.com\/it\/#\/schema\/person\/9c2802d81c81cfba5c28677408d38d09"},"description":"Renault 5 E-Tech Electric: l\u2019auto pop \u201crenauluzionaria\u201ddiventa il punto di riferimento nella transizione che mira alla mobilit\u00e0 elettrica.","breadcrumb":{"@id":"https:\/\/www.ceoforlifeawards.com\/it\/blog\/renault-5-e-tech-electric-lauto-pop-renauluzionaria\/#breadcrumb"},"inLanguage":"it-IT","potentialAction":[{"@type":"ReadAction","target":["https:\/\/www.ceoforlifeawards.com\/it\/blog\/renault-5-e-tech-electric-lauto-pop-renauluzionaria\/"]}]},{"@type":"BreadcrumbList","@id":"https:\/\/www.ceoforlifeawards.com\/it\/blog\/renault-5-e-tech-electric-lauto-pop-renauluzionaria\/#breadcrumb","itemListElement":[{"@type":"ListItem","position":1,"name":"Home","item":"https:\/\/www.ceoforlifeawards.com\/it\/"},{"@type":"ListItem","position":2,"name":"Renault 5 E-Tech Electric: l\u2019auto pop \u201crenauluzionaria\u201d"}]},{"@type":"Person","@id":"https:\/\/www.ceoforlifeawards.com\/it\/#\/schema\/person\/9c2802d81c81cfba5c28677408d38d09","name":"d.digiuseppe@hrcigroup.com","image":{"@type":"ImageObject","inLanguage":"it-IT","@id":"https:\/\/www.ceoforlifeawards.com\/it\/#\/schema\/person\/image\/","url":"https:\/\/secure.gravatar.com\/avatar\/b464a83ee224f75bb37df0992d8d2b48?s=96&d=mm&r=g","contentUrl":"https:\/\/secure.gravatar.com\/avatar\/b464a83ee224f75bb37df0992d8d2b48?s=96&d=mm&r=g","caption":"d.digiuseppe@hrcigroup.com"},"url":"https:\/\/www.ceoforlifeawards.com\/it\/blog\/author\/d-digiuseppehrcigroup-com\/"}]}},"_links":{"self":[{"href":"https:\/\/www.ceoforlifeawards.com\/it\/wp-json\/wp\/v2\/posts\/47354"}],"collection":[{"href":"https:\/\/www.ceoforlifeawards.com\/it\/wp-json\/wp\/v2\/posts"}],"about":[{"href":"https:\/\/www.ceoforlifeawards.com\/it\/wp-json\/wp\/v2\/types\/post"}],"author":[{"embeddable":true,"href":"https:\/\/www.ceoforlifeawards.com\/it\/wp-json\/wp\/v2\/users\/6"}],"replies":[{"embeddable":true,"href":"https:\/\/www.ceoforlifeawards.com\/it\/wp-json\/wp\/v2\/comments?post=47354"}],"version-history":[{"count":1,"href":"https:\/\/www.ceoforlifeawards.com\/it\/wp-json\/wp\/v2\/posts\/47354\/revisions"}],"predecessor-version":[{"id":47356,"href":"https:\/\/www.ceoforlifeawards.com\/it\/wp-json\/wp\/v2\/posts\/47354\/revisions\/47356"}],"wp:featuredmedia":[{"embeddable":true,"href":"https:\/\/www.ceoforlifeawards.com\/it\/wp-json\/wp\/v2\/media\/47355"}],"wp:attachment":[{"href":"https:\/\/www.ceoforlifeawards.com\/it\/wp-json\/wp\/v2\/media?parent=47354"}],"wp:term":[{"taxonomy":"category","embeddable":true,"href":"https:\/\/www.ceoforlifeawards.com\/it\/wp-json\/wp\/v2\/categories?post=47354"},{"taxonomy":"post_tag","embeddable":true,"href":"https:\/\/www.ceoforlifeawards.com\/it\/wp-json\/wp\/v2\/tags?post=47354"}],"curies":[{"name":"wp","href":"https:\/\/api.w.org\/{rel}","templated":true}]}}