{"id":51320,"date":"2024-07-10T16:25:22","date_gmt":"2024-07-10T14:25:22","guid":{"rendered":"https:\/\/www.ceoforlifeawards.com\/it\/?p=51320"},"modified":"2024-07-10T16:25:22","modified_gmt":"2024-07-10T14:25:22","slug":"abb-formare-leader-e-innovatori-per-lera-digitale","status":"publish","type":"post","link":"https:\/\/www.ceoforlifeawards.com\/it\/blog\/abb-formare-leader-e-innovatori-per-lera-digitale\/","title":{"rendered":"ABB: Formare leader e innovatori per l&#8217;era digitale"},"content":{"rendered":"<h3 class=\"oneabb-newsbank-news-ArticleTypography-heading oneabb-newsbank-news-ArticleTypography-heading--Level3\">ABB4Education \u2013 fornire agli studenti le competenze per il futuro<\/h3>\n<p class=\"oneabb-newsbank-news-ArticleTypography-paragraph\">Alla base di questo approccio c\u2019\u00e8 l&#8217;iniziativa &#8220;<a class=\"oneabb-newsbank-news-ArticleTypography-link\" href=\"https:\/\/new.abb.com\/it\/sostenibilita\/progresso-sociale\/il-progresso-sociale-all-interno-dei-valori-esg-environmental-social-and-governance\/community-engagement\">ABB4Education<\/a>&#8220;, nell&#8217;ambito della quale ABB ha collaborato con il settore dell&#8217;istruzione italiano per dotare gli studenti di competenze e conoscenze che vanno oltre quelle apprese in un ambiente scolastico convenzionale.<\/p>\n<p class=\"oneabb-newsbank-news-ArticleTypography-paragraph\">ABB4Education si propone di aiutare le giovani generazioni a prepararsi alla cosiddetta &#8220;transizione gemella&#8221;: i rapidi progressi della digitalizzazione e la sfida del cambiamento climatico. Lo fa costruendo una collaborazione tra gli studenti e il settore aziendale, per arricchire le loro capacit\u00e0 e competenze, aumentando il loro potenziale per cogliere le opportunit\u00e0 future.<\/p>\n<p class=\"oneabb-newsbank-news-ArticleTypography-paragraph\">Il primo pilastro di ABB4Education si concentra sullo sviluppo di competenze imprenditoriali attraverso una partnership con\u00a0<strong><a class=\"oneabb-newsbank-news-ArticleTypography-link\" href=\"https:\/\/new.abb.com\/it\/sostenibilita\/progresso-sociale\/abb-e-junior-achievement-insieme-per-diffondere-la-cultura-imprenditoriale-del-futuro\">Junior Achievement<\/a><\/strong>, l&#8217;organizzazione globale no-profit che promuove l&#8217;educazione economico-imprenditoriale nelle scuole.<\/p>\n<h3 class=\"oneabb-newsbank-news-ArticleTypography-heading oneabb-newsbank-news-ArticleTypography-heading--Level3\">Imparare dai &#8220;dream coach\u201d<\/h3>\n<p class=\"oneabb-newsbank-news-ArticleTypography-paragraph\">Nell&#8217;ambito di questa partnership, i volontari di ABB fanno da tutor agli studenti, in linea con l&#8217;obiettivo della Commissione Europea di promuovere l&#8217;<a class=\"oneabb-newsbank-news-ArticleTypography-link\" href=\"https:\/\/single-market-economy.ec.europa.eu\/smes\/supporting-entrepreneurship\/entrepreneurship-education\/commissions-actions-entrepreneurship-education_en\" target=\"_blank\" rel=\"noopener\">educazione all&#8217;imprenditorialit\u00e0<\/a>. Questi &#8220;dream coach di ABB&#8221; condividono la loro esperienza e lavorano con gli studenti su progetti imprenditoriali reali, rafforzando competenze come la collaborazione in team, il problem solving, la gestione di un progetto, la costruzione di un business plan e l&#8217;integrazione dell&#8217;analisi finanziaria.<\/p>\n<p class=\"oneabb-newsbank-news-ArticleTypography-paragraph\">Sulla base di questo programma, le classi formano delle &#8220;mini-startup&#8221; e competono in un campionato, riconosciuto dal Ministero dell&#8217;Istruzione e del Merito italiano. Gli studenti sono anche incoraggiati a concorrere per il\u00a0<a class=\"oneabb-newsbank-news-ArticleTypography-link\" href=\"https:\/\/new.abb.com\/news\/it\/detail\/108352\/\">Premio ABB Impresa 5.0<\/a>, che premia le capacit\u00e0 imprenditoriali digitali.<\/p>\n<h3 class=\"oneabb-newsbank-news-ArticleTypography-heading oneabb-newsbank-news-ArticleTypography-heading--Level3\">Digitalizzazione x Sostenibilit\u00e0<\/h3>\n<p class=\"oneabb-newsbank-news-ArticleTypography-paragraph\">Il secondo pilastro \u00e8 il progetto di laboratorio &#8220;Digital&amp;Green&#8221;, ideato per incoraggiare gli studenti delle scuole secondarie verso la sostenibilit\u00e0 e le carriere legate alle STEM. Utilizzando i modelli di ruolo di ABB per parlare di come il loro lavoro contribuisce alla sostenibilit\u00e0, gli studenti comprendono come la tecnologia e l&#8217;elettrificazione stiano cambiando gli stili di vita. Digital&amp;Green si propone di raggiungere 10.000 studenti in tutta Italia.<\/p>\n<h3 class=\"oneabb-newsbank-news-ArticleTypography-heading oneabb-newsbank-news-ArticleTypography-heading--Level3\">Competenze tecnologiche e digitali<\/h3>\n<p class=\"oneabb-newsbank-news-ArticleTypography-paragraph\">Il terzo filone \u00e8 dedicato alle competenze tecnologiche e digitali, con un&#8217;attenzione particolare all&#8217;apprendimento della robotica e alla partecipazione alla sfida\u00a0<a class=\"oneabb-newsbank-news-ArticleTypography-link\" href=\"https:\/\/new.abb.com\/products\/robotics\/it\/local\/robotica-educational\/verso-la-abb-robocup-2024\">RoboCup<\/a>\u00a0. Negli ultimi sei anni hanno partecipato al concorso pi\u00f9 di 10.000 studenti delle scuole superiori di tutta Italia.<\/p>\n<p class=\"oneabb-newsbank-news-ArticleTypography-paragraph\">Non vengono dimenticati i pi\u00f9 giovani: il &#8220;Progetto Futuro Sostenibile \u00a0,&#8221; \u00e8 rivolto agli studenti delle scuole secondarie, mentre &#8220;Greener in Motion with kids,&#8221; \u00e8 pensato per sensibilizzare i bambini delle scuole elementari alla tecnologia e alla sostenibilit\u00e0 attraverso giochi interattivi e quiz.<\/p>\n<p class=\"oneabb-newsbank-news-ArticleTypography-paragraph\">Eliana Baruffi, responsabile della comunicazione per l&#8217;Italia e sponsor di ABB4Education, ha dichiarato:<\/p>\n<blockquote class=\"oneabb-newsbank-news-ArticleTypography-quote\"><p>&#8220;Offrire ai giovani strumenti e stimoli che possano accompagnarli nella loro crescita professionale e personale \u00e8 un modo per infondere fiducia nel futuro e nella loro capacit\u00e0 di affrontare le sfide che li attendono&#8221;. Imprenditorialit\u00e0 e spirito innovativo, ottimismo, competenze, attenzione alla persona e sostenibilit\u00e0 sono i valori su cui lavoriamo.&#8221;<\/p><\/blockquote>\n<h3 class=\"oneabb-newsbank-news-ArticleTypography-heading oneabb-newsbank-news-ArticleTypography-heading--Level3\">L&#8217;educazione come fondamento della sostenibilit\u00e0<\/h3>\n<p class=\"oneabb-newsbank-news-ArticleTypography-paragraph\">Nel complesso, questi progetti sono in linea con l\u2019Agenda di\u00a0<a class=\"oneabb-newsbank-news-ArticleTypography-link\" href=\"https:\/\/new.abb.com\/it\/sostenibilita\">Sostenibilit\u00e0 di ABB<\/a>\u00a0che include l&#8217;istruzione come area prioritaria di impegno per la comunit\u00e0, in particolare per quanto riguarda le materie STEM. Solo nel 2023, ABB Italia ha raggiunto circa 20.000 studenti in Italia attraverso progetti specifici sulla formazione e collaborazioni con vari partner.<\/p>\n<p class=\"oneabb-newsbank-news-ArticleTypography-paragraph\">Alessandro Pueroni, Lead Motion Manager ABB Italia e Sud Europa, ha dichiarato:<\/p>\n<blockquote class=\"oneabb-newsbank-news-ArticleTypography-quote\"><p>&#8220;La nostra strategia si concentra sull&#8217;orientamento, sulla sostenibilit\u00e0 e sull&#8217;importanza delle materie STEM in tutte quelle discipline che contribuiranno sempre pi\u00f9 alla qualit\u00e0 della nostra vita quotidiana. I nostri volontari aziendali lavorano con ogni gruppo di et\u00e0 per portare i nostri messaggi in classe&#8221;.<\/p><\/blockquote>\n<h3 class=\"oneabb-newsbank-news-ArticleTypography-heading oneabb-newsbank-news-ArticleTypography-heading--Level3\">L&#8217;impegno di ABB per la formazione<\/h3>\n<p class=\"oneabb-newsbank-news-ArticleTypography-paragraph\">ABB ha una ricca tradizione di sostegno alla formazione dei giovani a livello globale.\u00a0 Abbiamo stabilito partnership con centinaia di universit\u00e0 e scuole in tutto il mondo per promuovere l&#8217;innovazione e l&#8217;imprenditorialit\u00e0. Negli ultimi anni, una media di 200 studenti e neolaureati di hanno svolto stage presso ABB in Italia e un numero significativo ogni anno entra in azienda.<\/p>\n<p class=\"oneabb-newsbank-news-ArticleTypography-paragraph\">Siamo inoltre orgogliosi di essere stati premiati per le nostre azioni con il recente riconoscimento nella categoria Responsabilit\u00e0 e Cultura agli Assolombarda Awards. Questo premio celebra le aziende che si sono distinte per il loro impegno nel campo dell&#8217;istruzione, con particolare attenzione alla parit\u00e0 di genere e alla formazione delle giovani generazioni.<\/p>\n<p class=\"oneabb-newsbank-news-ArticleTypography-paragraph\">Per saperne di pi\u00f9 su come ABB sta lavorando con i partner e le comunit\u00e0 per sostenere gli innovatori di domani, visitate il nostro sito\u00a0<a class=\"oneabb-newsbank-news-ArticleTypography-link\" href=\"https:\/\/new.abb.com\/it\/sostenibilita\/progresso-sociale\/il-progresso-sociale-all-interno-dei-valori-esg-environmental-social-and-governance\/community-engagement\">Community engagement<\/a>.<\/p>\n","protected":false},"excerpt":{"rendered":"<p>ABB4Education \u2013 fornire agli studenti le competenze per il futuro Alla base di questo approccio c\u2019\u00e8 l&#8217;iniziativa &#8220;ABB4Education&#8220;, nell&#8217;ambito della quale ABB ha collaborato con il settore dell&#8217;istruzione italiano per dotare gli studenti di competenze e conoscenze che vanno oltre quelle apprese in un ambiente scolastico convenzionale. ABB4Education si propone di aiutare le giovani generazioni [&hellip;]<\/p>\n","protected":false},"author":6,"featured_media":51321,"comment_status":"closed","ping_status":"closed","sticky":false,"template":"","format":"standard","meta":[],"categories":[96,95,409],"tags":[108],"yoast_head":"<!-- This site is optimized with the Yoast SEO plugin v18.7 - https:\/\/yoast.com\/wordpress\/plugins\/seo\/ -->\n<title>ABB: Formare leader e innovatori per l&#039;era digitale - CEOforLIFE - IT<\/title>\n<meta name=\"robots\" content=\"index, follow, max-snippet:-1, max-image-preview:large, max-video-preview:-1\" \/>\n<link rel=\"canonical\" href=\"https:\/\/www.ceoforlifeawards.com\/it\/blog\/abb-formare-leader-e-innovatori-per-lera-digitale\/\" \/>\n<meta property=\"og:locale\" content=\"it_IT\" \/>\n<meta property=\"og:type\" content=\"article\" \/>\n<meta property=\"og:title\" content=\"ABB: Formare leader e innovatori per l&#039;era digitale - CEOforLIFE - IT\" \/>\n<meta property=\"og:description\" content=\"ABB4Education \u2013 fornire agli studenti le competenze per il futuro Alla base di questo approccio c\u2019\u00e8 l&#8217;iniziativa &#8220;ABB4Education&#8220;, nell&#8217;ambito della quale ABB ha collaborato con il settore dell&#8217;istruzione italiano per dotare gli studenti di competenze e conoscenze che vanno oltre quelle apprese in un ambiente scolastico convenzionale. ABB4Education si propone di aiutare le giovani generazioni [&hellip;]\" \/>\n<meta property=\"og:url\" content=\"https:\/\/www.ceoforlifeawards.com\/it\/blog\/abb-formare-leader-e-innovatori-per-lera-digitale\/\" \/>\n<meta property=\"og:site_name\" content=\"CEOforLIFE - IT\" \/>\n<meta property=\"article:published_time\" content=\"2024-07-10T14:25:22+00:00\" \/>\n<meta property=\"og:image\" content=\"https:\/\/www.ceoforlifeawards.com\/it\/wp-content\/uploads\/sites\/3\/2024\/07\/Immagine1-6-scaled.jpg\" \/>\n\t<meta property=\"og:image:width\" content=\"2560\" \/>\n\t<meta property=\"og:image:height\" content=\"1654\" \/>\n\t<meta property=\"og:image:type\" content=\"image\/jpeg\" \/>\n<meta name=\"twitter:card\" content=\"summary_large_image\" \/>\n<meta name=\"twitter:label1\" content=\"Scritto da\" \/>\n\t<meta name=\"twitter:data1\" content=\"d.digiuseppe@hrcigroup.com\" \/>\n\t<meta name=\"twitter:label2\" content=\"Tempo di lettura stimato\" \/>\n\t<meta name=\"twitter:data2\" content=\"4 minuti\" \/>\n<script type=\"application\/ld+json\" class=\"yoast-schema-graph\">{\"@context\":\"https:\/\/schema.org\",\"@graph\":[{\"@type\":\"WebSite\",\"@id\":\"https:\/\/www.ceoforlifeawards.com\/it\/#website\",\"url\":\"https:\/\/www.ceoforlifeawards.com\/it\/\",\"name\":\"CEOforLIFE - IT\",\"description\":\"\",\"potentialAction\":[{\"@type\":\"SearchAction\",\"target\":{\"@type\":\"EntryPoint\",\"urlTemplate\":\"https:\/\/www.ceoforlifeawards.com\/it\/?s={search_term_string}\"},\"query-input\":\"required name=search_term_string\"}],\"inLanguage\":\"it-IT\"},{\"@type\":\"ImageObject\",\"inLanguage\":\"it-IT\",\"@id\":\"https:\/\/www.ceoforlifeawards.com\/it\/blog\/abb-formare-leader-e-innovatori-per-lera-digitale\/#primaryimage\",\"url\":\"https:\/\/www.ceoforlifeawards.com\/it\/wp-content\/uploads\/sites\/3\/2024\/07\/Immagine1-6-scaled.jpg\",\"contentUrl\":\"https:\/\/www.ceoforlifeawards.com\/it\/wp-content\/uploads\/sites\/3\/2024\/07\/Immagine1-6-scaled.jpg\",\"width\":2560,\"height\":1654},{\"@type\":\"WebPage\",\"@id\":\"https:\/\/www.ceoforlifeawards.com\/it\/blog\/abb-formare-leader-e-innovatori-per-lera-digitale\/#webpage\",\"url\":\"https:\/\/www.ceoforlifeawards.com\/it\/blog\/abb-formare-leader-e-innovatori-per-lera-digitale\/\",\"name\":\"ABB: Formare leader e innovatori per l'era digitale - CEOforLIFE - IT\",\"isPartOf\":{\"@id\":\"https:\/\/www.ceoforlifeawards.com\/it\/#website\"},\"primaryImageOfPage\":{\"@id\":\"https:\/\/www.ceoforlifeawards.com\/it\/blog\/abb-formare-leader-e-innovatori-per-lera-digitale\/#primaryimage\"},\"datePublished\":\"2024-07-10T14:25:22+00:00\",\"dateModified\":\"2024-07-10T14:25:22+00:00\",\"author\":{\"@id\":\"https:\/\/www.ceoforlifeawards.com\/it\/#\/schema\/person\/9c2802d81c81cfba5c28677408d38d09\"},\"breadcrumb\":{\"@id\":\"https:\/\/www.ceoforlifeawards.com\/it\/blog\/abb-formare-leader-e-innovatori-per-lera-digitale\/#breadcrumb\"},\"inLanguage\":\"it-IT\",\"potentialAction\":[{\"@type\":\"ReadAction\",\"target\":[\"https:\/\/www.ceoforlifeawards.com\/it\/blog\/abb-formare-leader-e-innovatori-per-lera-digitale\/\"]}]},{\"@type\":\"BreadcrumbList\",\"@id\":\"https:\/\/www.ceoforlifeawards.com\/it\/blog\/abb-formare-leader-e-innovatori-per-lera-digitale\/#breadcrumb\",\"itemListElement\":[{\"@type\":\"ListItem\",\"position\":1,\"name\":\"Home\",\"item\":\"https:\/\/www.ceoforlifeawards.com\/it\/\"},{\"@type\":\"ListItem\",\"position\":2,\"name\":\"ABB: Formare leader e innovatori per l&#8217;era digitale\"}]},{\"@type\":\"Person\",\"@id\":\"https:\/\/www.ceoforlifeawards.com\/it\/#\/schema\/person\/9c2802d81c81cfba5c28677408d38d09\",\"name\":\"d.digiuseppe@hrcigroup.com\",\"image\":{\"@type\":\"ImageObject\",\"inLanguage\":\"it-IT\",\"@id\":\"https:\/\/www.ceoforlifeawards.com\/it\/#\/schema\/person\/image\/\",\"url\":\"https:\/\/secure.gravatar.com\/avatar\/b464a83ee224f75bb37df0992d8d2b48?s=96&d=mm&r=g\",\"contentUrl\":\"https:\/\/secure.gravatar.com\/avatar\/b464a83ee224f75bb37df0992d8d2b48?s=96&d=mm&r=g\",\"caption\":\"d.digiuseppe@hrcigroup.com\"},\"url\":\"https:\/\/www.ceoforlifeawards.com\/it\/blog\/author\/d-digiuseppehrcigroup-com\/\"}]}<\/script>\n<!-- \/ Yoast SEO plugin. -->","yoast_head_json":{"title":"ABB: Formare leader e innovatori per l'era digitale - CEOforLIFE - IT","robots":{"index":"index","follow":"follow","max-snippet":"max-snippet:-1","max-image-preview":"max-image-preview:large","max-video-preview":"max-video-preview:-1"},"canonical":"https:\/\/www.ceoforlifeawards.com\/it\/blog\/abb-formare-leader-e-innovatori-per-lera-digitale\/","og_locale":"it_IT","og_type":"article","og_title":"ABB: Formare leader e innovatori per l'era digitale - CEOforLIFE - IT","og_description":"ABB4Education \u2013 fornire agli studenti le competenze per il futuro Alla base di questo approccio c\u2019\u00e8 l&#8217;iniziativa &#8220;ABB4Education&#8220;, nell&#8217;ambito della quale ABB ha collaborato con il settore dell&#8217;istruzione italiano per dotare gli studenti di competenze e conoscenze che vanno oltre quelle apprese in un ambiente scolastico convenzionale. ABB4Education si propone di aiutare le giovani generazioni [&hellip;]","og_url":"https:\/\/www.ceoforlifeawards.com\/it\/blog\/abb-formare-leader-e-innovatori-per-lera-digitale\/","og_site_name":"CEOforLIFE - IT","article_published_time":"2024-07-10T14:25:22+00:00","og_image":[{"width":2560,"height":1654,"url":"https:\/\/www.ceoforlifeawards.com\/it\/wp-content\/uploads\/sites\/3\/2024\/07\/Immagine1-6-scaled.jpg","type":"image\/jpeg"}],"twitter_card":"summary_large_image","twitter_misc":{"Scritto da":"d.digiuseppe@hrcigroup.com","Tempo di lettura stimato":"4 minuti"},"schema":{"@context":"https:\/\/schema.org","@graph":[{"@type":"WebSite","@id":"https:\/\/www.ceoforlifeawards.com\/it\/#website","url":"https:\/\/www.ceoforlifeawards.com\/it\/","name":"CEOforLIFE - IT","description":"","potentialAction":[{"@type":"SearchAction","target":{"@type":"EntryPoint","urlTemplate":"https:\/\/www.ceoforlifeawards.com\/it\/?s={search_term_string}"},"query-input":"required name=search_term_string"}],"inLanguage":"it-IT"},{"@type":"ImageObject","inLanguage":"it-IT","@id":"https:\/\/www.ceoforlifeawards.com\/it\/blog\/abb-formare-leader-e-innovatori-per-lera-digitale\/#primaryimage","url":"https:\/\/www.ceoforlifeawards.com\/it\/wp-content\/uploads\/sites\/3\/2024\/07\/Immagine1-6-scaled.jpg","contentUrl":"https:\/\/www.ceoforlifeawards.com\/it\/wp-content\/uploads\/sites\/3\/2024\/07\/Immagine1-6-scaled.jpg","width":2560,"height":1654},{"@type":"WebPage","@id":"https:\/\/www.ceoforlifeawards.com\/it\/blog\/abb-formare-leader-e-innovatori-per-lera-digitale\/#webpage","url":"https:\/\/www.ceoforlifeawards.com\/it\/blog\/abb-formare-leader-e-innovatori-per-lera-digitale\/","name":"ABB: Formare leader e innovatori per l'era digitale - CEOforLIFE - IT","isPartOf":{"@id":"https:\/\/www.ceoforlifeawards.com\/it\/#website"},"primaryImageOfPage":{"@id":"https:\/\/www.ceoforlifeawards.com\/it\/blog\/abb-formare-leader-e-innovatori-per-lera-digitale\/#primaryimage"},"datePublished":"2024-07-10T14:25:22+00:00","dateModified":"2024-07-10T14:25:22+00:00","author":{"@id":"https:\/\/www.ceoforlifeawards.com\/it\/#\/schema\/person\/9c2802d81c81cfba5c28677408d38d09"},"breadcrumb":{"@id":"https:\/\/www.ceoforlifeawards.com\/it\/blog\/abb-formare-leader-e-innovatori-per-lera-digitale\/#breadcrumb"},"inLanguage":"it-IT","potentialAction":[{"@type":"ReadAction","target":["https:\/\/www.ceoforlifeawards.com\/it\/blog\/abb-formare-leader-e-innovatori-per-lera-digitale\/"]}]},{"@type":"BreadcrumbList","@id":"https:\/\/www.ceoforlifeawards.com\/it\/blog\/abb-formare-leader-e-innovatori-per-lera-digitale\/#breadcrumb","itemListElement":[{"@type":"ListItem","position":1,"name":"Home","item":"https:\/\/www.ceoforlifeawards.com\/it\/"},{"@type":"ListItem","position":2,"name":"ABB: Formare leader e innovatori per l&#8217;era digitale"}]},{"@type":"Person","@id":"https:\/\/www.ceoforlifeawards.com\/it\/#\/schema\/person\/9c2802d81c81cfba5c28677408d38d09","name":"d.digiuseppe@hrcigroup.com","image":{"@type":"ImageObject","inLanguage":"it-IT","@id":"https:\/\/www.ceoforlifeawards.com\/it\/#\/schema\/person\/image\/","url":"https:\/\/secure.gravatar.com\/avatar\/b464a83ee224f75bb37df0992d8d2b48?s=96&d=mm&r=g","contentUrl":"https:\/\/secure.gravatar.com\/avatar\/b464a83ee224f75bb37df0992d8d2b48?s=96&d=mm&r=g","caption":"d.digiuseppe@hrcigroup.com"},"url":"https:\/\/www.ceoforlifeawards.com\/it\/blog\/author\/d-digiuseppehrcigroup-com\/"}]}},"_links":{"self":[{"href":"https:\/\/www.ceoforlifeawards.com\/it\/wp-json\/wp\/v2\/posts\/51320"}],"collection":[{"href":"https:\/\/www.ceoforlifeawards.com\/it\/wp-json\/wp\/v2\/posts"}],"about":[{"href":"https:\/\/www.ceoforlifeawards.com\/it\/wp-json\/wp\/v2\/types\/post"}],"author":[{"embeddable":true,"href":"https:\/\/www.ceoforlifeawards.com\/it\/wp-json\/wp\/v2\/users\/6"}],"replies":[{"embeddable":true,"href":"https:\/\/www.ceoforlifeawards.com\/it\/wp-json\/wp\/v2\/comments?post=51320"}],"version-history":[{"count":1,"href":"https:\/\/www.ceoforlifeawards.com\/it\/wp-json\/wp\/v2\/posts\/51320\/revisions"}],"predecessor-version":[{"id":51322,"href":"https:\/\/www.ceoforlifeawards.com\/it\/wp-json\/wp\/v2\/posts\/51320\/revisions\/51322"}],"wp:featuredmedia":[{"embeddable":true,"href":"https:\/\/www.ceoforlifeawards.com\/it\/wp-json\/wp\/v2\/media\/51321"}],"wp:attachment":[{"href":"https:\/\/www.ceoforlifeawards.com\/it\/wp-json\/wp\/v2\/media?parent=51320"}],"wp:term":[{"taxonomy":"category","embeddable":true,"href":"https:\/\/www.ceoforlifeawards.com\/it\/wp-json\/wp\/v2\/categories?post=51320"},{"taxonomy":"post_tag","embeddable":true,"href":"https:\/\/www.ceoforlifeawards.com\/it\/wp-json\/wp\/v2\/tags?post=51320"}],"curies":[{"name":"wp","href":"https:\/\/api.w.org\/{rel}","templated":true}]}}