{"id":51804,"date":"2024-08-01T10:18:38","date_gmt":"2024-08-01T08:18:38","guid":{"rendered":"https:\/\/www.ceoforlifeawards.com\/it\/?p=51804"},"modified":"2024-08-01T10:18:38","modified_gmt":"2024-08-01T08:18:38","slug":"impronte-il-podcast-di-eon","status":"publish","type":"post","link":"https:\/\/www.ceoforlifeawards.com\/it\/blog\/impronte-il-podcast-di-eon\/","title":{"rendered":"Impronte: la seconda stagione del podcast E.ON che indaga l\u2019impatto dell\u2019uomo sul Pianeta"},"content":{"rendered":"<p>Un viaggio in compagnia di ospiti d\u2019eccezione per scoprire e analizzare le impronte lasciate dall\u2019Uomo sulla Terra. Un viaggio che ci aiuta a capire il nostro impatto non solo sulla natura, ma anche sull\u2019aria, le case e persino lo spazio. Questo e tanto altro ancora \u00e8 <em>Impronte<\/em>, il <strong>podcast prodotto da E.ON<\/strong> insieme a\u00a0 OnePodcast che porta il focus sull\u2019impatto delle nostre azioni quotidiane. Dopo il successo della prima stagione, durante la quale sono state esplorate le meraviglie naturali colpite dal cambiamento climatico, <em>Impronte<\/em> torna con una nuova serie di episodi, che mirano a sensibilizzare i cittadini verso un consumo dell\u2019energia pi\u00f9 responsabile, in grado cos\u00ec di ridurre il nostro impatto ambientale.<\/p>\n<p>&nbsp;<\/p>\n<p><strong>Verso un futuro pi\u00f9 <em>green<\/em><\/strong><\/p>\n<p>A guidare questo viaggio alla scoperta delle energie rinnovabili e delle loro applicazioni il meteorologo e professore di Fisica dell\u2019atmosfera Andrea Giuliacci. Insieme a lui, nell\u2019arco delle 4 puntate, si alterneranno esperti di vari settori, come astrofisica, mobilit\u00e0, architettura e <em>smart cities<\/em>. Alla base la volont\u00e0 di mostrare come piccole modifiche sulle nostre abitudini siano in grado di contribuire significativamente alla <strong>sostenibilit\u00e0 ambientale<\/strong>. Ogni episodio, infatti, offre suggerimenti pratici per un futuro pi\u00f9 <em>green<\/em>, evidenziando da un lato gli effetti della crisi climatica sull\u2019ambiente, e dall\u2019altro effetti concreti generati da esempi virtuosi sviluppati sul territorio italiano.<\/p>\n<p>&nbsp;<\/p>\n<p><strong>Ospiti e tematiche<\/strong><\/p>\n<p>Il primo episodio, disponibile dallo scorso 3 luglio, vede <strong>Andrea Giuliacci<\/strong> dialogare con Luca Perri, astrofisico, noto sui social come \u201c<em>astrowikiperri<\/em>\u201d. Al centro del dibattito il legame tra Terra e Spazio e le migliori soluzioni per minimizzare il nostro impatto sulla sostenibilit\u00e0 spaziale. L\u20198 luglio, invece, \u00e8 stata la volta del pilota Antonio Giovinazzi, con il quale esplorare le opportunit\u00e0 della mobilit\u00e0 elettrica e le sue implicazioni nel settore <em>automotive<\/em>, seguendo l\u2019esempio tracciato dalla Formula E. Nel terzo episodio, uscito il 15 luglio, 3 gli ospiti: protagonisti della puntata gli agenti immobiliari di \u201c<em>Casa a prima vista<\/em>\u201d, con i quali discutere di efficienza energetica domestica. Il 22 luglio, infine, l\u2019ospite \u00e8 stato l\u2019architetto Mario Cucinella, che si \u00e8 occupato dei nostri centri urbani, analizzando le modalit\u00e0 per renderli pi\u00f9 a misura d\u2019uomo e sostenibili. Di fatto e nei fatti un viaggio molto articolato e di grande impatto, che mira \u2013 tramite la consapevolezza e sensibilit\u00e0 dei cittadini \u2013 a raggiungere un\u2019effettiva transizione energetica, coinvolgendo finalmente anche i pi\u00f9 giovani.<\/p>\n<p>&nbsp;<\/p>\n<p><strong>Per saperne di pi\u00f9<\/strong>: <a href=\"https:\/\/www.eon-energia.com\/chi-siamo\/media\/Arriva-la-seconda-stagione-di-Impronte-il-podcast-di-E-ON.html\">https:\/\/www.eon-energia.com\/chi-siamo\/media\/Arriva-la-seconda-stagione-di-Impronte-il-podcast-di-E-ON.html<\/a><\/p>\n","protected":false},"excerpt":{"rendered":"<p>Un viaggio in compagnia di ospiti d\u2019eccezione per scoprire e analizzare le impronte lasciate dall\u2019Uomo sulla Terra. Un viaggio che ci aiuta a capire il nostro impatto non solo sulla natura, ma anche sull\u2019aria, le case e persino lo spazio. Questo e tanto altro ancora \u00e8 Impronte, il podcast prodotto da E.ON insieme a\u00a0 OnePodcast [&hellip;]<\/p>\n","protected":false},"author":6,"featured_media":51806,"comment_status":"closed","ping_status":"closed","sticky":false,"template":"","format":"standard","meta":[],"categories":[230,96,95],"tags":[108],"yoast_head":"<!-- This site is optimized with the Yoast SEO plugin v18.7 - https:\/\/yoast.com\/wordpress\/plugins\/seo\/ -->\n<title>Impronte: la seconda stagione del podcast E.ON che indaga l\u2019impatto dell\u2019uomo sul Pianeta - CEOforLIFE - IT<\/title>\n<meta name=\"description\" content=\"Il podcast di E.ON Impronte torna con nuovi episodi, che mirano a sensibilizzare i cittadini verso un consumo dell\u2019energia pi\u00f9 responsabile\" \/>\n<meta name=\"robots\" content=\"index, follow, max-snippet:-1, max-image-preview:large, max-video-preview:-1\" \/>\n<link rel=\"canonical\" href=\"https:\/\/www.ceoforlifeawards.com\/it\/blog\/impronte-il-podcast-di-eon\/\" \/>\n<meta property=\"og:locale\" content=\"it_IT\" \/>\n<meta property=\"og:type\" content=\"article\" \/>\n<meta property=\"og:title\" content=\"Impronte: la seconda stagione del podcast E.ON che indaga l\u2019impatto dell\u2019uomo sul Pianeta - CEOforLIFE - IT\" \/>\n<meta property=\"og:description\" content=\"Il podcast di E.ON Impronte torna con nuovi episodi, che mirano a sensibilizzare i cittadini verso un consumo dell\u2019energia pi\u00f9 responsabile\" \/>\n<meta property=\"og:url\" content=\"https:\/\/www.ceoforlifeawards.com\/it\/blog\/impronte-il-podcast-di-eon\/\" \/>\n<meta property=\"og:site_name\" content=\"CEOforLIFE - IT\" \/>\n<meta property=\"article:published_time\" content=\"2024-08-01T08:18:38+00:00\" \/>\n<meta property=\"og:image\" content=\"https:\/\/www.ceoforlifeawards.com\/it\/wp-content\/uploads\/sites\/3\/2024\/08\/Immagine1-scaled.jpg\" \/>\n\t<meta property=\"og:image:width\" content=\"2560\" \/>\n\t<meta property=\"og:image:height\" content=\"1654\" \/>\n\t<meta property=\"og:image:type\" content=\"image\/jpeg\" \/>\n<meta name=\"twitter:card\" content=\"summary_large_image\" \/>\n<meta name=\"twitter:label1\" content=\"Scritto da\" \/>\n\t<meta name=\"twitter:data1\" content=\"d.digiuseppe@hrcigroup.com\" \/>\n\t<meta name=\"twitter:label2\" content=\"Tempo di lettura stimato\" \/>\n\t<meta name=\"twitter:data2\" content=\"2 minuti\" \/>\n<script type=\"application\/ld+json\" class=\"yoast-schema-graph\">{\"@context\":\"https:\/\/schema.org\",\"@graph\":[{\"@type\":\"WebSite\",\"@id\":\"https:\/\/www.ceoforlifeawards.com\/it\/#website\",\"url\":\"https:\/\/www.ceoforlifeawards.com\/it\/\",\"name\":\"CEOforLIFE - IT\",\"description\":\"\",\"potentialAction\":[{\"@type\":\"SearchAction\",\"target\":{\"@type\":\"EntryPoint\",\"urlTemplate\":\"https:\/\/www.ceoforlifeawards.com\/it\/?s={search_term_string}\"},\"query-input\":\"required name=search_term_string\"}],\"inLanguage\":\"it-IT\"},{\"@type\":\"ImageObject\",\"inLanguage\":\"it-IT\",\"@id\":\"https:\/\/www.ceoforlifeawards.com\/it\/blog\/impronte-il-podcast-di-eon\/#primaryimage\",\"url\":\"https:\/\/www.ceoforlifeawards.com\/it\/wp-content\/uploads\/sites\/3\/2024\/08\/Immagine1-scaled.jpg\",\"contentUrl\":\"https:\/\/www.ceoforlifeawards.com\/it\/wp-content\/uploads\/sites\/3\/2024\/08\/Immagine1-scaled.jpg\",\"width\":2560,\"height\":1654},{\"@type\":\"WebPage\",\"@id\":\"https:\/\/www.ceoforlifeawards.com\/it\/blog\/impronte-il-podcast-di-eon\/#webpage\",\"url\":\"https:\/\/www.ceoforlifeawards.com\/it\/blog\/impronte-il-podcast-di-eon\/\",\"name\":\"Impronte: la seconda stagione del podcast E.ON che indaga l\u2019impatto dell\u2019uomo sul Pianeta - CEOforLIFE - IT\",\"isPartOf\":{\"@id\":\"https:\/\/www.ceoforlifeawards.com\/it\/#website\"},\"primaryImageOfPage\":{\"@id\":\"https:\/\/www.ceoforlifeawards.com\/it\/blog\/impronte-il-podcast-di-eon\/#primaryimage\"},\"datePublished\":\"2024-08-01T08:18:38+00:00\",\"dateModified\":\"2024-08-01T08:18:38+00:00\",\"author\":{\"@id\":\"https:\/\/www.ceoforlifeawards.com\/it\/#\/schema\/person\/9c2802d81c81cfba5c28677408d38d09\"},\"description\":\"Il podcast di E.ON Impronte torna con nuovi episodi, che mirano a sensibilizzare i cittadini verso un consumo dell\u2019energia pi\u00f9 responsabile\",\"breadcrumb\":{\"@id\":\"https:\/\/www.ceoforlifeawards.com\/it\/blog\/impronte-il-podcast-di-eon\/#breadcrumb\"},\"inLanguage\":\"it-IT\",\"potentialAction\":[{\"@type\":\"ReadAction\",\"target\":[\"https:\/\/www.ceoforlifeawards.com\/it\/blog\/impronte-il-podcast-di-eon\/\"]}]},{\"@type\":\"BreadcrumbList\",\"@id\":\"https:\/\/www.ceoforlifeawards.com\/it\/blog\/impronte-il-podcast-di-eon\/#breadcrumb\",\"itemListElement\":[{\"@type\":\"ListItem\",\"position\":1,\"name\":\"Home\",\"item\":\"https:\/\/www.ceoforlifeawards.com\/it\/\"},{\"@type\":\"ListItem\",\"position\":2,\"name\":\"Impronte: la seconda stagione del podcast E.ON che indaga l\u2019impatto dell\u2019uomo sul Pianeta\"}]},{\"@type\":\"Person\",\"@id\":\"https:\/\/www.ceoforlifeawards.com\/it\/#\/schema\/person\/9c2802d81c81cfba5c28677408d38d09\",\"name\":\"d.digiuseppe@hrcigroup.com\",\"image\":{\"@type\":\"ImageObject\",\"inLanguage\":\"it-IT\",\"@id\":\"https:\/\/www.ceoforlifeawards.com\/it\/#\/schema\/person\/image\/\",\"url\":\"https:\/\/secure.gravatar.com\/avatar\/b464a83ee224f75bb37df0992d8d2b48?s=96&d=mm&r=g\",\"contentUrl\":\"https:\/\/secure.gravatar.com\/avatar\/b464a83ee224f75bb37df0992d8d2b48?s=96&d=mm&r=g\",\"caption\":\"d.digiuseppe@hrcigroup.com\"},\"url\":\"https:\/\/www.ceoforlifeawards.com\/it\/blog\/author\/d-digiuseppehrcigroup-com\/\"}]}<\/script>\n<!-- \/ Yoast SEO plugin. -->","yoast_head_json":{"title":"Impronte: la seconda stagione del podcast E.ON che indaga l\u2019impatto dell\u2019uomo sul Pianeta - CEOforLIFE - IT","description":"Il podcast di E.ON Impronte torna con nuovi episodi, che mirano a sensibilizzare i cittadini verso un consumo dell\u2019energia pi\u00f9 responsabile","robots":{"index":"index","follow":"follow","max-snippet":"max-snippet:-1","max-image-preview":"max-image-preview:large","max-video-preview":"max-video-preview:-1"},"canonical":"https:\/\/www.ceoforlifeawards.com\/it\/blog\/impronte-il-podcast-di-eon\/","og_locale":"it_IT","og_type":"article","og_title":"Impronte: la seconda stagione del podcast E.ON che indaga l\u2019impatto dell\u2019uomo sul Pianeta - CEOforLIFE - IT","og_description":"Il podcast di E.ON Impronte torna con nuovi episodi, che mirano a sensibilizzare i cittadini verso un consumo dell\u2019energia pi\u00f9 responsabile","og_url":"https:\/\/www.ceoforlifeawards.com\/it\/blog\/impronte-il-podcast-di-eon\/","og_site_name":"CEOforLIFE - IT","article_published_time":"2024-08-01T08:18:38+00:00","og_image":[{"width":2560,"height":1654,"url":"https:\/\/www.ceoforlifeawards.com\/it\/wp-content\/uploads\/sites\/3\/2024\/08\/Immagine1-scaled.jpg","type":"image\/jpeg"}],"twitter_card":"summary_large_image","twitter_misc":{"Scritto da":"d.digiuseppe@hrcigroup.com","Tempo di lettura stimato":"2 minuti"},"schema":{"@context":"https:\/\/schema.org","@graph":[{"@type":"WebSite","@id":"https:\/\/www.ceoforlifeawards.com\/it\/#website","url":"https:\/\/www.ceoforlifeawards.com\/it\/","name":"CEOforLIFE - IT","description":"","potentialAction":[{"@type":"SearchAction","target":{"@type":"EntryPoint","urlTemplate":"https:\/\/www.ceoforlifeawards.com\/it\/?s={search_term_string}"},"query-input":"required name=search_term_string"}],"inLanguage":"it-IT"},{"@type":"ImageObject","inLanguage":"it-IT","@id":"https:\/\/www.ceoforlifeawards.com\/it\/blog\/impronte-il-podcast-di-eon\/#primaryimage","url":"https:\/\/www.ceoforlifeawards.com\/it\/wp-content\/uploads\/sites\/3\/2024\/08\/Immagine1-scaled.jpg","contentUrl":"https:\/\/www.ceoforlifeawards.com\/it\/wp-content\/uploads\/sites\/3\/2024\/08\/Immagine1-scaled.jpg","width":2560,"height":1654},{"@type":"WebPage","@id":"https:\/\/www.ceoforlifeawards.com\/it\/blog\/impronte-il-podcast-di-eon\/#webpage","url":"https:\/\/www.ceoforlifeawards.com\/it\/blog\/impronte-il-podcast-di-eon\/","name":"Impronte: la seconda stagione del podcast E.ON che indaga l\u2019impatto dell\u2019uomo sul Pianeta - CEOforLIFE - IT","isPartOf":{"@id":"https:\/\/www.ceoforlifeawards.com\/it\/#website"},"primaryImageOfPage":{"@id":"https:\/\/www.ceoforlifeawards.com\/it\/blog\/impronte-il-podcast-di-eon\/#primaryimage"},"datePublished":"2024-08-01T08:18:38+00:00","dateModified":"2024-08-01T08:18:38+00:00","author":{"@id":"https:\/\/www.ceoforlifeawards.com\/it\/#\/schema\/person\/9c2802d81c81cfba5c28677408d38d09"},"description":"Il podcast di E.ON Impronte torna con nuovi episodi, che mirano a sensibilizzare i cittadini verso un consumo dell\u2019energia pi\u00f9 responsabile","breadcrumb":{"@id":"https:\/\/www.ceoforlifeawards.com\/it\/blog\/impronte-il-podcast-di-eon\/#breadcrumb"},"inLanguage":"it-IT","potentialAction":[{"@type":"ReadAction","target":["https:\/\/www.ceoforlifeawards.com\/it\/blog\/impronte-il-podcast-di-eon\/"]}]},{"@type":"BreadcrumbList","@id":"https:\/\/www.ceoforlifeawards.com\/it\/blog\/impronte-il-podcast-di-eon\/#breadcrumb","itemListElement":[{"@type":"ListItem","position":1,"name":"Home","item":"https:\/\/www.ceoforlifeawards.com\/it\/"},{"@type":"ListItem","position":2,"name":"Impronte: la seconda stagione del podcast E.ON che indaga l\u2019impatto dell\u2019uomo sul Pianeta"}]},{"@type":"Person","@id":"https:\/\/www.ceoforlifeawards.com\/it\/#\/schema\/person\/9c2802d81c81cfba5c28677408d38d09","name":"d.digiuseppe@hrcigroup.com","image":{"@type":"ImageObject","inLanguage":"it-IT","@id":"https:\/\/www.ceoforlifeawards.com\/it\/#\/schema\/person\/image\/","url":"https:\/\/secure.gravatar.com\/avatar\/b464a83ee224f75bb37df0992d8d2b48?s=96&d=mm&r=g","contentUrl":"https:\/\/secure.gravatar.com\/avatar\/b464a83ee224f75bb37df0992d8d2b48?s=96&d=mm&r=g","caption":"d.digiuseppe@hrcigroup.com"},"url":"https:\/\/www.ceoforlifeawards.com\/it\/blog\/author\/d-digiuseppehrcigroup-com\/"}]}},"_links":{"self":[{"href":"https:\/\/www.ceoforlifeawards.com\/it\/wp-json\/wp\/v2\/posts\/51804"}],"collection":[{"href":"https:\/\/www.ceoforlifeawards.com\/it\/wp-json\/wp\/v2\/posts"}],"about":[{"href":"https:\/\/www.ceoforlifeawards.com\/it\/wp-json\/wp\/v2\/types\/post"}],"author":[{"embeddable":true,"href":"https:\/\/www.ceoforlifeawards.com\/it\/wp-json\/wp\/v2\/users\/6"}],"replies":[{"embeddable":true,"href":"https:\/\/www.ceoforlifeawards.com\/it\/wp-json\/wp\/v2\/comments?post=51804"}],"version-history":[{"count":1,"href":"https:\/\/www.ceoforlifeawards.com\/it\/wp-json\/wp\/v2\/posts\/51804\/revisions"}],"predecessor-version":[{"id":51807,"href":"https:\/\/www.ceoforlifeawards.com\/it\/wp-json\/wp\/v2\/posts\/51804\/revisions\/51807"}],"wp:featuredmedia":[{"embeddable":true,"href":"https:\/\/www.ceoforlifeawards.com\/it\/wp-json\/wp\/v2\/media\/51806"}],"wp:attachment":[{"href":"https:\/\/www.ceoforlifeawards.com\/it\/wp-json\/wp\/v2\/media?parent=51804"}],"wp:term":[{"taxonomy":"category","embeddable":true,"href":"https:\/\/www.ceoforlifeawards.com\/it\/wp-json\/wp\/v2\/categories?post=51804"},{"taxonomy":"post_tag","embeddable":true,"href":"https:\/\/www.ceoforlifeawards.com\/it\/wp-json\/wp\/v2\/tags?post=51804"}],"curies":[{"name":"wp","href":"https:\/\/api.w.org\/{rel}","templated":true}]}}