{"id":51896,"date":"2024-08-01T16:51:46","date_gmt":"2024-08-01T14:51:46","guid":{"rendered":"https:\/\/www.ceoforlifeawards.com\/it\/?p=51896"},"modified":"2024-08-01T16:51:46","modified_gmt":"2024-08-01T14:51:46","slug":"transizione-ecologica-i-risultati-di-gruppo-hera-dalle-rinnovabili-alla-raccolta-differenziata","status":"publish","type":"post","link":"https:\/\/www.ceoforlifeawards.com\/it\/blog\/transizione-ecologica-i-risultati-di-gruppo-hera-dalle-rinnovabili-alla-raccolta-differenziata\/","title":{"rendered":"Transizione ecologica, i risultati di Gruppo Hera dalle rinnovabili alla raccolta differenziata"},"content":{"rendered":"<p>Prosegue l\u2019impegno del Gruppo Hera per la sostenibilit\u00e0: nel proprio <strong>bilancio di sostenibilit\u00e0 2023<\/strong> la multiutility ha rinnovato l\u2019impegno per \u00a0\u00a0la transizione, puntando l\u2019attenzione sulla<strong> neutralit\u00e0 di carbonio, la rigenerazione delle risorse, la resilienza e l\u2019innovazione<\/strong>. Entrando pi\u00f9 nello specifico, \u00a0il Gruppo ha gi\u00e0 abbassato del 14% le emissioni di gas serra (rispetto al 2019), in linea con l\u2019obiettivo di riduzione del 37% al 2030. Per il secondo anno consecutivo la multiutility \u00a0ha utilizzato esclusivamente energia elettrica rinnovabile per le proprie attivit\u00e0 proseguendo nel percorso di riduzione dei consumi interni di energia che nel 2023 sono stati inferiori del 7,6% rispetto al 2013, un risparmio corrispondente al consumo annuo di 17 mila famiglie. L\u2019energia elettrica rinnovabile venduta a mercato libero \u00e8 stata il 43% del totale (+2 punti percentuali) ed \u00e8 prevista un\u2019ulteriore crescita fino ad arrivare al 56% nel 2027.<\/p>\n<p>E ancora: gli impianti per la trasformazione dei rifiuti organici in biometano e compost hanno prodotto 8,5 milioni di metri cubi di combustibile 100% rinnovabile. Proseguono inoltre le iniziative per lo sviluppo dell\u2019idrogeno come vettore energetico, oltre che quelle per raggiungere oltre 300 MW installati in fotovoltaico entro il 2027 su siti di propriet\u00e0. Sulla rigenerazione delle risorse, il Gruppo Hera opera per promuoverne un utilizzo pi\u00f9 sostenibile e perseguire l\u2019obiettivo di economia circolare. In questo senso, i consumi interni di acqua sono scesi di oltre il 21% (rispetto al 2017) e il riuso delle acque reflue \u00e8 salito dal 7 al 10% con la previsione di arrivare al 14% nel 2027. La multiutility \u00e8 inoltre sempre pi\u00f9 concentrata sul al recupero delle materie: il tasso di riciclo dei rifiuti urbani \u00e8 salito al 61%, anticipando l\u2019obiettivo UE del 60% al 2030, la raccolta differenziata ha superato il 72% e attraverso gli impianti della controllata Aliplast sono state riciclate quasi 85 mila tonnellate di plastica.<\/p>\n<p>Infine, il Gruppo Hera non dimentica che<strong> sostenibilit\u00e0 significa anche innovazione ed ha anche un valore sociale<\/strong>: in questo senso sono stati investiti oltre 370 i milioni di euro per ammodernare gli impianti e aumentare la digitalizzazione delle infrastrutture ed \u00e8 stato confermato il sostegno alle famiglie, con la rateizzazione nel 2023 di circa 735 mila bollette (oltre il doppio rispetto al 2022), supportando anche le popolazioni coinvolte dall\u2019alluvione dello scorso anno in Emilia-Romagna, per un valore complessivo di 340 milioni di euro. Per maggiori informazioni, i risultati raggiunti dal Gruppo Hera sono disponibili online all\u2019interno del Bilancio di Sostenibilit\u00e0 2023.<\/p>\n","protected":false},"excerpt":{"rendered":"<p>Prosegue l\u2019impegno del Gruppo Hera per la sostenibilit\u00e0: nel proprio bilancio di sostenibilit\u00e0 2023 la multiutility ha rinnovato l\u2019impegno per \u00a0\u00a0la transizione, puntando l\u2019attenzione sulla neutralit\u00e0 di carbonio, la rigenerazione delle risorse, la resilienza e l\u2019innovazione. Entrando pi\u00f9 nello specifico, \u00a0il Gruppo ha gi\u00e0 abbassato del 14% le emissioni di gas serra (rispetto al 2019), [&hellip;]<\/p>\n","protected":false},"author":6,"featured_media":51897,"comment_status":"closed","ping_status":"closed","sticky":false,"template":"","format":"standard","meta":[],"categories":[204,96,95],"tags":[108],"yoast_head":"<!-- This site is optimized with the Yoast SEO plugin v18.7 - https:\/\/yoast.com\/wordpress\/plugins\/seo\/ -->\n<title>Transizione ecologica, i risultati di Gruppo Hera dalle rinnovabili alla raccolta differenziata - CEOforLIFE - IT<\/title>\n<meta name=\"robots\" content=\"index, follow, max-snippet:-1, max-image-preview:large, max-video-preview:-1\" \/>\n<link rel=\"canonical\" href=\"https:\/\/www.ceoforlifeawards.com\/it\/blog\/transizione-ecologica-i-risultati-di-gruppo-hera-dalle-rinnovabili-alla-raccolta-differenziata\/\" \/>\n<meta property=\"og:locale\" content=\"it_IT\" \/>\n<meta property=\"og:type\" content=\"article\" \/>\n<meta property=\"og:title\" content=\"Transizione ecologica, i risultati di Gruppo Hera dalle rinnovabili alla raccolta differenziata - CEOforLIFE - IT\" \/>\n<meta property=\"og:description\" content=\"Prosegue l\u2019impegno del Gruppo Hera per la sostenibilit\u00e0: nel proprio bilancio di sostenibilit\u00e0 2023 la multiutility ha rinnovato l\u2019impegno per \u00a0\u00a0la transizione, puntando l\u2019attenzione sulla neutralit\u00e0 di carbonio, la rigenerazione delle risorse, la resilienza e l\u2019innovazione. Entrando pi\u00f9 nello specifico, \u00a0il Gruppo ha gi\u00e0 abbassato del 14% le emissioni di gas serra (rispetto al 2019), [&hellip;]\" \/>\n<meta property=\"og:url\" content=\"https:\/\/www.ceoforlifeawards.com\/it\/blog\/transizione-ecologica-i-risultati-di-gruppo-hera-dalle-rinnovabili-alla-raccolta-differenziata\/\" \/>\n<meta property=\"og:site_name\" content=\"CEOforLIFE - IT\" \/>\n<meta property=\"article:published_time\" content=\"2024-08-01T14:51:46+00:00\" \/>\n<meta property=\"og:image\" content=\"https:\/\/www.ceoforlifeawards.com\/it\/wp-content\/uploads\/sites\/3\/2024\/08\/Immagine1-6-scaled.jpg\" \/>\n\t<meta property=\"og:image:width\" content=\"2560\" \/>\n\t<meta property=\"og:image:height\" content=\"1705\" \/>\n\t<meta property=\"og:image:type\" content=\"image\/jpeg\" \/>\n<meta name=\"twitter:card\" content=\"summary_large_image\" \/>\n<meta name=\"twitter:label1\" content=\"Scritto da\" \/>\n\t<meta name=\"twitter:data1\" content=\"d.digiuseppe@hrcigroup.com\" \/>\n\t<meta name=\"twitter:label2\" content=\"Tempo di lettura stimato\" \/>\n\t<meta name=\"twitter:data2\" content=\"2 minuti\" \/>\n<script type=\"application\/ld+json\" class=\"yoast-schema-graph\">{\"@context\":\"https:\/\/schema.org\",\"@graph\":[{\"@type\":\"WebSite\",\"@id\":\"https:\/\/www.ceoforlifeawards.com\/it\/#website\",\"url\":\"https:\/\/www.ceoforlifeawards.com\/it\/\",\"name\":\"CEOforLIFE - IT\",\"description\":\"\",\"potentialAction\":[{\"@type\":\"SearchAction\",\"target\":{\"@type\":\"EntryPoint\",\"urlTemplate\":\"https:\/\/www.ceoforlifeawards.com\/it\/?s={search_term_string}\"},\"query-input\":\"required name=search_term_string\"}],\"inLanguage\":\"it-IT\"},{\"@type\":\"ImageObject\",\"inLanguage\":\"it-IT\",\"@id\":\"https:\/\/www.ceoforlifeawards.com\/it\/blog\/transizione-ecologica-i-risultati-di-gruppo-hera-dalle-rinnovabili-alla-raccolta-differenziata\/#primaryimage\",\"url\":\"https:\/\/www.ceoforlifeawards.com\/it\/wp-content\/uploads\/sites\/3\/2024\/08\/Immagine1-6-scaled.jpg\",\"contentUrl\":\"https:\/\/www.ceoforlifeawards.com\/it\/wp-content\/uploads\/sites\/3\/2024\/08\/Immagine1-6-scaled.jpg\",\"width\":2560,\"height\":1705},{\"@type\":\"WebPage\",\"@id\":\"https:\/\/www.ceoforlifeawards.com\/it\/blog\/transizione-ecologica-i-risultati-di-gruppo-hera-dalle-rinnovabili-alla-raccolta-differenziata\/#webpage\",\"url\":\"https:\/\/www.ceoforlifeawards.com\/it\/blog\/transizione-ecologica-i-risultati-di-gruppo-hera-dalle-rinnovabili-alla-raccolta-differenziata\/\",\"name\":\"Transizione ecologica, i risultati di Gruppo Hera dalle rinnovabili alla raccolta differenziata - CEOforLIFE - IT\",\"isPartOf\":{\"@id\":\"https:\/\/www.ceoforlifeawards.com\/it\/#website\"},\"primaryImageOfPage\":{\"@id\":\"https:\/\/www.ceoforlifeawards.com\/it\/blog\/transizione-ecologica-i-risultati-di-gruppo-hera-dalle-rinnovabili-alla-raccolta-differenziata\/#primaryimage\"},\"datePublished\":\"2024-08-01T14:51:46+00:00\",\"dateModified\":\"2024-08-01T14:51:46+00:00\",\"author\":{\"@id\":\"https:\/\/www.ceoforlifeawards.com\/it\/#\/schema\/person\/9c2802d81c81cfba5c28677408d38d09\"},\"breadcrumb\":{\"@id\":\"https:\/\/www.ceoforlifeawards.com\/it\/blog\/transizione-ecologica-i-risultati-di-gruppo-hera-dalle-rinnovabili-alla-raccolta-differenziata\/#breadcrumb\"},\"inLanguage\":\"it-IT\",\"potentialAction\":[{\"@type\":\"ReadAction\",\"target\":[\"https:\/\/www.ceoforlifeawards.com\/it\/blog\/transizione-ecologica-i-risultati-di-gruppo-hera-dalle-rinnovabili-alla-raccolta-differenziata\/\"]}]},{\"@type\":\"BreadcrumbList\",\"@id\":\"https:\/\/www.ceoforlifeawards.com\/it\/blog\/transizione-ecologica-i-risultati-di-gruppo-hera-dalle-rinnovabili-alla-raccolta-differenziata\/#breadcrumb\",\"itemListElement\":[{\"@type\":\"ListItem\",\"position\":1,\"name\":\"Home\",\"item\":\"https:\/\/www.ceoforlifeawards.com\/it\/\"},{\"@type\":\"ListItem\",\"position\":2,\"name\":\"Transizione ecologica, i risultati di Gruppo Hera dalle rinnovabili alla raccolta differenziata\"}]},{\"@type\":\"Person\",\"@id\":\"https:\/\/www.ceoforlifeawards.com\/it\/#\/schema\/person\/9c2802d81c81cfba5c28677408d38d09\",\"name\":\"d.digiuseppe@hrcigroup.com\",\"image\":{\"@type\":\"ImageObject\",\"inLanguage\":\"it-IT\",\"@id\":\"https:\/\/www.ceoforlifeawards.com\/it\/#\/schema\/person\/image\/\",\"url\":\"https:\/\/secure.gravatar.com\/avatar\/b464a83ee224f75bb37df0992d8d2b48?s=96&d=mm&r=g\",\"contentUrl\":\"https:\/\/secure.gravatar.com\/avatar\/b464a83ee224f75bb37df0992d8d2b48?s=96&d=mm&r=g\",\"caption\":\"d.digiuseppe@hrcigroup.com\"},\"url\":\"https:\/\/www.ceoforlifeawards.com\/it\/blog\/author\/d-digiuseppehrcigroup-com\/\"}]}<\/script>\n<!-- \/ Yoast SEO plugin. -->","yoast_head_json":{"title":"Transizione ecologica, i risultati di Gruppo Hera dalle rinnovabili alla raccolta differenziata - CEOforLIFE - IT","robots":{"index":"index","follow":"follow","max-snippet":"max-snippet:-1","max-image-preview":"max-image-preview:large","max-video-preview":"max-video-preview:-1"},"canonical":"https:\/\/www.ceoforlifeawards.com\/it\/blog\/transizione-ecologica-i-risultati-di-gruppo-hera-dalle-rinnovabili-alla-raccolta-differenziata\/","og_locale":"it_IT","og_type":"article","og_title":"Transizione ecologica, i risultati di Gruppo Hera dalle rinnovabili alla raccolta differenziata - CEOforLIFE - IT","og_description":"Prosegue l\u2019impegno del Gruppo Hera per la sostenibilit\u00e0: nel proprio bilancio di sostenibilit\u00e0 2023 la multiutility ha rinnovato l\u2019impegno per \u00a0\u00a0la transizione, puntando l\u2019attenzione sulla neutralit\u00e0 di carbonio, la rigenerazione delle risorse, la resilienza e l\u2019innovazione. Entrando pi\u00f9 nello specifico, \u00a0il Gruppo ha gi\u00e0 abbassato del 14% le emissioni di gas serra (rispetto al 2019), [&hellip;]","og_url":"https:\/\/www.ceoforlifeawards.com\/it\/blog\/transizione-ecologica-i-risultati-di-gruppo-hera-dalle-rinnovabili-alla-raccolta-differenziata\/","og_site_name":"CEOforLIFE - IT","article_published_time":"2024-08-01T14:51:46+00:00","og_image":[{"width":2560,"height":1705,"url":"https:\/\/www.ceoforlifeawards.com\/it\/wp-content\/uploads\/sites\/3\/2024\/08\/Immagine1-6-scaled.jpg","type":"image\/jpeg"}],"twitter_card":"summary_large_image","twitter_misc":{"Scritto da":"d.digiuseppe@hrcigroup.com","Tempo di lettura stimato":"2 minuti"},"schema":{"@context":"https:\/\/schema.org","@graph":[{"@type":"WebSite","@id":"https:\/\/www.ceoforlifeawards.com\/it\/#website","url":"https:\/\/www.ceoforlifeawards.com\/it\/","name":"CEOforLIFE - IT","description":"","potentialAction":[{"@type":"SearchAction","target":{"@type":"EntryPoint","urlTemplate":"https:\/\/www.ceoforlifeawards.com\/it\/?s={search_term_string}"},"query-input":"required name=search_term_string"}],"inLanguage":"it-IT"},{"@type":"ImageObject","inLanguage":"it-IT","@id":"https:\/\/www.ceoforlifeawards.com\/it\/blog\/transizione-ecologica-i-risultati-di-gruppo-hera-dalle-rinnovabili-alla-raccolta-differenziata\/#primaryimage","url":"https:\/\/www.ceoforlifeawards.com\/it\/wp-content\/uploads\/sites\/3\/2024\/08\/Immagine1-6-scaled.jpg","contentUrl":"https:\/\/www.ceoforlifeawards.com\/it\/wp-content\/uploads\/sites\/3\/2024\/08\/Immagine1-6-scaled.jpg","width":2560,"height":1705},{"@type":"WebPage","@id":"https:\/\/www.ceoforlifeawards.com\/it\/blog\/transizione-ecologica-i-risultati-di-gruppo-hera-dalle-rinnovabili-alla-raccolta-differenziata\/#webpage","url":"https:\/\/www.ceoforlifeawards.com\/it\/blog\/transizione-ecologica-i-risultati-di-gruppo-hera-dalle-rinnovabili-alla-raccolta-differenziata\/","name":"Transizione ecologica, i risultati di Gruppo Hera dalle rinnovabili alla raccolta differenziata - CEOforLIFE - IT","isPartOf":{"@id":"https:\/\/www.ceoforlifeawards.com\/it\/#website"},"primaryImageOfPage":{"@id":"https:\/\/www.ceoforlifeawards.com\/it\/blog\/transizione-ecologica-i-risultati-di-gruppo-hera-dalle-rinnovabili-alla-raccolta-differenziata\/#primaryimage"},"datePublished":"2024-08-01T14:51:46+00:00","dateModified":"2024-08-01T14:51:46+00:00","author":{"@id":"https:\/\/www.ceoforlifeawards.com\/it\/#\/schema\/person\/9c2802d81c81cfba5c28677408d38d09"},"breadcrumb":{"@id":"https:\/\/www.ceoforlifeawards.com\/it\/blog\/transizione-ecologica-i-risultati-di-gruppo-hera-dalle-rinnovabili-alla-raccolta-differenziata\/#breadcrumb"},"inLanguage":"it-IT","potentialAction":[{"@type":"ReadAction","target":["https:\/\/www.ceoforlifeawards.com\/it\/blog\/transizione-ecologica-i-risultati-di-gruppo-hera-dalle-rinnovabili-alla-raccolta-differenziata\/"]}]},{"@type":"BreadcrumbList","@id":"https:\/\/www.ceoforlifeawards.com\/it\/blog\/transizione-ecologica-i-risultati-di-gruppo-hera-dalle-rinnovabili-alla-raccolta-differenziata\/#breadcrumb","itemListElement":[{"@type":"ListItem","position":1,"name":"Home","item":"https:\/\/www.ceoforlifeawards.com\/it\/"},{"@type":"ListItem","position":2,"name":"Transizione ecologica, i risultati di Gruppo Hera dalle rinnovabili alla raccolta differenziata"}]},{"@type":"Person","@id":"https:\/\/www.ceoforlifeawards.com\/it\/#\/schema\/person\/9c2802d81c81cfba5c28677408d38d09","name":"d.digiuseppe@hrcigroup.com","image":{"@type":"ImageObject","inLanguage":"it-IT","@id":"https:\/\/www.ceoforlifeawards.com\/it\/#\/schema\/person\/image\/","url":"https:\/\/secure.gravatar.com\/avatar\/b464a83ee224f75bb37df0992d8d2b48?s=96&d=mm&r=g","contentUrl":"https:\/\/secure.gravatar.com\/avatar\/b464a83ee224f75bb37df0992d8d2b48?s=96&d=mm&r=g","caption":"d.digiuseppe@hrcigroup.com"},"url":"https:\/\/www.ceoforlifeawards.com\/it\/blog\/author\/d-digiuseppehrcigroup-com\/"}]}},"_links":{"self":[{"href":"https:\/\/www.ceoforlifeawards.com\/it\/wp-json\/wp\/v2\/posts\/51896"}],"collection":[{"href":"https:\/\/www.ceoforlifeawards.com\/it\/wp-json\/wp\/v2\/posts"}],"about":[{"href":"https:\/\/www.ceoforlifeawards.com\/it\/wp-json\/wp\/v2\/types\/post"}],"author":[{"embeddable":true,"href":"https:\/\/www.ceoforlifeawards.com\/it\/wp-json\/wp\/v2\/users\/6"}],"replies":[{"embeddable":true,"href":"https:\/\/www.ceoforlifeawards.com\/it\/wp-json\/wp\/v2\/comments?post=51896"}],"version-history":[{"count":1,"href":"https:\/\/www.ceoforlifeawards.com\/it\/wp-json\/wp\/v2\/posts\/51896\/revisions"}],"predecessor-version":[{"id":51898,"href":"https:\/\/www.ceoforlifeawards.com\/it\/wp-json\/wp\/v2\/posts\/51896\/revisions\/51898"}],"wp:featuredmedia":[{"embeddable":true,"href":"https:\/\/www.ceoforlifeawards.com\/it\/wp-json\/wp\/v2\/media\/51897"}],"wp:attachment":[{"href":"https:\/\/www.ceoforlifeawards.com\/it\/wp-json\/wp\/v2\/media?parent=51896"}],"wp:term":[{"taxonomy":"category","embeddable":true,"href":"https:\/\/www.ceoforlifeawards.com\/it\/wp-json\/wp\/v2\/categories?post=51896"},{"taxonomy":"post_tag","embeddable":true,"href":"https:\/\/www.ceoforlifeawards.com\/it\/wp-json\/wp\/v2\/tags?post=51896"}],"curies":[{"name":"wp","href":"https:\/\/api.w.org\/{rel}","templated":true}]}}