{"id":52404,"date":"2024-09-17T17:52:45","date_gmt":"2024-09-17T15:52:45","guid":{"rendered":"https:\/\/www.ceoforlifeawards.com\/it\/?p=52404"},"modified":"2024-11-19T12:41:34","modified_gmt":"2024-11-19T11:41:34","slug":"la-sostenibilita-parte-dalle-persone-hera-firma-con-i-sindacati-un-innovativo-patto-del-buon-lavoro","status":"publish","type":"post","link":"https:\/\/www.ceoforlifeawards.com\/it\/blog\/la-sostenibilita-parte-dalle-persone-hera-firma-con-i-sindacati-un-innovativo-patto-del-buon-lavoro\/","title":{"rendered":"La sostenibilit\u00e0 parte dalle persone: Hera firma con i sindacati un innovativo Patto del Buon Lavoro"},"content":{"rendered":"<p>In un contesto sfidante come quello attuale, in cui i valori fondamentali del lavoro rischiano di essere messi in secondo piano, il Gruppo Hera ha deciso di ripartire dalle basi solide di quanto gi\u00e0 sviluppato dall\u2019azienda nel corso degli anni per far evolvere ulteriormente i suoi standard di riferimento e costruire nel tempo nuovi progetti e nuovi modelli di partecipazione insieme ai sindacati. \u00c8 con queste premesse, espresse dal Presidente Esecutivo del Gruppo Hera Cristian Fabbri, che la multiutility ha recentemente presentato con le Organizzazioni Sindacali il Patto del Buon Lavoro, un documento ampio, innovativo e programmatico che disegna il modello di impresa del futuro.<\/p>\n<p>I cinque pilastri del testo sono sicurezza, appalti, sostenibilit\u00e0, inclusione e benessere. Tra le principali novit\u00e0, il premio di risultato sar\u00e0 legato anche agli obiettivi di sostenibilit\u00e0, a conferma di un impegno ancora pi\u00f9 stringente per garantire una transizione giusta. Nel quadriennio 2024-2027 il Patto del Buon Lavoro prevede investimenti per 60 milioni di euro in formazione, di cui un terzo sulla sicurezza, 2.600 assunzioni e molte iniziative a favore di genitorialit\u00e0, flessibilit\u00e0, apprendimento continuo, contrasto a violenza di genere e valorizzazione delle diverse abilit\u00e0.<\/p>\n<p>L\u2019impegno \u00e8 dunque di tracciare un percorso che coniughi crescita aziendale, sviluppo sostenibile e benessere collettivo, con l\u2019obiettivo di creare valore nel lungo termine e generare un impatto positivo tangibile per tutti gli stakeholder, a partire dalle persone e dal territorio, temi da sempre centrali per la multiutility Hera che gi\u00e0 oggi conta oltre 10.000 dipendenti, un numero in costante aumento dal 2002, con oltre il 95% di contratti a tempo indeterminato.<\/p>\n<p><em>&#8220;Vogliamo essere l\u2019esempio di come l\u2019impresa possa rappresentare un motore di cambiamento positivo e costruire insieme un futuro pi\u00f9 inclusivo, sostenibile e sicuro&#8221;<\/em> &#8211; ha commentato <strong>Cristian Fabbri, Presidente Esecutivo del Gruppo Hera<\/strong> &#8211; <em>&#8220;Il nostro purpose aziendale, lo ricordiamo, risponde a una pi\u00f9 ampia convinzione: quella che la valorizzazione delle persone che lavorano nel Gruppo e la loro soddisfazione sono fondamentali per garantire la crescita e la solidit\u00e0 dell\u2019azienda e, allo stesso tempo, fornire servizi sempre migliori, con positive ricadute ambientali ed economiche per i territori serviti. -. Il Patto del Buon Lavoro rappresenta, insomma, un modello innovativo, un ponte verso il futuro\u201d.<\/em><\/p>\n","protected":false},"excerpt":{"rendered":"<p>In un contesto sfidante come quello attuale, in cui i valori fondamentali del lavoro rischiano di essere messi in secondo piano, il Gruppo Hera ha deciso di ripartire dalle basi solide di quanto gi\u00e0 sviluppato dall\u2019azienda nel corso degli anni per far evolvere ulteriormente i suoi standard di riferimento e costruire nel tempo nuovi progetti [&hellip;]<\/p>\n","protected":false},"author":6,"featured_media":52405,"comment_status":"closed","ping_status":"closed","sticky":false,"template":"","format":"standard","meta":[],"categories":[204,96,95],"tags":[108],"yoast_head":"<!-- This site is optimized with the Yoast SEO plugin v18.7 - https:\/\/yoast.com\/wordpress\/plugins\/seo\/ -->\n<title>La sostenibilit\u00e0 parte dalle persone: Hera firma con i sindacati un innovativo Patto del Buon Lavoro - CEOforLIFE - IT<\/title>\n<meta name=\"robots\" content=\"index, follow, max-snippet:-1, max-image-preview:large, max-video-preview:-1\" \/>\n<link rel=\"canonical\" href=\"https:\/\/www.ceoforlifeawards.com\/it\/blog\/la-sostenibilita-parte-dalle-persone-hera-firma-con-i-sindacati-un-innovativo-patto-del-buon-lavoro\/\" \/>\n<meta property=\"og:locale\" content=\"it_IT\" \/>\n<meta property=\"og:type\" content=\"article\" \/>\n<meta property=\"og:title\" content=\"La sostenibilit\u00e0 parte dalle persone: Hera firma con i sindacati un innovativo Patto del Buon Lavoro - CEOforLIFE - IT\" \/>\n<meta property=\"og:description\" content=\"In un contesto sfidante come quello attuale, in cui i valori fondamentali del lavoro rischiano di essere messi in secondo piano, il Gruppo Hera ha deciso di ripartire dalle basi solide di quanto gi\u00e0 sviluppato dall\u2019azienda nel corso degli anni per far evolvere ulteriormente i suoi standard di riferimento e costruire nel tempo nuovi progetti [&hellip;]\" \/>\n<meta property=\"og:url\" content=\"https:\/\/www.ceoforlifeawards.com\/it\/blog\/la-sostenibilita-parte-dalle-persone-hera-firma-con-i-sindacati-un-innovativo-patto-del-buon-lavoro\/\" \/>\n<meta property=\"og:site_name\" content=\"CEOforLIFE - IT\" \/>\n<meta property=\"article:published_time\" content=\"2024-09-17T15:52:45+00:00\" \/>\n<meta property=\"article:modified_time\" content=\"2024-11-19T11:41:34+00:00\" \/>\n<meta property=\"og:image\" content=\"https:\/\/www.ceoforlifeawards.com\/it\/wp-content\/uploads\/sites\/3\/2024\/09\/Immagine1-3-scaled.jpg\" \/>\n\t<meta property=\"og:image:width\" content=\"2560\" \/>\n\t<meta property=\"og:image:height\" content=\"1654\" \/>\n\t<meta property=\"og:image:type\" content=\"image\/jpeg\" \/>\n<meta name=\"twitter:card\" content=\"summary_large_image\" \/>\n<meta name=\"twitter:label1\" content=\"Scritto da\" \/>\n\t<meta name=\"twitter:data1\" content=\"d.digiuseppe@hrcigroup.com\" \/>\n\t<meta name=\"twitter:label2\" content=\"Tempo di lettura stimato\" \/>\n\t<meta name=\"twitter:data2\" content=\"2 minuti\" \/>\n<script type=\"application\/ld+json\" class=\"yoast-schema-graph\">{\"@context\":\"https:\/\/schema.org\",\"@graph\":[{\"@type\":\"WebSite\",\"@id\":\"https:\/\/www.ceoforlifeawards.com\/it\/#website\",\"url\":\"https:\/\/www.ceoforlifeawards.com\/it\/\",\"name\":\"CEOforLIFE - IT\",\"description\":\"\",\"potentialAction\":[{\"@type\":\"SearchAction\",\"target\":{\"@type\":\"EntryPoint\",\"urlTemplate\":\"https:\/\/www.ceoforlifeawards.com\/it\/?s={search_term_string}\"},\"query-input\":\"required name=search_term_string\"}],\"inLanguage\":\"it-IT\"},{\"@type\":\"ImageObject\",\"inLanguage\":\"it-IT\",\"@id\":\"https:\/\/www.ceoforlifeawards.com\/it\/blog\/la-sostenibilita-parte-dalle-persone-hera-firma-con-i-sindacati-un-innovativo-patto-del-buon-lavoro\/#primaryimage\",\"url\":\"https:\/\/www.ceoforlifeawards.com\/it\/wp-content\/uploads\/sites\/3\/2024\/09\/Immagine1-3-scaled.jpg\",\"contentUrl\":\"https:\/\/www.ceoforlifeawards.com\/it\/wp-content\/uploads\/sites\/3\/2024\/09\/Immagine1-3-scaled.jpg\",\"width\":2560,\"height\":1654},{\"@type\":\"WebPage\",\"@id\":\"https:\/\/www.ceoforlifeawards.com\/it\/blog\/la-sostenibilita-parte-dalle-persone-hera-firma-con-i-sindacati-un-innovativo-patto-del-buon-lavoro\/#webpage\",\"url\":\"https:\/\/www.ceoforlifeawards.com\/it\/blog\/la-sostenibilita-parte-dalle-persone-hera-firma-con-i-sindacati-un-innovativo-patto-del-buon-lavoro\/\",\"name\":\"La sostenibilit\u00e0 parte dalle persone: Hera firma con i sindacati un innovativo Patto del Buon Lavoro - CEOforLIFE - IT\",\"isPartOf\":{\"@id\":\"https:\/\/www.ceoforlifeawards.com\/it\/#website\"},\"primaryImageOfPage\":{\"@id\":\"https:\/\/www.ceoforlifeawards.com\/it\/blog\/la-sostenibilita-parte-dalle-persone-hera-firma-con-i-sindacati-un-innovativo-patto-del-buon-lavoro\/#primaryimage\"},\"datePublished\":\"2024-09-17T15:52:45+00:00\",\"dateModified\":\"2024-11-19T11:41:34+00:00\",\"author\":{\"@id\":\"https:\/\/www.ceoforlifeawards.com\/it\/#\/schema\/person\/9c2802d81c81cfba5c28677408d38d09\"},\"breadcrumb\":{\"@id\":\"https:\/\/www.ceoforlifeawards.com\/it\/blog\/la-sostenibilita-parte-dalle-persone-hera-firma-con-i-sindacati-un-innovativo-patto-del-buon-lavoro\/#breadcrumb\"},\"inLanguage\":\"it-IT\",\"potentialAction\":[{\"@type\":\"ReadAction\",\"target\":[\"https:\/\/www.ceoforlifeawards.com\/it\/blog\/la-sostenibilita-parte-dalle-persone-hera-firma-con-i-sindacati-un-innovativo-patto-del-buon-lavoro\/\"]}]},{\"@type\":\"BreadcrumbList\",\"@id\":\"https:\/\/www.ceoforlifeawards.com\/it\/blog\/la-sostenibilita-parte-dalle-persone-hera-firma-con-i-sindacati-un-innovativo-patto-del-buon-lavoro\/#breadcrumb\",\"itemListElement\":[{\"@type\":\"ListItem\",\"position\":1,\"name\":\"Home\",\"item\":\"https:\/\/www.ceoforlifeawards.com\/it\/\"},{\"@type\":\"ListItem\",\"position\":2,\"name\":\"La sostenibilit\u00e0 parte dalle persone: Hera firma con i sindacati un innovativo Patto del Buon Lavoro\"}]},{\"@type\":\"Person\",\"@id\":\"https:\/\/www.ceoforlifeawards.com\/it\/#\/schema\/person\/9c2802d81c81cfba5c28677408d38d09\",\"name\":\"d.digiuseppe@hrcigroup.com\",\"image\":{\"@type\":\"ImageObject\",\"inLanguage\":\"it-IT\",\"@id\":\"https:\/\/www.ceoforlifeawards.com\/it\/#\/schema\/person\/image\/\",\"url\":\"https:\/\/secure.gravatar.com\/avatar\/b464a83ee224f75bb37df0992d8d2b48?s=96&d=mm&r=g\",\"contentUrl\":\"https:\/\/secure.gravatar.com\/avatar\/b464a83ee224f75bb37df0992d8d2b48?s=96&d=mm&r=g\",\"caption\":\"d.digiuseppe@hrcigroup.com\"},\"url\":\"https:\/\/www.ceoforlifeawards.com\/it\/blog\/author\/d-digiuseppehrcigroup-com\/\"}]}<\/script>\n<!-- \/ Yoast SEO plugin. -->","yoast_head_json":{"title":"La sostenibilit\u00e0 parte dalle persone: Hera firma con i sindacati un innovativo Patto del Buon Lavoro - CEOforLIFE - IT","robots":{"index":"index","follow":"follow","max-snippet":"max-snippet:-1","max-image-preview":"max-image-preview:large","max-video-preview":"max-video-preview:-1"},"canonical":"https:\/\/www.ceoforlifeawards.com\/it\/blog\/la-sostenibilita-parte-dalle-persone-hera-firma-con-i-sindacati-un-innovativo-patto-del-buon-lavoro\/","og_locale":"it_IT","og_type":"article","og_title":"La sostenibilit\u00e0 parte dalle persone: Hera firma con i sindacati un innovativo Patto del Buon Lavoro - CEOforLIFE - IT","og_description":"In un contesto sfidante come quello attuale, in cui i valori fondamentali del lavoro rischiano di essere messi in secondo piano, il Gruppo Hera ha deciso di ripartire dalle basi solide di quanto gi\u00e0 sviluppato dall\u2019azienda nel corso degli anni per far evolvere ulteriormente i suoi standard di riferimento e costruire nel tempo nuovi progetti [&hellip;]","og_url":"https:\/\/www.ceoforlifeawards.com\/it\/blog\/la-sostenibilita-parte-dalle-persone-hera-firma-con-i-sindacati-un-innovativo-patto-del-buon-lavoro\/","og_site_name":"CEOforLIFE - IT","article_published_time":"2024-09-17T15:52:45+00:00","article_modified_time":"2024-11-19T11:41:34+00:00","og_image":[{"width":2560,"height":1654,"url":"https:\/\/www.ceoforlifeawards.com\/it\/wp-content\/uploads\/sites\/3\/2024\/09\/Immagine1-3-scaled.jpg","type":"image\/jpeg"}],"twitter_card":"summary_large_image","twitter_misc":{"Scritto da":"d.digiuseppe@hrcigroup.com","Tempo di lettura stimato":"2 minuti"},"schema":{"@context":"https:\/\/schema.org","@graph":[{"@type":"WebSite","@id":"https:\/\/www.ceoforlifeawards.com\/it\/#website","url":"https:\/\/www.ceoforlifeawards.com\/it\/","name":"CEOforLIFE - IT","description":"","potentialAction":[{"@type":"SearchAction","target":{"@type":"EntryPoint","urlTemplate":"https:\/\/www.ceoforlifeawards.com\/it\/?s={search_term_string}"},"query-input":"required name=search_term_string"}],"inLanguage":"it-IT"},{"@type":"ImageObject","inLanguage":"it-IT","@id":"https:\/\/www.ceoforlifeawards.com\/it\/blog\/la-sostenibilita-parte-dalle-persone-hera-firma-con-i-sindacati-un-innovativo-patto-del-buon-lavoro\/#primaryimage","url":"https:\/\/www.ceoforlifeawards.com\/it\/wp-content\/uploads\/sites\/3\/2024\/09\/Immagine1-3-scaled.jpg","contentUrl":"https:\/\/www.ceoforlifeawards.com\/it\/wp-content\/uploads\/sites\/3\/2024\/09\/Immagine1-3-scaled.jpg","width":2560,"height":1654},{"@type":"WebPage","@id":"https:\/\/www.ceoforlifeawards.com\/it\/blog\/la-sostenibilita-parte-dalle-persone-hera-firma-con-i-sindacati-un-innovativo-patto-del-buon-lavoro\/#webpage","url":"https:\/\/www.ceoforlifeawards.com\/it\/blog\/la-sostenibilita-parte-dalle-persone-hera-firma-con-i-sindacati-un-innovativo-patto-del-buon-lavoro\/","name":"La sostenibilit\u00e0 parte dalle persone: Hera firma con i sindacati un innovativo Patto del Buon Lavoro - CEOforLIFE - IT","isPartOf":{"@id":"https:\/\/www.ceoforlifeawards.com\/it\/#website"},"primaryImageOfPage":{"@id":"https:\/\/www.ceoforlifeawards.com\/it\/blog\/la-sostenibilita-parte-dalle-persone-hera-firma-con-i-sindacati-un-innovativo-patto-del-buon-lavoro\/#primaryimage"},"datePublished":"2024-09-17T15:52:45+00:00","dateModified":"2024-11-19T11:41:34+00:00","author":{"@id":"https:\/\/www.ceoforlifeawards.com\/it\/#\/schema\/person\/9c2802d81c81cfba5c28677408d38d09"},"breadcrumb":{"@id":"https:\/\/www.ceoforlifeawards.com\/it\/blog\/la-sostenibilita-parte-dalle-persone-hera-firma-con-i-sindacati-un-innovativo-patto-del-buon-lavoro\/#breadcrumb"},"inLanguage":"it-IT","potentialAction":[{"@type":"ReadAction","target":["https:\/\/www.ceoforlifeawards.com\/it\/blog\/la-sostenibilita-parte-dalle-persone-hera-firma-con-i-sindacati-un-innovativo-patto-del-buon-lavoro\/"]}]},{"@type":"BreadcrumbList","@id":"https:\/\/www.ceoforlifeawards.com\/it\/blog\/la-sostenibilita-parte-dalle-persone-hera-firma-con-i-sindacati-un-innovativo-patto-del-buon-lavoro\/#breadcrumb","itemListElement":[{"@type":"ListItem","position":1,"name":"Home","item":"https:\/\/www.ceoforlifeawards.com\/it\/"},{"@type":"ListItem","position":2,"name":"La sostenibilit\u00e0 parte dalle persone: Hera firma con i sindacati un innovativo Patto del Buon Lavoro"}]},{"@type":"Person","@id":"https:\/\/www.ceoforlifeawards.com\/it\/#\/schema\/person\/9c2802d81c81cfba5c28677408d38d09","name":"d.digiuseppe@hrcigroup.com","image":{"@type":"ImageObject","inLanguage":"it-IT","@id":"https:\/\/www.ceoforlifeawards.com\/it\/#\/schema\/person\/image\/","url":"https:\/\/secure.gravatar.com\/avatar\/b464a83ee224f75bb37df0992d8d2b48?s=96&d=mm&r=g","contentUrl":"https:\/\/secure.gravatar.com\/avatar\/b464a83ee224f75bb37df0992d8d2b48?s=96&d=mm&r=g","caption":"d.digiuseppe@hrcigroup.com"},"url":"https:\/\/www.ceoforlifeawards.com\/it\/blog\/author\/d-digiuseppehrcigroup-com\/"}]}},"_links":{"self":[{"href":"https:\/\/www.ceoforlifeawards.com\/it\/wp-json\/wp\/v2\/posts\/52404"}],"collection":[{"href":"https:\/\/www.ceoforlifeawards.com\/it\/wp-json\/wp\/v2\/posts"}],"about":[{"href":"https:\/\/www.ceoforlifeawards.com\/it\/wp-json\/wp\/v2\/types\/post"}],"author":[{"embeddable":true,"href":"https:\/\/www.ceoforlifeawards.com\/it\/wp-json\/wp\/v2\/users\/6"}],"replies":[{"embeddable":true,"href":"https:\/\/www.ceoforlifeawards.com\/it\/wp-json\/wp\/v2\/comments?post=52404"}],"version-history":[{"count":2,"href":"https:\/\/www.ceoforlifeawards.com\/it\/wp-json\/wp\/v2\/posts\/52404\/revisions"}],"predecessor-version":[{"id":52407,"href":"https:\/\/www.ceoforlifeawards.com\/it\/wp-json\/wp\/v2\/posts\/52404\/revisions\/52407"}],"wp:featuredmedia":[{"embeddable":true,"href":"https:\/\/www.ceoforlifeawards.com\/it\/wp-json\/wp\/v2\/media\/52405"}],"wp:attachment":[{"href":"https:\/\/www.ceoforlifeawards.com\/it\/wp-json\/wp\/v2\/media?parent=52404"}],"wp:term":[{"taxonomy":"category","embeddable":true,"href":"https:\/\/www.ceoforlifeawards.com\/it\/wp-json\/wp\/v2\/categories?post=52404"},{"taxonomy":"post_tag","embeddable":true,"href":"https:\/\/www.ceoforlifeawards.com\/it\/wp-json\/wp\/v2\/tags?post=52404"}],"curies":[{"name":"wp","href":"https:\/\/api.w.org\/{rel}","templated":true}]}}