{"id":52514,"date":"2024-09-23T15:28:30","date_gmt":"2024-09-23T13:28:30","guid":{"rendered":"https:\/\/www.ceoforlifeawards.com\/it\/?p=52514"},"modified":"2024-09-23T15:28:30","modified_gmt":"2024-09-23T13:28:30","slug":"fujifilm-il-nuovo-laboratorio-di-endoscopia-sorge-nel-centro-direzionale-segreen","status":"publish","type":"post","link":"https:\/\/www.ceoforlifeawards.com\/it\/blog\/fujifilm-il-nuovo-laboratorio-di-endoscopia-sorge-nel-centro-direzionale-segreen\/","title":{"rendered":"Fujifilm, il nuovo laboratorio di endoscopia sorge nel centro direzionale Segreen"},"content":{"rendered":"<p>Fujifilm, gruppo tra i leader mondiali nell&#8217;innovazione tecnologica e attivo anche nel campo sanitario, trasferisce a partire da settembre\u00a0 il laboratorio di endoscopia (Workshop Endoscopy), nel Segreen Business Park, centro direzionale innovativo situato alle porte di Milano, di propriet\u00e0 di Europa Risorse SGR. Questo \u00e8 il primo passo di un nuovo percorso che porter\u00e0 al trasferimento presso Segreen di tutti i dipendenti del Gruppo Fujifilm presenti nell\u2019area milanese.<\/p>\n<p>Segreen Business Park occupa un&#8217;area di 55.000 metri quadrati nei pressi dell&#8217;idroscalo di Milano e dell&#8217;aeroporto di Linate e, dal 2011, ospita imprese, multinazionali, professionisti, talenti, idee e progetti ambiziosi. Il parco \u00e8 animato da oltre 22 aziende nazionali e internazionali e rappresenta un nuovo concetto di centro direzionale, all\u2019insegna dell\u2019innovazione e della sostenibilit\u00e0. \u00c8 composto infatti da rigogliose aree verdi, con numerosi spazi dedicati al work-life balance della community e office building sostenibili e all\u2019avanguardia. Un modello di business park di grande attualit\u00e0 con un grande focus sui servizi offerti, che oggi attira l\u2019attenzione e le preferenze anche di diversi gruppi multinazionali che decidono di scegliere Segreen come sede per le proprie branch italiane, come nel caso appunto di Fujifilm.<\/p>\n<p><em>\u201cSiamo molto soddisfatti della scelta di trasferire progressivamente i nostri uffici dell\u2019area milanese presso il Segreen Business Park<\/em> \u2013 ha dichiarato <strong>Fabio Santambrogio, Corporate General Manager di FUJIFILM Italia<\/strong> -. <em>Come parte del Gruppo Fujifilm perseguiamo l\u2019obiettivo di favorire il miglioramento della qualit\u00e0 della vita delle persone in tutto il mondo, senza mai smettere di innovare. Pertanto, condividiamo con Segreen i valori dell\u2019innovazione, della sostenibilit\u00e0 e del well-being. Siamo felici di trasferire i nostri uffici in spazi sostenibili e all\u2019avanguardia insieme ad una community di professionisti provenienti da aziende nazionali e multinazionali con cui poter creare sinergie di business capaci di sviluppare nuovi asset e opportunit\u00e0, oltre che incrementare i livelli di work-life balance\u201d.<\/em><\/p>\n","protected":false},"excerpt":{"rendered":"<p>Fujifilm, gruppo tra i leader mondiali nell&#8217;innovazione tecnologica e attivo anche nel campo sanitario, trasferisce a partire da settembre\u00a0 il laboratorio di endoscopia (Workshop Endoscopy), nel Segreen Business Park, centro direzionale innovativo situato alle porte di Milano, di propriet\u00e0 di Europa Risorse SGR. Questo \u00e8 il primo passo di un nuovo percorso che porter\u00e0 al [&hellip;]<\/p>\n","protected":false},"author":6,"featured_media":52515,"comment_status":"closed","ping_status":"closed","sticky":false,"template":"","format":"standard","meta":[],"categories":[193,96,95],"tags":[108],"yoast_head":"<!-- This site is optimized with the Yoast SEO plugin v18.7 - https:\/\/yoast.com\/wordpress\/plugins\/seo\/ -->\n<title>Fujifilm, il nuovo laboratorio di endoscopia sorge nel centro direzionale Segreen - CEOforLIFE - IT<\/title>\n<meta name=\"description\" content=\"Fujifilm trasferisce a partire da settembre\u00a0 il laboratorio di endoscopia (Workshop Endoscopy), nel Segreen Business Park\" \/>\n<meta name=\"robots\" content=\"index, follow, max-snippet:-1, max-image-preview:large, max-video-preview:-1\" \/>\n<link rel=\"canonical\" href=\"https:\/\/www.ceoforlifeawards.com\/it\/blog\/fujifilm-il-nuovo-laboratorio-di-endoscopia-sorge-nel-centro-direzionale-segreen\/\" \/>\n<meta property=\"og:locale\" content=\"it_IT\" \/>\n<meta property=\"og:type\" content=\"article\" \/>\n<meta property=\"og:title\" content=\"Fujifilm, il nuovo laboratorio di endoscopia sorge nel centro direzionale Segreen - CEOforLIFE - IT\" \/>\n<meta property=\"og:description\" content=\"Fujifilm trasferisce a partire da settembre\u00a0 il laboratorio di endoscopia (Workshop Endoscopy), nel Segreen Business Park\" \/>\n<meta property=\"og:url\" content=\"https:\/\/www.ceoforlifeawards.com\/it\/blog\/fujifilm-il-nuovo-laboratorio-di-endoscopia-sorge-nel-centro-direzionale-segreen\/\" \/>\n<meta property=\"og:site_name\" content=\"CEOforLIFE - IT\" \/>\n<meta property=\"article:published_time\" content=\"2024-09-23T13:28:30+00:00\" \/>\n<meta property=\"og:image\" content=\"https:\/\/www.ceoforlifeawards.com\/it\/wp-content\/uploads\/sites\/3\/2024\/09\/Immagine1-6-scaled.jpg\" \/>\n\t<meta property=\"og:image:width\" content=\"2560\" \/>\n\t<meta property=\"og:image:height\" content=\"1654\" \/>\n\t<meta property=\"og:image:type\" content=\"image\/jpeg\" \/>\n<meta name=\"twitter:card\" content=\"summary_large_image\" \/>\n<meta name=\"twitter:label1\" content=\"Scritto da\" \/>\n\t<meta name=\"twitter:data1\" content=\"d.digiuseppe@hrcigroup.com\" \/>\n\t<meta name=\"twitter:label2\" content=\"Tempo di lettura stimato\" \/>\n\t<meta name=\"twitter:data2\" content=\"2 minuti\" \/>\n<script type=\"application\/ld+json\" class=\"yoast-schema-graph\">{\"@context\":\"https:\/\/schema.org\",\"@graph\":[{\"@type\":\"WebSite\",\"@id\":\"https:\/\/www.ceoforlifeawards.com\/it\/#website\",\"url\":\"https:\/\/www.ceoforlifeawards.com\/it\/\",\"name\":\"CEOforLIFE - IT\",\"description\":\"\",\"potentialAction\":[{\"@type\":\"SearchAction\",\"target\":{\"@type\":\"EntryPoint\",\"urlTemplate\":\"https:\/\/www.ceoforlifeawards.com\/it\/?s={search_term_string}\"},\"query-input\":\"required name=search_term_string\"}],\"inLanguage\":\"it-IT\"},{\"@type\":\"ImageObject\",\"inLanguage\":\"it-IT\",\"@id\":\"https:\/\/www.ceoforlifeawards.com\/it\/blog\/fujifilm-il-nuovo-laboratorio-di-endoscopia-sorge-nel-centro-direzionale-segreen\/#primaryimage\",\"url\":\"https:\/\/www.ceoforlifeawards.com\/it\/wp-content\/uploads\/sites\/3\/2024\/09\/Immagine1-6-scaled.jpg\",\"contentUrl\":\"https:\/\/www.ceoforlifeawards.com\/it\/wp-content\/uploads\/sites\/3\/2024\/09\/Immagine1-6-scaled.jpg\",\"width\":2560,\"height\":1654},{\"@type\":\"WebPage\",\"@id\":\"https:\/\/www.ceoforlifeawards.com\/it\/blog\/fujifilm-il-nuovo-laboratorio-di-endoscopia-sorge-nel-centro-direzionale-segreen\/#webpage\",\"url\":\"https:\/\/www.ceoforlifeawards.com\/it\/blog\/fujifilm-il-nuovo-laboratorio-di-endoscopia-sorge-nel-centro-direzionale-segreen\/\",\"name\":\"Fujifilm, il nuovo laboratorio di endoscopia sorge nel centro direzionale Segreen - CEOforLIFE - IT\",\"isPartOf\":{\"@id\":\"https:\/\/www.ceoforlifeawards.com\/it\/#website\"},\"primaryImageOfPage\":{\"@id\":\"https:\/\/www.ceoforlifeawards.com\/it\/blog\/fujifilm-il-nuovo-laboratorio-di-endoscopia-sorge-nel-centro-direzionale-segreen\/#primaryimage\"},\"datePublished\":\"2024-09-23T13:28:30+00:00\",\"dateModified\":\"2024-09-23T13:28:30+00:00\",\"author\":{\"@id\":\"https:\/\/www.ceoforlifeawards.com\/it\/#\/schema\/person\/9c2802d81c81cfba5c28677408d38d09\"},\"description\":\"Fujifilm trasferisce a partire da settembre\u00a0 il laboratorio di endoscopia (Workshop Endoscopy), nel Segreen Business Park\",\"breadcrumb\":{\"@id\":\"https:\/\/www.ceoforlifeawards.com\/it\/blog\/fujifilm-il-nuovo-laboratorio-di-endoscopia-sorge-nel-centro-direzionale-segreen\/#breadcrumb\"},\"inLanguage\":\"it-IT\",\"potentialAction\":[{\"@type\":\"ReadAction\",\"target\":[\"https:\/\/www.ceoforlifeawards.com\/it\/blog\/fujifilm-il-nuovo-laboratorio-di-endoscopia-sorge-nel-centro-direzionale-segreen\/\"]}]},{\"@type\":\"BreadcrumbList\",\"@id\":\"https:\/\/www.ceoforlifeawards.com\/it\/blog\/fujifilm-il-nuovo-laboratorio-di-endoscopia-sorge-nel-centro-direzionale-segreen\/#breadcrumb\",\"itemListElement\":[{\"@type\":\"ListItem\",\"position\":1,\"name\":\"Home\",\"item\":\"https:\/\/www.ceoforlifeawards.com\/it\/\"},{\"@type\":\"ListItem\",\"position\":2,\"name\":\"Fujifilm, il nuovo laboratorio di endoscopia sorge nel centro direzionale Segreen\"}]},{\"@type\":\"Person\",\"@id\":\"https:\/\/www.ceoforlifeawards.com\/it\/#\/schema\/person\/9c2802d81c81cfba5c28677408d38d09\",\"name\":\"d.digiuseppe@hrcigroup.com\",\"image\":{\"@type\":\"ImageObject\",\"inLanguage\":\"it-IT\",\"@id\":\"https:\/\/www.ceoforlifeawards.com\/it\/#\/schema\/person\/image\/\",\"url\":\"https:\/\/secure.gravatar.com\/avatar\/b464a83ee224f75bb37df0992d8d2b48?s=96&d=mm&r=g\",\"contentUrl\":\"https:\/\/secure.gravatar.com\/avatar\/b464a83ee224f75bb37df0992d8d2b48?s=96&d=mm&r=g\",\"caption\":\"d.digiuseppe@hrcigroup.com\"},\"url\":\"https:\/\/www.ceoforlifeawards.com\/it\/blog\/author\/d-digiuseppehrcigroup-com\/\"}]}<\/script>\n<!-- \/ Yoast SEO plugin. -->","yoast_head_json":{"title":"Fujifilm, il nuovo laboratorio di endoscopia sorge nel centro direzionale Segreen - CEOforLIFE - IT","description":"Fujifilm trasferisce a partire da settembre\u00a0 il laboratorio di endoscopia (Workshop Endoscopy), nel Segreen Business Park","robots":{"index":"index","follow":"follow","max-snippet":"max-snippet:-1","max-image-preview":"max-image-preview:large","max-video-preview":"max-video-preview:-1"},"canonical":"https:\/\/www.ceoforlifeawards.com\/it\/blog\/fujifilm-il-nuovo-laboratorio-di-endoscopia-sorge-nel-centro-direzionale-segreen\/","og_locale":"it_IT","og_type":"article","og_title":"Fujifilm, il nuovo laboratorio di endoscopia sorge nel centro direzionale Segreen - CEOforLIFE - IT","og_description":"Fujifilm trasferisce a partire da settembre\u00a0 il laboratorio di endoscopia (Workshop Endoscopy), nel Segreen Business Park","og_url":"https:\/\/www.ceoforlifeawards.com\/it\/blog\/fujifilm-il-nuovo-laboratorio-di-endoscopia-sorge-nel-centro-direzionale-segreen\/","og_site_name":"CEOforLIFE - IT","article_published_time":"2024-09-23T13:28:30+00:00","og_image":[{"width":2560,"height":1654,"url":"https:\/\/www.ceoforlifeawards.com\/it\/wp-content\/uploads\/sites\/3\/2024\/09\/Immagine1-6-scaled.jpg","type":"image\/jpeg"}],"twitter_card":"summary_large_image","twitter_misc":{"Scritto da":"d.digiuseppe@hrcigroup.com","Tempo di lettura stimato":"2 minuti"},"schema":{"@context":"https:\/\/schema.org","@graph":[{"@type":"WebSite","@id":"https:\/\/www.ceoforlifeawards.com\/it\/#website","url":"https:\/\/www.ceoforlifeawards.com\/it\/","name":"CEOforLIFE - IT","description":"","potentialAction":[{"@type":"SearchAction","target":{"@type":"EntryPoint","urlTemplate":"https:\/\/www.ceoforlifeawards.com\/it\/?s={search_term_string}"},"query-input":"required name=search_term_string"}],"inLanguage":"it-IT"},{"@type":"ImageObject","inLanguage":"it-IT","@id":"https:\/\/www.ceoforlifeawards.com\/it\/blog\/fujifilm-il-nuovo-laboratorio-di-endoscopia-sorge-nel-centro-direzionale-segreen\/#primaryimage","url":"https:\/\/www.ceoforlifeawards.com\/it\/wp-content\/uploads\/sites\/3\/2024\/09\/Immagine1-6-scaled.jpg","contentUrl":"https:\/\/www.ceoforlifeawards.com\/it\/wp-content\/uploads\/sites\/3\/2024\/09\/Immagine1-6-scaled.jpg","width":2560,"height":1654},{"@type":"WebPage","@id":"https:\/\/www.ceoforlifeawards.com\/it\/blog\/fujifilm-il-nuovo-laboratorio-di-endoscopia-sorge-nel-centro-direzionale-segreen\/#webpage","url":"https:\/\/www.ceoforlifeawards.com\/it\/blog\/fujifilm-il-nuovo-laboratorio-di-endoscopia-sorge-nel-centro-direzionale-segreen\/","name":"Fujifilm, il nuovo laboratorio di endoscopia sorge nel centro direzionale Segreen - CEOforLIFE - IT","isPartOf":{"@id":"https:\/\/www.ceoforlifeawards.com\/it\/#website"},"primaryImageOfPage":{"@id":"https:\/\/www.ceoforlifeawards.com\/it\/blog\/fujifilm-il-nuovo-laboratorio-di-endoscopia-sorge-nel-centro-direzionale-segreen\/#primaryimage"},"datePublished":"2024-09-23T13:28:30+00:00","dateModified":"2024-09-23T13:28:30+00:00","author":{"@id":"https:\/\/www.ceoforlifeawards.com\/it\/#\/schema\/person\/9c2802d81c81cfba5c28677408d38d09"},"description":"Fujifilm trasferisce a partire da settembre\u00a0 il laboratorio di endoscopia (Workshop Endoscopy), nel Segreen Business Park","breadcrumb":{"@id":"https:\/\/www.ceoforlifeawards.com\/it\/blog\/fujifilm-il-nuovo-laboratorio-di-endoscopia-sorge-nel-centro-direzionale-segreen\/#breadcrumb"},"inLanguage":"it-IT","potentialAction":[{"@type":"ReadAction","target":["https:\/\/www.ceoforlifeawards.com\/it\/blog\/fujifilm-il-nuovo-laboratorio-di-endoscopia-sorge-nel-centro-direzionale-segreen\/"]}]},{"@type":"BreadcrumbList","@id":"https:\/\/www.ceoforlifeawards.com\/it\/blog\/fujifilm-il-nuovo-laboratorio-di-endoscopia-sorge-nel-centro-direzionale-segreen\/#breadcrumb","itemListElement":[{"@type":"ListItem","position":1,"name":"Home","item":"https:\/\/www.ceoforlifeawards.com\/it\/"},{"@type":"ListItem","position":2,"name":"Fujifilm, il nuovo laboratorio di endoscopia sorge nel centro direzionale Segreen"}]},{"@type":"Person","@id":"https:\/\/www.ceoforlifeawards.com\/it\/#\/schema\/person\/9c2802d81c81cfba5c28677408d38d09","name":"d.digiuseppe@hrcigroup.com","image":{"@type":"ImageObject","inLanguage":"it-IT","@id":"https:\/\/www.ceoforlifeawards.com\/it\/#\/schema\/person\/image\/","url":"https:\/\/secure.gravatar.com\/avatar\/b464a83ee224f75bb37df0992d8d2b48?s=96&d=mm&r=g","contentUrl":"https:\/\/secure.gravatar.com\/avatar\/b464a83ee224f75bb37df0992d8d2b48?s=96&d=mm&r=g","caption":"d.digiuseppe@hrcigroup.com"},"url":"https:\/\/www.ceoforlifeawards.com\/it\/blog\/author\/d-digiuseppehrcigroup-com\/"}]}},"_links":{"self":[{"href":"https:\/\/www.ceoforlifeawards.com\/it\/wp-json\/wp\/v2\/posts\/52514"}],"collection":[{"href":"https:\/\/www.ceoforlifeawards.com\/it\/wp-json\/wp\/v2\/posts"}],"about":[{"href":"https:\/\/www.ceoforlifeawards.com\/it\/wp-json\/wp\/v2\/types\/post"}],"author":[{"embeddable":true,"href":"https:\/\/www.ceoforlifeawards.com\/it\/wp-json\/wp\/v2\/users\/6"}],"replies":[{"embeddable":true,"href":"https:\/\/www.ceoforlifeawards.com\/it\/wp-json\/wp\/v2\/comments?post=52514"}],"version-history":[{"count":1,"href":"https:\/\/www.ceoforlifeawards.com\/it\/wp-json\/wp\/v2\/posts\/52514\/revisions"}],"predecessor-version":[{"id":52516,"href":"https:\/\/www.ceoforlifeawards.com\/it\/wp-json\/wp\/v2\/posts\/52514\/revisions\/52516"}],"wp:featuredmedia":[{"embeddable":true,"href":"https:\/\/www.ceoforlifeawards.com\/it\/wp-json\/wp\/v2\/media\/52515"}],"wp:attachment":[{"href":"https:\/\/www.ceoforlifeawards.com\/it\/wp-json\/wp\/v2\/media?parent=52514"}],"wp:term":[{"taxonomy":"category","embeddable":true,"href":"https:\/\/www.ceoforlifeawards.com\/it\/wp-json\/wp\/v2\/categories?post=52514"},{"taxonomy":"post_tag","embeddable":true,"href":"https:\/\/www.ceoforlifeawards.com\/it\/wp-json\/wp\/v2\/tags?post=52514"}],"curies":[{"name":"wp","href":"https:\/\/api.w.org\/{rel}","templated":true}]}}