{"id":55571,"date":"2025-03-18T17:28:11","date_gmt":"2025-03-18T16:28:11","guid":{"rendered":"https:\/\/www.ceoforlifeawards.com\/it\/?p=55571"},"modified":"2025-03-18T17:28:11","modified_gmt":"2025-03-18T16:28:11","slug":"da-valencia-a-bologna-in-bicicletta-coop-al-fianco-della-sostenibilita","status":"publish","type":"post","link":"https:\/\/www.ceoforlifeawards.com\/it\/blog\/da-valencia-a-bologna-in-bicicletta-coop-al-fianco-della-sostenibilita\/","title":{"rendered":"Da Valencia a Bologna in bicicletta: Coop al fianco della sostenibilit\u00e0"},"content":{"rendered":"<p>Un viaggio lungo 1.400 chilometri e un messaggio chiaro di rispetto per l\u2019ambiente \u00e8 quello di Silvia Gottardi, ex cestista professionista, che, per la giornata del risparmio energetico promossa da Rai Radio2, lo scorso 16 febbraio \u00e8 partita da Valencia in direzione Bologna. Pedalando, Silvia ha fatto tappa nei negozi Coop, che, per il ventesimo anno consecutivo, \u00e8 partner attivo dell\u2019iniziativa promossa da Rai Radio2.<\/p>\n<p>\u2018M\u2019illumino di meno\u2019 &#8211; questo il nome dato all\u2019iniziativa &#8211; \u00e8 un\u2019avventura all\u2019insegna della sostenibilit\u00e0 e del consumo responsabile, che ha trovato nelle tappe presso i punti vendita Coop un punto di riferimento fondamentale. In ogni sosta, Silvia ha avuto l\u2019opportunit\u00e0 di raccontare la sua esperienza, incontrando dipendenti, soci e clienti, testimoniando cos\u00ec la centralit\u00e0 dei valori che Coop promuove da sempre: il rispetto per l\u2019ambiente, la mobilit\u00e0 dolce, la riduzione dell\u2019impatto ambientale.<\/p>\n<p>Il viaggio \u00e8 stato un\u2019occasione per mettere in luce le azioni concrete che Coop ha gi\u00e0 adottato in tema di sostenibilit\u00e0. Dalla riduzione dei consumi energetici con l\u2019illuminazione a LED in oltre 570 punti vendita, al crescente numero di impianti fotovoltaici installati &#8211; ben 280 -, fino alla promozione di modelli di consumo pi\u00f9 consapevoli e rispettosi delle risorse del pianeta. Il 16 febbraio, come da tradizione, Coop ha spento le luci nei suoi negozi aderendo simbolicamente alla campagna &#8220;M&#8217;illumino di meno&#8221;, ma il suo impegno va ben oltre un gesto simbolico: si tratta di un percorso costante verso una gestione pi\u00f9 efficiente e responsabile dell\u2019energia e delle risorse.<\/p>\n","protected":false},"excerpt":{"rendered":"<p>Un viaggio lungo 1.400 chilometri e un messaggio chiaro di rispetto per l\u2019ambiente \u00e8 quello di Silvia Gottardi, ex cestista professionista, che, per la giornata del risparmio energetico promossa da Rai Radio2, lo scorso 16 febbraio \u00e8 partita da Valencia in direzione Bologna. Pedalando, Silvia ha fatto tappa nei negozi Coop, che, per il ventesimo [&hellip;]<\/p>\n","protected":false},"author":6,"featured_media":55574,"comment_status":"closed","ping_status":"closed","sticky":false,"template":"","format":"standard","meta":[],"categories":[96,95],"tags":[108],"yoast_head":"<!-- This site is optimized with the Yoast SEO plugin v18.7 - https:\/\/yoast.com\/wordpress\/plugins\/seo\/ -->\n<title>Da Valencia a Bologna in bicicletta: Coop al fianco della sostenibilit\u00e0 - CEOforLIFE - IT<\/title>\n<meta name=\"robots\" content=\"index, follow, max-snippet:-1, max-image-preview:large, max-video-preview:-1\" \/>\n<link rel=\"canonical\" href=\"https:\/\/www.ceoforlifeawards.com\/it\/blog\/da-valencia-a-bologna-in-bicicletta-coop-al-fianco-della-sostenibilita\/\" \/>\n<meta property=\"og:locale\" content=\"it_IT\" \/>\n<meta property=\"og:type\" content=\"article\" \/>\n<meta property=\"og:title\" content=\"Da Valencia a Bologna in bicicletta: Coop al fianco della sostenibilit\u00e0 - CEOforLIFE - IT\" \/>\n<meta property=\"og:description\" content=\"Un viaggio lungo 1.400 chilometri e un messaggio chiaro di rispetto per l\u2019ambiente \u00e8 quello di Silvia Gottardi, ex cestista professionista, che, per la giornata del risparmio energetico promossa da Rai Radio2, lo scorso 16 febbraio \u00e8 partita da Valencia in direzione Bologna. Pedalando, Silvia ha fatto tappa nei negozi Coop, che, per il ventesimo [&hellip;]\" \/>\n<meta property=\"og:url\" content=\"https:\/\/www.ceoforlifeawards.com\/it\/blog\/da-valencia-a-bologna-in-bicicletta-coop-al-fianco-della-sostenibilita\/\" \/>\n<meta property=\"og:site_name\" content=\"CEOforLIFE - IT\" \/>\n<meta property=\"article:published_time\" content=\"2025-03-18T16:28:11+00:00\" \/>\n<meta property=\"og:image\" content=\"https:\/\/www.ceoforlifeawards.com\/it\/wp-content\/uploads\/sites\/3\/2025\/03\/Immagine7-1-scaled.jpg\" \/>\n\t<meta property=\"og:image:width\" content=\"2560\" \/>\n\t<meta property=\"og:image:height\" content=\"1654\" \/>\n\t<meta property=\"og:image:type\" content=\"image\/jpeg\" \/>\n<meta name=\"twitter:card\" content=\"summary_large_image\" \/>\n<meta name=\"twitter:label1\" content=\"Scritto da\" \/>\n\t<meta name=\"twitter:data1\" content=\"d.digiuseppe@hrcigroup.com\" \/>\n\t<meta name=\"twitter:label2\" content=\"Tempo di lettura stimato\" \/>\n\t<meta name=\"twitter:data2\" content=\"2 minuti\" \/>\n<script type=\"application\/ld+json\" class=\"yoast-schema-graph\">{\"@context\":\"https:\/\/schema.org\",\"@graph\":[{\"@type\":\"WebSite\",\"@id\":\"https:\/\/www.ceoforlifeawards.com\/it\/#website\",\"url\":\"https:\/\/www.ceoforlifeawards.com\/it\/\",\"name\":\"CEOforLIFE - IT\",\"description\":\"\",\"potentialAction\":[{\"@type\":\"SearchAction\",\"target\":{\"@type\":\"EntryPoint\",\"urlTemplate\":\"https:\/\/www.ceoforlifeawards.com\/it\/?s={search_term_string}\"},\"query-input\":\"required name=search_term_string\"}],\"inLanguage\":\"it-IT\"},{\"@type\":\"ImageObject\",\"inLanguage\":\"it-IT\",\"@id\":\"https:\/\/www.ceoforlifeawards.com\/it\/blog\/da-valencia-a-bologna-in-bicicletta-coop-al-fianco-della-sostenibilita\/#primaryimage\",\"url\":\"https:\/\/www.ceoforlifeawards.com\/it\/wp-content\/uploads\/sites\/3\/2025\/03\/Immagine7-1-scaled.jpg\",\"contentUrl\":\"https:\/\/www.ceoforlifeawards.com\/it\/wp-content\/uploads\/sites\/3\/2025\/03\/Immagine7-1-scaled.jpg\",\"width\":2560,\"height\":1654},{\"@type\":\"WebPage\",\"@id\":\"https:\/\/www.ceoforlifeawards.com\/it\/blog\/da-valencia-a-bologna-in-bicicletta-coop-al-fianco-della-sostenibilita\/#webpage\",\"url\":\"https:\/\/www.ceoforlifeawards.com\/it\/blog\/da-valencia-a-bologna-in-bicicletta-coop-al-fianco-della-sostenibilita\/\",\"name\":\"Da Valencia a Bologna in bicicletta: Coop al fianco della sostenibilit\u00e0 - CEOforLIFE - IT\",\"isPartOf\":{\"@id\":\"https:\/\/www.ceoforlifeawards.com\/it\/#website\"},\"primaryImageOfPage\":{\"@id\":\"https:\/\/www.ceoforlifeawards.com\/it\/blog\/da-valencia-a-bologna-in-bicicletta-coop-al-fianco-della-sostenibilita\/#primaryimage\"},\"datePublished\":\"2025-03-18T16:28:11+00:00\",\"dateModified\":\"2025-03-18T16:28:11+00:00\",\"author\":{\"@id\":\"https:\/\/www.ceoforlifeawards.com\/it\/#\/schema\/person\/9c2802d81c81cfba5c28677408d38d09\"},\"breadcrumb\":{\"@id\":\"https:\/\/www.ceoforlifeawards.com\/it\/blog\/da-valencia-a-bologna-in-bicicletta-coop-al-fianco-della-sostenibilita\/#breadcrumb\"},\"inLanguage\":\"it-IT\",\"potentialAction\":[{\"@type\":\"ReadAction\",\"target\":[\"https:\/\/www.ceoforlifeawards.com\/it\/blog\/da-valencia-a-bologna-in-bicicletta-coop-al-fianco-della-sostenibilita\/\"]}]},{\"@type\":\"BreadcrumbList\",\"@id\":\"https:\/\/www.ceoforlifeawards.com\/it\/blog\/da-valencia-a-bologna-in-bicicletta-coop-al-fianco-della-sostenibilita\/#breadcrumb\",\"itemListElement\":[{\"@type\":\"ListItem\",\"position\":1,\"name\":\"Home\",\"item\":\"https:\/\/www.ceoforlifeawards.com\/it\/\"},{\"@type\":\"ListItem\",\"position\":2,\"name\":\"Da Valencia a Bologna in bicicletta: Coop al fianco della sostenibilit\u00e0\"}]},{\"@type\":\"Person\",\"@id\":\"https:\/\/www.ceoforlifeawards.com\/it\/#\/schema\/person\/9c2802d81c81cfba5c28677408d38d09\",\"name\":\"d.digiuseppe@hrcigroup.com\",\"image\":{\"@type\":\"ImageObject\",\"inLanguage\":\"it-IT\",\"@id\":\"https:\/\/www.ceoforlifeawards.com\/it\/#\/schema\/person\/image\/\",\"url\":\"https:\/\/secure.gravatar.com\/avatar\/b464a83ee224f75bb37df0992d8d2b48?s=96&d=mm&r=g\",\"contentUrl\":\"https:\/\/secure.gravatar.com\/avatar\/b464a83ee224f75bb37df0992d8d2b48?s=96&d=mm&r=g\",\"caption\":\"d.digiuseppe@hrcigroup.com\"},\"url\":\"https:\/\/www.ceoforlifeawards.com\/it\/blog\/author\/d-digiuseppehrcigroup-com\/\"}]}<\/script>\n<!-- \/ Yoast SEO plugin. -->","yoast_head_json":{"title":"Da Valencia a Bologna in bicicletta: Coop al fianco della sostenibilit\u00e0 - CEOforLIFE - IT","robots":{"index":"index","follow":"follow","max-snippet":"max-snippet:-1","max-image-preview":"max-image-preview:large","max-video-preview":"max-video-preview:-1"},"canonical":"https:\/\/www.ceoforlifeawards.com\/it\/blog\/da-valencia-a-bologna-in-bicicletta-coop-al-fianco-della-sostenibilita\/","og_locale":"it_IT","og_type":"article","og_title":"Da Valencia a Bologna in bicicletta: Coop al fianco della sostenibilit\u00e0 - CEOforLIFE - IT","og_description":"Un viaggio lungo 1.400 chilometri e un messaggio chiaro di rispetto per l\u2019ambiente \u00e8 quello di Silvia Gottardi, ex cestista professionista, che, per la giornata del risparmio energetico promossa da Rai Radio2, lo scorso 16 febbraio \u00e8 partita da Valencia in direzione Bologna. Pedalando, Silvia ha fatto tappa nei negozi Coop, che, per il ventesimo [&hellip;]","og_url":"https:\/\/www.ceoforlifeawards.com\/it\/blog\/da-valencia-a-bologna-in-bicicletta-coop-al-fianco-della-sostenibilita\/","og_site_name":"CEOforLIFE - IT","article_published_time":"2025-03-18T16:28:11+00:00","og_image":[{"width":2560,"height":1654,"url":"https:\/\/www.ceoforlifeawards.com\/it\/wp-content\/uploads\/sites\/3\/2025\/03\/Immagine7-1-scaled.jpg","type":"image\/jpeg"}],"twitter_card":"summary_large_image","twitter_misc":{"Scritto da":"d.digiuseppe@hrcigroup.com","Tempo di lettura stimato":"2 minuti"},"schema":{"@context":"https:\/\/schema.org","@graph":[{"@type":"WebSite","@id":"https:\/\/www.ceoforlifeawards.com\/it\/#website","url":"https:\/\/www.ceoforlifeawards.com\/it\/","name":"CEOforLIFE - IT","description":"","potentialAction":[{"@type":"SearchAction","target":{"@type":"EntryPoint","urlTemplate":"https:\/\/www.ceoforlifeawards.com\/it\/?s={search_term_string}"},"query-input":"required name=search_term_string"}],"inLanguage":"it-IT"},{"@type":"ImageObject","inLanguage":"it-IT","@id":"https:\/\/www.ceoforlifeawards.com\/it\/blog\/da-valencia-a-bologna-in-bicicletta-coop-al-fianco-della-sostenibilita\/#primaryimage","url":"https:\/\/www.ceoforlifeawards.com\/it\/wp-content\/uploads\/sites\/3\/2025\/03\/Immagine7-1-scaled.jpg","contentUrl":"https:\/\/www.ceoforlifeawards.com\/it\/wp-content\/uploads\/sites\/3\/2025\/03\/Immagine7-1-scaled.jpg","width":2560,"height":1654},{"@type":"WebPage","@id":"https:\/\/www.ceoforlifeawards.com\/it\/blog\/da-valencia-a-bologna-in-bicicletta-coop-al-fianco-della-sostenibilita\/#webpage","url":"https:\/\/www.ceoforlifeawards.com\/it\/blog\/da-valencia-a-bologna-in-bicicletta-coop-al-fianco-della-sostenibilita\/","name":"Da Valencia a Bologna in bicicletta: Coop al fianco della sostenibilit\u00e0 - CEOforLIFE - IT","isPartOf":{"@id":"https:\/\/www.ceoforlifeawards.com\/it\/#website"},"primaryImageOfPage":{"@id":"https:\/\/www.ceoforlifeawards.com\/it\/blog\/da-valencia-a-bologna-in-bicicletta-coop-al-fianco-della-sostenibilita\/#primaryimage"},"datePublished":"2025-03-18T16:28:11+00:00","dateModified":"2025-03-18T16:28:11+00:00","author":{"@id":"https:\/\/www.ceoforlifeawards.com\/it\/#\/schema\/person\/9c2802d81c81cfba5c28677408d38d09"},"breadcrumb":{"@id":"https:\/\/www.ceoforlifeawards.com\/it\/blog\/da-valencia-a-bologna-in-bicicletta-coop-al-fianco-della-sostenibilita\/#breadcrumb"},"inLanguage":"it-IT","potentialAction":[{"@type":"ReadAction","target":["https:\/\/www.ceoforlifeawards.com\/it\/blog\/da-valencia-a-bologna-in-bicicletta-coop-al-fianco-della-sostenibilita\/"]}]},{"@type":"BreadcrumbList","@id":"https:\/\/www.ceoforlifeawards.com\/it\/blog\/da-valencia-a-bologna-in-bicicletta-coop-al-fianco-della-sostenibilita\/#breadcrumb","itemListElement":[{"@type":"ListItem","position":1,"name":"Home","item":"https:\/\/www.ceoforlifeawards.com\/it\/"},{"@type":"ListItem","position":2,"name":"Da Valencia a Bologna in bicicletta: Coop al fianco della sostenibilit\u00e0"}]},{"@type":"Person","@id":"https:\/\/www.ceoforlifeawards.com\/it\/#\/schema\/person\/9c2802d81c81cfba5c28677408d38d09","name":"d.digiuseppe@hrcigroup.com","image":{"@type":"ImageObject","inLanguage":"it-IT","@id":"https:\/\/www.ceoforlifeawards.com\/it\/#\/schema\/person\/image\/","url":"https:\/\/secure.gravatar.com\/avatar\/b464a83ee224f75bb37df0992d8d2b48?s=96&d=mm&r=g","contentUrl":"https:\/\/secure.gravatar.com\/avatar\/b464a83ee224f75bb37df0992d8d2b48?s=96&d=mm&r=g","caption":"d.digiuseppe@hrcigroup.com"},"url":"https:\/\/www.ceoforlifeawards.com\/it\/blog\/author\/d-digiuseppehrcigroup-com\/"}]}},"_links":{"self":[{"href":"https:\/\/www.ceoforlifeawards.com\/it\/wp-json\/wp\/v2\/posts\/55571"}],"collection":[{"href":"https:\/\/www.ceoforlifeawards.com\/it\/wp-json\/wp\/v2\/posts"}],"about":[{"href":"https:\/\/www.ceoforlifeawards.com\/it\/wp-json\/wp\/v2\/types\/post"}],"author":[{"embeddable":true,"href":"https:\/\/www.ceoforlifeawards.com\/it\/wp-json\/wp\/v2\/users\/6"}],"replies":[{"embeddable":true,"href":"https:\/\/www.ceoforlifeawards.com\/it\/wp-json\/wp\/v2\/comments?post=55571"}],"version-history":[{"count":1,"href":"https:\/\/www.ceoforlifeawards.com\/it\/wp-json\/wp\/v2\/posts\/55571\/revisions"}],"predecessor-version":[{"id":55573,"href":"https:\/\/www.ceoforlifeawards.com\/it\/wp-json\/wp\/v2\/posts\/55571\/revisions\/55573"}],"wp:featuredmedia":[{"embeddable":true,"href":"https:\/\/www.ceoforlifeawards.com\/it\/wp-json\/wp\/v2\/media\/55574"}],"wp:attachment":[{"href":"https:\/\/www.ceoforlifeawards.com\/it\/wp-json\/wp\/v2\/media?parent=55571"}],"wp:term":[{"taxonomy":"category","embeddable":true,"href":"https:\/\/www.ceoforlifeawards.com\/it\/wp-json\/wp\/v2\/categories?post=55571"},{"taxonomy":"post_tag","embeddable":true,"href":"https:\/\/www.ceoforlifeawards.com\/it\/wp-json\/wp\/v2\/tags?post=55571"}],"curies":[{"name":"wp","href":"https:\/\/api.w.org\/{rel}","templated":true}]}}