{"id":55578,"date":"2025-03-18T17:37:56","date_gmt":"2025-03-18T16:37:56","guid":{"rendered":"https:\/\/www.ceoforlifeawards.com\/it\/?p=55578"},"modified":"2025-03-18T17:37:56","modified_gmt":"2025-03-18T16:37:56","slug":"sanofi-al-via-la-campagna-sul-diabete-autoimmune-di-tipo-1","status":"publish","type":"post","link":"https:\/\/www.ceoforlifeawards.com\/it\/blog\/sanofi-al-via-la-campagna-sul-diabete-autoimmune-di-tipo-1\/","title":{"rendered":"Sanofi, al via la campagna sul diabete autoimmune di tipo 1"},"content":{"rendered":"<p>\u00c8 stata presentata lo scorso dicembre la campagna &#8220;Un Passo Avanti&#8221;, promossa da Sanofi per promuovere una corretta informazione sul diabete autoimmune di tipo 1, sfatare i falsi miti che ancora accompagnano questa patologia, insidiosa e molto meno conosciuta di quella di tipo 2, e sottolineare l\u2019importanza di una diagnosi precoce. L\u2019iniziativa invita a rendersi protagonisti di un movimento di consapevolezza e responsabilit\u00e0 affinch\u00e9 le complicanze associate al diabete di tipo 1 non compromettano pi\u00f9 la qualit\u00e0 di vita delle persone in modo irreversibile. Questa patologia autoimmune cronica, che colpisce circa 300.000 persone in Italia, rappresenta il 10% dei casi totali di diabete e pone sfide quotidiane sia ai malati che alle loro famiglie.<\/p>\n<p>Un elemento distintivo della campagna \u00e8 il <strong>progetto educativo<\/strong> rivolto agli alunni delle scuole primarie, avviato nelle quattro regioni pilota <strong>(Lombardia, Marche, Campania e Sardegna), <\/strong>dove \u00e8 gi\u00e0 attivo lo screening per il diabete di tipo 1 varato dalla Legge n. 130 del 15 settembre 2023. Coinvolge bambini, famiglie e insegnanti, sensibilizzando sulla possibilit\u00e0 e sull\u2019utilit\u00e0 dello screening per il diabete di tipo 1 (T1D), attraverso la storia coinvolgente di &#8220;<strong>Elio e il Giorno del Coraggio&#8221;<\/strong> che stimola i pi\u00f9 piccoli a superare le proprie paure e a comprendere l\u2019importanza della prevenzione. Una narrazione pensata per ispirare le nuove generazioni e favorire una maggiore consapevolezza.<\/p>\n","protected":false},"excerpt":{"rendered":"<p>\u00c8 stata presentata lo scorso dicembre la campagna &#8220;Un Passo Avanti&#8221;, promossa da Sanofi per promuovere una corretta informazione sul diabete autoimmune di tipo 1, sfatare i falsi miti che ancora accompagnano questa patologia, insidiosa e molto meno conosciuta di quella di tipo 2, e sottolineare l\u2019importanza di una diagnosi precoce. L\u2019iniziativa invita a rendersi [&hellip;]<\/p>\n","protected":false},"author":6,"featured_media":55579,"comment_status":"closed","ping_status":"closed","sticky":false,"template":"","format":"standard","meta":[],"categories":[170,96,95],"tags":[108],"yoast_head":"<!-- This site is optimized with the Yoast SEO plugin v18.7 - https:\/\/yoast.com\/wordpress\/plugins\/seo\/ -->\n<title>Sanofi, al via la campagna sul diabete autoimmune di tipo 1 - CEOforLIFE - IT<\/title>\n<meta name=\"robots\" content=\"index, follow, max-snippet:-1, max-image-preview:large, max-video-preview:-1\" \/>\n<link rel=\"canonical\" href=\"https:\/\/www.ceoforlifeawards.com\/it\/blog\/sanofi-al-via-la-campagna-sul-diabete-autoimmune-di-tipo-1\/\" \/>\n<meta property=\"og:locale\" content=\"it_IT\" \/>\n<meta property=\"og:type\" content=\"article\" \/>\n<meta property=\"og:title\" content=\"Sanofi, al via la campagna sul diabete autoimmune di tipo 1 - CEOforLIFE - IT\" \/>\n<meta property=\"og:description\" content=\"\u00c8 stata presentata lo scorso dicembre la campagna &#8220;Un Passo Avanti&#8221;, promossa da Sanofi per promuovere una corretta informazione sul diabete autoimmune di tipo 1, sfatare i falsi miti che ancora accompagnano questa patologia, insidiosa e molto meno conosciuta di quella di tipo 2, e sottolineare l\u2019importanza di una diagnosi precoce. L\u2019iniziativa invita a rendersi [&hellip;]\" \/>\n<meta property=\"og:url\" content=\"https:\/\/www.ceoforlifeawards.com\/it\/blog\/sanofi-al-via-la-campagna-sul-diabete-autoimmune-di-tipo-1\/\" \/>\n<meta property=\"og:site_name\" content=\"CEOforLIFE - IT\" \/>\n<meta property=\"article:published_time\" content=\"2025-03-18T16:37:56+00:00\" \/>\n<meta property=\"og:image\" content=\"https:\/\/www.ceoforlifeawards.com\/it\/wp-content\/uploads\/sites\/3\/2025\/03\/Immagine9-scaled.jpg\" \/>\n\t<meta property=\"og:image:width\" content=\"2560\" \/>\n\t<meta property=\"og:image:height\" content=\"1654\" \/>\n\t<meta property=\"og:image:type\" content=\"image\/jpeg\" \/>\n<meta name=\"twitter:card\" content=\"summary_large_image\" \/>\n<meta name=\"twitter:label1\" content=\"Scritto da\" \/>\n\t<meta name=\"twitter:data1\" content=\"d.digiuseppe@hrcigroup.com\" \/>\n\t<meta name=\"twitter:label2\" content=\"Tempo di lettura stimato\" \/>\n\t<meta name=\"twitter:data2\" content=\"1 minuto\" \/>\n<script type=\"application\/ld+json\" class=\"yoast-schema-graph\">{\"@context\":\"https:\/\/schema.org\",\"@graph\":[{\"@type\":\"WebSite\",\"@id\":\"https:\/\/www.ceoforlifeawards.com\/it\/#website\",\"url\":\"https:\/\/www.ceoforlifeawards.com\/it\/\",\"name\":\"CEOforLIFE - IT\",\"description\":\"\",\"potentialAction\":[{\"@type\":\"SearchAction\",\"target\":{\"@type\":\"EntryPoint\",\"urlTemplate\":\"https:\/\/www.ceoforlifeawards.com\/it\/?s={search_term_string}\"},\"query-input\":\"required name=search_term_string\"}],\"inLanguage\":\"it-IT\"},{\"@type\":\"ImageObject\",\"inLanguage\":\"it-IT\",\"@id\":\"https:\/\/www.ceoforlifeawards.com\/it\/blog\/sanofi-al-via-la-campagna-sul-diabete-autoimmune-di-tipo-1\/#primaryimage\",\"url\":\"https:\/\/www.ceoforlifeawards.com\/it\/wp-content\/uploads\/sites\/3\/2025\/03\/Immagine9-scaled.jpg\",\"contentUrl\":\"https:\/\/www.ceoforlifeawards.com\/it\/wp-content\/uploads\/sites\/3\/2025\/03\/Immagine9-scaled.jpg\",\"width\":2560,\"height\":1654},{\"@type\":\"WebPage\",\"@id\":\"https:\/\/www.ceoforlifeawards.com\/it\/blog\/sanofi-al-via-la-campagna-sul-diabete-autoimmune-di-tipo-1\/#webpage\",\"url\":\"https:\/\/www.ceoforlifeawards.com\/it\/blog\/sanofi-al-via-la-campagna-sul-diabete-autoimmune-di-tipo-1\/\",\"name\":\"Sanofi, al via la campagna sul diabete autoimmune di tipo 1 - CEOforLIFE - IT\",\"isPartOf\":{\"@id\":\"https:\/\/www.ceoforlifeawards.com\/it\/#website\"},\"primaryImageOfPage\":{\"@id\":\"https:\/\/www.ceoforlifeawards.com\/it\/blog\/sanofi-al-via-la-campagna-sul-diabete-autoimmune-di-tipo-1\/#primaryimage\"},\"datePublished\":\"2025-03-18T16:37:56+00:00\",\"dateModified\":\"2025-03-18T16:37:56+00:00\",\"author\":{\"@id\":\"https:\/\/www.ceoforlifeawards.com\/it\/#\/schema\/person\/9c2802d81c81cfba5c28677408d38d09\"},\"breadcrumb\":{\"@id\":\"https:\/\/www.ceoforlifeawards.com\/it\/blog\/sanofi-al-via-la-campagna-sul-diabete-autoimmune-di-tipo-1\/#breadcrumb\"},\"inLanguage\":\"it-IT\",\"potentialAction\":[{\"@type\":\"ReadAction\",\"target\":[\"https:\/\/www.ceoforlifeawards.com\/it\/blog\/sanofi-al-via-la-campagna-sul-diabete-autoimmune-di-tipo-1\/\"]}]},{\"@type\":\"BreadcrumbList\",\"@id\":\"https:\/\/www.ceoforlifeawards.com\/it\/blog\/sanofi-al-via-la-campagna-sul-diabete-autoimmune-di-tipo-1\/#breadcrumb\",\"itemListElement\":[{\"@type\":\"ListItem\",\"position\":1,\"name\":\"Home\",\"item\":\"https:\/\/www.ceoforlifeawards.com\/it\/\"},{\"@type\":\"ListItem\",\"position\":2,\"name\":\"Sanofi, al via la campagna sul diabete autoimmune di tipo 1\"}]},{\"@type\":\"Person\",\"@id\":\"https:\/\/www.ceoforlifeawards.com\/it\/#\/schema\/person\/9c2802d81c81cfba5c28677408d38d09\",\"name\":\"d.digiuseppe@hrcigroup.com\",\"image\":{\"@type\":\"ImageObject\",\"inLanguage\":\"it-IT\",\"@id\":\"https:\/\/www.ceoforlifeawards.com\/it\/#\/schema\/person\/image\/\",\"url\":\"https:\/\/secure.gravatar.com\/avatar\/b464a83ee224f75bb37df0992d8d2b48?s=96&d=mm&r=g\",\"contentUrl\":\"https:\/\/secure.gravatar.com\/avatar\/b464a83ee224f75bb37df0992d8d2b48?s=96&d=mm&r=g\",\"caption\":\"d.digiuseppe@hrcigroup.com\"},\"url\":\"https:\/\/www.ceoforlifeawards.com\/it\/blog\/author\/d-digiuseppehrcigroup-com\/\"}]}<\/script>\n<!-- \/ Yoast SEO plugin. -->","yoast_head_json":{"title":"Sanofi, al via la campagna sul diabete autoimmune di tipo 1 - CEOforLIFE - IT","robots":{"index":"index","follow":"follow","max-snippet":"max-snippet:-1","max-image-preview":"max-image-preview:large","max-video-preview":"max-video-preview:-1"},"canonical":"https:\/\/www.ceoforlifeawards.com\/it\/blog\/sanofi-al-via-la-campagna-sul-diabete-autoimmune-di-tipo-1\/","og_locale":"it_IT","og_type":"article","og_title":"Sanofi, al via la campagna sul diabete autoimmune di tipo 1 - CEOforLIFE - IT","og_description":"\u00c8 stata presentata lo scorso dicembre la campagna &#8220;Un Passo Avanti&#8221;, promossa da Sanofi per promuovere una corretta informazione sul diabete autoimmune di tipo 1, sfatare i falsi miti che ancora accompagnano questa patologia, insidiosa e molto meno conosciuta di quella di tipo 2, e sottolineare l\u2019importanza di una diagnosi precoce. L\u2019iniziativa invita a rendersi [&hellip;]","og_url":"https:\/\/www.ceoforlifeawards.com\/it\/blog\/sanofi-al-via-la-campagna-sul-diabete-autoimmune-di-tipo-1\/","og_site_name":"CEOforLIFE - IT","article_published_time":"2025-03-18T16:37:56+00:00","og_image":[{"width":2560,"height":1654,"url":"https:\/\/www.ceoforlifeawards.com\/it\/wp-content\/uploads\/sites\/3\/2025\/03\/Immagine9-scaled.jpg","type":"image\/jpeg"}],"twitter_card":"summary_large_image","twitter_misc":{"Scritto da":"d.digiuseppe@hrcigroup.com","Tempo di lettura stimato":"1 minuto"},"schema":{"@context":"https:\/\/schema.org","@graph":[{"@type":"WebSite","@id":"https:\/\/www.ceoforlifeawards.com\/it\/#website","url":"https:\/\/www.ceoforlifeawards.com\/it\/","name":"CEOforLIFE - IT","description":"","potentialAction":[{"@type":"SearchAction","target":{"@type":"EntryPoint","urlTemplate":"https:\/\/www.ceoforlifeawards.com\/it\/?s={search_term_string}"},"query-input":"required name=search_term_string"}],"inLanguage":"it-IT"},{"@type":"ImageObject","inLanguage":"it-IT","@id":"https:\/\/www.ceoforlifeawards.com\/it\/blog\/sanofi-al-via-la-campagna-sul-diabete-autoimmune-di-tipo-1\/#primaryimage","url":"https:\/\/www.ceoforlifeawards.com\/it\/wp-content\/uploads\/sites\/3\/2025\/03\/Immagine9-scaled.jpg","contentUrl":"https:\/\/www.ceoforlifeawards.com\/it\/wp-content\/uploads\/sites\/3\/2025\/03\/Immagine9-scaled.jpg","width":2560,"height":1654},{"@type":"WebPage","@id":"https:\/\/www.ceoforlifeawards.com\/it\/blog\/sanofi-al-via-la-campagna-sul-diabete-autoimmune-di-tipo-1\/#webpage","url":"https:\/\/www.ceoforlifeawards.com\/it\/blog\/sanofi-al-via-la-campagna-sul-diabete-autoimmune-di-tipo-1\/","name":"Sanofi, al via la campagna sul diabete autoimmune di tipo 1 - CEOforLIFE - IT","isPartOf":{"@id":"https:\/\/www.ceoforlifeawards.com\/it\/#website"},"primaryImageOfPage":{"@id":"https:\/\/www.ceoforlifeawards.com\/it\/blog\/sanofi-al-via-la-campagna-sul-diabete-autoimmune-di-tipo-1\/#primaryimage"},"datePublished":"2025-03-18T16:37:56+00:00","dateModified":"2025-03-18T16:37:56+00:00","author":{"@id":"https:\/\/www.ceoforlifeawards.com\/it\/#\/schema\/person\/9c2802d81c81cfba5c28677408d38d09"},"breadcrumb":{"@id":"https:\/\/www.ceoforlifeawards.com\/it\/blog\/sanofi-al-via-la-campagna-sul-diabete-autoimmune-di-tipo-1\/#breadcrumb"},"inLanguage":"it-IT","potentialAction":[{"@type":"ReadAction","target":["https:\/\/www.ceoforlifeawards.com\/it\/blog\/sanofi-al-via-la-campagna-sul-diabete-autoimmune-di-tipo-1\/"]}]},{"@type":"BreadcrumbList","@id":"https:\/\/www.ceoforlifeawards.com\/it\/blog\/sanofi-al-via-la-campagna-sul-diabete-autoimmune-di-tipo-1\/#breadcrumb","itemListElement":[{"@type":"ListItem","position":1,"name":"Home","item":"https:\/\/www.ceoforlifeawards.com\/it\/"},{"@type":"ListItem","position":2,"name":"Sanofi, al via la campagna sul diabete autoimmune di tipo 1"}]},{"@type":"Person","@id":"https:\/\/www.ceoforlifeawards.com\/it\/#\/schema\/person\/9c2802d81c81cfba5c28677408d38d09","name":"d.digiuseppe@hrcigroup.com","image":{"@type":"ImageObject","inLanguage":"it-IT","@id":"https:\/\/www.ceoforlifeawards.com\/it\/#\/schema\/person\/image\/","url":"https:\/\/secure.gravatar.com\/avatar\/b464a83ee224f75bb37df0992d8d2b48?s=96&d=mm&r=g","contentUrl":"https:\/\/secure.gravatar.com\/avatar\/b464a83ee224f75bb37df0992d8d2b48?s=96&d=mm&r=g","caption":"d.digiuseppe@hrcigroup.com"},"url":"https:\/\/www.ceoforlifeawards.com\/it\/blog\/author\/d-digiuseppehrcigroup-com\/"}]}},"_links":{"self":[{"href":"https:\/\/www.ceoforlifeawards.com\/it\/wp-json\/wp\/v2\/posts\/55578"}],"collection":[{"href":"https:\/\/www.ceoforlifeawards.com\/it\/wp-json\/wp\/v2\/posts"}],"about":[{"href":"https:\/\/www.ceoforlifeawards.com\/it\/wp-json\/wp\/v2\/types\/post"}],"author":[{"embeddable":true,"href":"https:\/\/www.ceoforlifeawards.com\/it\/wp-json\/wp\/v2\/users\/6"}],"replies":[{"embeddable":true,"href":"https:\/\/www.ceoforlifeawards.com\/it\/wp-json\/wp\/v2\/comments?post=55578"}],"version-history":[{"count":1,"href":"https:\/\/www.ceoforlifeawards.com\/it\/wp-json\/wp\/v2\/posts\/55578\/revisions"}],"predecessor-version":[{"id":55580,"href":"https:\/\/www.ceoforlifeawards.com\/it\/wp-json\/wp\/v2\/posts\/55578\/revisions\/55580"}],"wp:featuredmedia":[{"embeddable":true,"href":"https:\/\/www.ceoforlifeawards.com\/it\/wp-json\/wp\/v2\/media\/55579"}],"wp:attachment":[{"href":"https:\/\/www.ceoforlifeawards.com\/it\/wp-json\/wp\/v2\/media?parent=55578"}],"wp:term":[{"taxonomy":"category","embeddable":true,"href":"https:\/\/www.ceoforlifeawards.com\/it\/wp-json\/wp\/v2\/categories?post=55578"},{"taxonomy":"post_tag","embeddable":true,"href":"https:\/\/www.ceoforlifeawards.com\/it\/wp-json\/wp\/v2\/tags?post=55578"}],"curies":[{"name":"wp","href":"https:\/\/api.w.org\/{rel}","templated":true}]}}