{"id":5701,"date":"2022-01-07T14:20:35","date_gmt":"2022-01-07T13:20:35","guid":{"rendered":"https:\/\/www.ceoforlifeawards.com\/it\/?p=5701"},"modified":"2022-01-07T14:20:35","modified_gmt":"2022-01-07T13:20:35","slug":"il-2022-e-lanno-internazionale-del-vetro-secondo-lonu","status":"publish","type":"post","link":"https:\/\/www.ceoforlifeawards.com\/it\/blog\/il-2022-e-lanno-internazionale-del-vetro-secondo-lonu\/","title":{"rendered":"Il 2022 \u00e8 l\u2019Anno Internazionale del Vetro secondo l\u2019ONU."},"content":{"rendered":"<h3 style=\"text-align: center\">L\u2019Assemblea Generale delle Nazioni Unite ha dichiarato il 2022 l\u2019Anno Internazionale del Vetro, con l\u2019obiettivo di dare risalto al ruolo che il vetro svolge all\u2019interno della nostra societ\u00e0 nell\u2019affrontare le sfide ambientali e tecnologiche e, soprattutto, per il raggiungimento dell\u2019obiettivo di una maggiore sostenibilit\u00e0.<\/h3>\n<p>Nel dettaglio, la risoluzione delle Nazioni Unite dichiara che \u201c<em>il 2022 sottolineer\u00e0 il ruolo tecnologico, scientifico, economico, ambientale, storico e artistico del vetro nella nostra societ\u00e0, mettendo in luce le ricche possibilit\u00e0 di sviluppo delle tecnologie e il loro potenziale contributo per affrontare le sfide dello sviluppo sostenibile e delle societ\u00e0 inclusive, raggiungere la ripresa economica mondiale e ricostruire meglio dall\u2019epidemia di coronavirus<\/em>\u201d.<\/p>\n<p>Gi\u00e0 nel corso del 2020 i dati avevano confermato la sostenibilit\u00e0 del vetro in quanto in Italia il riciclo del vetro aveva raggiunto il 79%, superando l\u2019obiettivo da raggiungere entro il 2030. L\u2019obiettivo \u00e8 raggiungere il 90% attraverso raccolta, trattamento e riciclo.<\/p>\n<p>Assovetro, l\u2019Associazione Nazionale degli industriali del vetro, ritiene che l\u2019Anno Internazionale del Vetro sia un\u2019ottima opportunit\u00e0 per la stessa industria del vetro e per la sua promozione, trattandosi di un materiale in grado di contribuire all\u2019adozione di modelli di consumo e di produzione pi\u00f9 sostenibili. In occasione dell\u2019Anno Internazionale del vetro, inoltre, l\u2019Associazione intende pianificare una serie di attivit\u00e0 e di iniziative da portare avanti nel corso di tutto il 2022.<\/p>\n","protected":false},"excerpt":{"rendered":"<p>L\u2019Assemblea Generale delle Nazioni Unite ha dichiarato il 2022 l\u2019Anno Internazionale del Vetro, con l\u2019obiettivo di dare risalto al ruolo che il vetro svolge all\u2019interno della nostra societ\u00e0 nell\u2019affrontare le sfide ambientali e tecnologiche e, soprattutto, per il raggiungimento dell\u2019obiettivo di una maggiore sostenibilit\u00e0. Nel dettaglio, la risoluzione delle Nazioni Unite dichiara che \u201cil 2022 [&hellip;]<\/p>\n","protected":false},"author":6,"featured_media":5702,"comment_status":"open","ping_status":"open","sticky":false,"template":"","format":"standard","meta":[],"categories":[1],"tags":[108],"yoast_head":"<!-- This site is optimized with the Yoast SEO plugin v18.7 - https:\/\/yoast.com\/wordpress\/plugins\/seo\/ -->\n<title>Il 2022 \u00e8 l\u2019Anno Internazionale del Vetro secondo l\u2019ONU. - CEOforLIFE - IT<\/title>\n<meta name=\"robots\" content=\"index, follow, max-snippet:-1, max-image-preview:large, max-video-preview:-1\" \/>\n<link rel=\"canonical\" href=\"https:\/\/www.ceoforlifeawards.com\/it\/blog\/il-2022-e-lanno-internazionale-del-vetro-secondo-lonu\/\" \/>\n<meta property=\"og:locale\" content=\"it_IT\" \/>\n<meta property=\"og:type\" content=\"article\" \/>\n<meta property=\"og:title\" content=\"Il 2022 \u00e8 l\u2019Anno Internazionale del Vetro secondo l\u2019ONU. - CEOforLIFE - IT\" \/>\n<meta property=\"og:description\" content=\"L\u2019Assemblea Generale delle Nazioni Unite ha dichiarato il 2022 l\u2019Anno Internazionale del Vetro, con l\u2019obiettivo di dare risalto al ruolo che il vetro svolge all\u2019interno della nostra societ\u00e0 nell\u2019affrontare le sfide ambientali e tecnologiche e, soprattutto, per il raggiungimento dell\u2019obiettivo di una maggiore sostenibilit\u00e0. Nel dettaglio, la risoluzione delle Nazioni Unite dichiara che \u201cil 2022 [&hellip;]\" \/>\n<meta property=\"og:url\" content=\"https:\/\/www.ceoforlifeawards.com\/it\/blog\/il-2022-e-lanno-internazionale-del-vetro-secondo-lonu\/\" \/>\n<meta property=\"og:site_name\" content=\"CEOforLIFE - IT\" \/>\n<meta property=\"article:published_time\" content=\"2022-01-07T13:20:35+00:00\" \/>\n<meta property=\"og:image\" content=\"https:\/\/www.ceoforlifeawards.com\/it\/wp-content\/uploads\/sites\/3\/2022\/01\/glass-2022.png\" \/>\n\t<meta property=\"og:image:width\" content=\"570\" \/>\n\t<meta property=\"og:image:height\" content=\"285\" \/>\n\t<meta property=\"og:image:type\" content=\"image\/png\" \/>\n<meta name=\"twitter:card\" content=\"summary_large_image\" \/>\n<meta name=\"twitter:label1\" content=\"Scritto da\" \/>\n\t<meta name=\"twitter:data1\" content=\"d.digiuseppe@hrcigroup.com\" \/>\n\t<meta name=\"twitter:label2\" content=\"Tempo di lettura stimato\" \/>\n\t<meta name=\"twitter:data2\" content=\"1 minuto\" \/>\n<script type=\"application\/ld+json\" class=\"yoast-schema-graph\">{\"@context\":\"https:\/\/schema.org\",\"@graph\":[{\"@type\":\"WebSite\",\"@id\":\"https:\/\/www.ceoforlifeawards.com\/it\/#website\",\"url\":\"https:\/\/www.ceoforlifeawards.com\/it\/\",\"name\":\"CEOforLIFE - IT\",\"description\":\"\",\"potentialAction\":[{\"@type\":\"SearchAction\",\"target\":{\"@type\":\"EntryPoint\",\"urlTemplate\":\"https:\/\/www.ceoforlifeawards.com\/it\/?s={search_term_string}\"},\"query-input\":\"required name=search_term_string\"}],\"inLanguage\":\"it-IT\"},{\"@type\":\"ImageObject\",\"inLanguage\":\"it-IT\",\"@id\":\"https:\/\/www.ceoforlifeawards.com\/it\/blog\/il-2022-e-lanno-internazionale-del-vetro-secondo-lonu\/#primaryimage\",\"url\":\"https:\/\/www.ceoforlifeawards.com\/it\/wp-content\/uploads\/sites\/3\/2022\/01\/glass-2022.png\",\"contentUrl\":\"https:\/\/www.ceoforlifeawards.com\/it\/wp-content\/uploads\/sites\/3\/2022\/01\/glass-2022.png\",\"width\":570,\"height\":285},{\"@type\":\"WebPage\",\"@id\":\"https:\/\/www.ceoforlifeawards.com\/it\/blog\/il-2022-e-lanno-internazionale-del-vetro-secondo-lonu\/#webpage\",\"url\":\"https:\/\/www.ceoforlifeawards.com\/it\/blog\/il-2022-e-lanno-internazionale-del-vetro-secondo-lonu\/\",\"name\":\"Il 2022 \u00e8 l\u2019Anno Internazionale del Vetro secondo l\u2019ONU. - CEOforLIFE - IT\",\"isPartOf\":{\"@id\":\"https:\/\/www.ceoforlifeawards.com\/it\/#website\"},\"primaryImageOfPage\":{\"@id\":\"https:\/\/www.ceoforlifeawards.com\/it\/blog\/il-2022-e-lanno-internazionale-del-vetro-secondo-lonu\/#primaryimage\"},\"datePublished\":\"2022-01-07T13:20:35+00:00\",\"dateModified\":\"2022-01-07T13:20:35+00:00\",\"author\":{\"@id\":\"https:\/\/www.ceoforlifeawards.com\/it\/#\/schema\/person\/9c2802d81c81cfba5c28677408d38d09\"},\"breadcrumb\":{\"@id\":\"https:\/\/www.ceoforlifeawards.com\/it\/blog\/il-2022-e-lanno-internazionale-del-vetro-secondo-lonu\/#breadcrumb\"},\"inLanguage\":\"it-IT\",\"potentialAction\":[{\"@type\":\"ReadAction\",\"target\":[\"https:\/\/www.ceoforlifeawards.com\/it\/blog\/il-2022-e-lanno-internazionale-del-vetro-secondo-lonu\/\"]}]},{\"@type\":\"BreadcrumbList\",\"@id\":\"https:\/\/www.ceoforlifeawards.com\/it\/blog\/il-2022-e-lanno-internazionale-del-vetro-secondo-lonu\/#breadcrumb\",\"itemListElement\":[{\"@type\":\"ListItem\",\"position\":1,\"name\":\"Home\",\"item\":\"https:\/\/www.ceoforlifeawards.com\/it\/\"},{\"@type\":\"ListItem\",\"position\":2,\"name\":\"Il 2022 \u00e8 l\u2019Anno Internazionale del Vetro secondo l\u2019ONU.\"}]},{\"@type\":\"Person\",\"@id\":\"https:\/\/www.ceoforlifeawards.com\/it\/#\/schema\/person\/9c2802d81c81cfba5c28677408d38d09\",\"name\":\"d.digiuseppe@hrcigroup.com\",\"image\":{\"@type\":\"ImageObject\",\"inLanguage\":\"it-IT\",\"@id\":\"https:\/\/www.ceoforlifeawards.com\/it\/#\/schema\/person\/image\/\",\"url\":\"https:\/\/secure.gravatar.com\/avatar\/b464a83ee224f75bb37df0992d8d2b48?s=96&d=mm&r=g\",\"contentUrl\":\"https:\/\/secure.gravatar.com\/avatar\/b464a83ee224f75bb37df0992d8d2b48?s=96&d=mm&r=g\",\"caption\":\"d.digiuseppe@hrcigroup.com\"},\"url\":\"https:\/\/www.ceoforlifeawards.com\/it\/blog\/author\/d-digiuseppehrcigroup-com\/\"}]}<\/script>\n<!-- \/ Yoast SEO plugin. -->","yoast_head_json":{"title":"Il 2022 \u00e8 l\u2019Anno Internazionale del Vetro secondo l\u2019ONU. - CEOforLIFE - IT","robots":{"index":"index","follow":"follow","max-snippet":"max-snippet:-1","max-image-preview":"max-image-preview:large","max-video-preview":"max-video-preview:-1"},"canonical":"https:\/\/www.ceoforlifeawards.com\/it\/blog\/il-2022-e-lanno-internazionale-del-vetro-secondo-lonu\/","og_locale":"it_IT","og_type":"article","og_title":"Il 2022 \u00e8 l\u2019Anno Internazionale del Vetro secondo l\u2019ONU. - CEOforLIFE - IT","og_description":"L\u2019Assemblea Generale delle Nazioni Unite ha dichiarato il 2022 l\u2019Anno Internazionale del Vetro, con l\u2019obiettivo di dare risalto al ruolo che il vetro svolge all\u2019interno della nostra societ\u00e0 nell\u2019affrontare le sfide ambientali e tecnologiche e, soprattutto, per il raggiungimento dell\u2019obiettivo di una maggiore sostenibilit\u00e0. Nel dettaglio, la risoluzione delle Nazioni Unite dichiara che \u201cil 2022 [&hellip;]","og_url":"https:\/\/www.ceoforlifeawards.com\/it\/blog\/il-2022-e-lanno-internazionale-del-vetro-secondo-lonu\/","og_site_name":"CEOforLIFE - IT","article_published_time":"2022-01-07T13:20:35+00:00","og_image":[{"width":570,"height":285,"url":"https:\/\/www.ceoforlifeawards.com\/it\/wp-content\/uploads\/sites\/3\/2022\/01\/glass-2022.png","type":"image\/png"}],"twitter_card":"summary_large_image","twitter_misc":{"Scritto da":"d.digiuseppe@hrcigroup.com","Tempo di lettura stimato":"1 minuto"},"schema":{"@context":"https:\/\/schema.org","@graph":[{"@type":"WebSite","@id":"https:\/\/www.ceoforlifeawards.com\/it\/#website","url":"https:\/\/www.ceoforlifeawards.com\/it\/","name":"CEOforLIFE - IT","description":"","potentialAction":[{"@type":"SearchAction","target":{"@type":"EntryPoint","urlTemplate":"https:\/\/www.ceoforlifeawards.com\/it\/?s={search_term_string}"},"query-input":"required name=search_term_string"}],"inLanguage":"it-IT"},{"@type":"ImageObject","inLanguage":"it-IT","@id":"https:\/\/www.ceoforlifeawards.com\/it\/blog\/il-2022-e-lanno-internazionale-del-vetro-secondo-lonu\/#primaryimage","url":"https:\/\/www.ceoforlifeawards.com\/it\/wp-content\/uploads\/sites\/3\/2022\/01\/glass-2022.png","contentUrl":"https:\/\/www.ceoforlifeawards.com\/it\/wp-content\/uploads\/sites\/3\/2022\/01\/glass-2022.png","width":570,"height":285},{"@type":"WebPage","@id":"https:\/\/www.ceoforlifeawards.com\/it\/blog\/il-2022-e-lanno-internazionale-del-vetro-secondo-lonu\/#webpage","url":"https:\/\/www.ceoforlifeawards.com\/it\/blog\/il-2022-e-lanno-internazionale-del-vetro-secondo-lonu\/","name":"Il 2022 \u00e8 l\u2019Anno Internazionale del Vetro secondo l\u2019ONU. - CEOforLIFE - IT","isPartOf":{"@id":"https:\/\/www.ceoforlifeawards.com\/it\/#website"},"primaryImageOfPage":{"@id":"https:\/\/www.ceoforlifeawards.com\/it\/blog\/il-2022-e-lanno-internazionale-del-vetro-secondo-lonu\/#primaryimage"},"datePublished":"2022-01-07T13:20:35+00:00","dateModified":"2022-01-07T13:20:35+00:00","author":{"@id":"https:\/\/www.ceoforlifeawards.com\/it\/#\/schema\/person\/9c2802d81c81cfba5c28677408d38d09"},"breadcrumb":{"@id":"https:\/\/www.ceoforlifeawards.com\/it\/blog\/il-2022-e-lanno-internazionale-del-vetro-secondo-lonu\/#breadcrumb"},"inLanguage":"it-IT","potentialAction":[{"@type":"ReadAction","target":["https:\/\/www.ceoforlifeawards.com\/it\/blog\/il-2022-e-lanno-internazionale-del-vetro-secondo-lonu\/"]}]},{"@type":"BreadcrumbList","@id":"https:\/\/www.ceoforlifeawards.com\/it\/blog\/il-2022-e-lanno-internazionale-del-vetro-secondo-lonu\/#breadcrumb","itemListElement":[{"@type":"ListItem","position":1,"name":"Home","item":"https:\/\/www.ceoforlifeawards.com\/it\/"},{"@type":"ListItem","position":2,"name":"Il 2022 \u00e8 l\u2019Anno Internazionale del Vetro secondo l\u2019ONU."}]},{"@type":"Person","@id":"https:\/\/www.ceoforlifeawards.com\/it\/#\/schema\/person\/9c2802d81c81cfba5c28677408d38d09","name":"d.digiuseppe@hrcigroup.com","image":{"@type":"ImageObject","inLanguage":"it-IT","@id":"https:\/\/www.ceoforlifeawards.com\/it\/#\/schema\/person\/image\/","url":"https:\/\/secure.gravatar.com\/avatar\/b464a83ee224f75bb37df0992d8d2b48?s=96&d=mm&r=g","contentUrl":"https:\/\/secure.gravatar.com\/avatar\/b464a83ee224f75bb37df0992d8d2b48?s=96&d=mm&r=g","caption":"d.digiuseppe@hrcigroup.com"},"url":"https:\/\/www.ceoforlifeawards.com\/it\/blog\/author\/d-digiuseppehrcigroup-com\/"}]}},"_links":{"self":[{"href":"https:\/\/www.ceoforlifeawards.com\/it\/wp-json\/wp\/v2\/posts\/5701"}],"collection":[{"href":"https:\/\/www.ceoforlifeawards.com\/it\/wp-json\/wp\/v2\/posts"}],"about":[{"href":"https:\/\/www.ceoforlifeawards.com\/it\/wp-json\/wp\/v2\/types\/post"}],"author":[{"embeddable":true,"href":"https:\/\/www.ceoforlifeawards.com\/it\/wp-json\/wp\/v2\/users\/6"}],"replies":[{"embeddable":true,"href":"https:\/\/www.ceoforlifeawards.com\/it\/wp-json\/wp\/v2\/comments?post=5701"}],"version-history":[{"count":0,"href":"https:\/\/www.ceoforlifeawards.com\/it\/wp-json\/wp\/v2\/posts\/5701\/revisions"}],"wp:featuredmedia":[{"embeddable":true,"href":"https:\/\/www.ceoforlifeawards.com\/it\/wp-json\/wp\/v2\/media\/5702"}],"wp:attachment":[{"href":"https:\/\/www.ceoforlifeawards.com\/it\/wp-json\/wp\/v2\/media?parent=5701"}],"wp:term":[{"taxonomy":"category","embeddable":true,"href":"https:\/\/www.ceoforlifeawards.com\/it\/wp-json\/wp\/v2\/categories?post=5701"},{"taxonomy":"post_tag","embeddable":true,"href":"https:\/\/www.ceoforlifeawards.com\/it\/wp-json\/wp\/v2\/tags?post=5701"}],"curies":[{"name":"wp","href":"https:\/\/api.w.org\/{rel}","templated":true}]}}