{"id":625,"date":"2021-09-23T09:30:43","date_gmt":"2021-09-23T09:30:43","guid":{"rendered":"https:\/\/appbakery.it\/news\/it\/?p=625"},"modified":"2021-11-05T10:59:35","modified_gmt":"2021-11-05T09:59:35","slug":"tumori-e-made-in-italy-la-terapia-intelligente","status":"publish","type":"post","link":"https:\/\/www.ceoforlifeawards.com\/it\/blog\/tumori-e-made-in-italy-la-terapia-intelligente\/","title":{"rendered":"L\u2019impegno di Lundbeck per la salute del cervello"},"content":{"rendered":"<p>Quando un qualsiasi organo si ammala, comprensione e cure sono quasi sempre immediate; quando l\u2019organo affetto \u00e8 il cervello aleggia &#8211; ancora oggi &#8211; una sorta di stigma.<\/p>\n<p>Consapevoli di queste disparit\u00e0, Lundbeck si impegna ogni giorno nel <strong>contrastare lo stigma nei confronti di queste persone<\/strong>, cos\u00ec da contribuire alla costruzione di un contesto migliore nel quale <span style=\"font-weight: normal !msorm\"><strong>pazienti e caregiver possano vivere ed essere pienamente integrati in tutti gli aspetti della vita<\/strong><\/span>.<\/p>\n<p><img fetchpriority=\"high\" class=\"size-medium wp-image-4009 alignleft\" src=\"https:\/\/www.ceoforlifeawards.com\/it\/wp-content\/uploads\/sites\/3\/2021\/09\/1BAM_10-12-300x200.jpg\" alt=\"\" width=\"300\" height=\"200\" srcset=\"https:\/\/www.ceoforlifeawards.com\/it\/wp-content\/uploads\/sites\/3\/2021\/09\/1BAM_10-12-300x200.jpg 300w, https:\/\/www.ceoforlifeawards.com\/it\/wp-content\/uploads\/sites\/3\/2021\/09\/1BAM_10-12-1024x682.jpg 1024w, https:\/\/www.ceoforlifeawards.com\/it\/wp-content\/uploads\/sites\/3\/2021\/09\/1BAM_10-12-768x511.jpg 768w, https:\/\/www.ceoforlifeawards.com\/it\/wp-content\/uploads\/sites\/3\/2021\/09\/1BAM_10-12-391x260.jpg 391w, https:\/\/www.ceoforlifeawards.com\/it\/wp-content\/uploads\/sites\/3\/2021\/09\/1BAM_10-12-1536x1022.jpg 1536w, https:\/\/www.ceoforlifeawards.com\/it\/wp-content\/uploads\/sites\/3\/2021\/09\/1BAM_10-12-750x499.jpg 750w, https:\/\/www.ceoforlifeawards.com\/it\/wp-content\/uploads\/sites\/3\/2021\/09\/1BAM_10-12-1140x759.jpg 1140w, https:\/\/www.ceoforlifeawards.com\/it\/wp-content\/uploads\/sites\/3\/2021\/09\/1BAM_10-12.jpg 1800w\" sizes=\"(max-width: 300px) 100vw, 300px\" \/><\/p>\n<p>Per questo Lundbeck Italia, in occasione della <span style=\"font-weight: normal !msorm\"><strong>Giornata Mondiale della Salute Mentale<\/strong><\/span>, si \u00e8 fatta portavoce &#8211; insieme a oltre 30 partner &#8211; della <span style=\"font-weight: normal !msorm\"><strong>seconda edizione della campagna nazionale <\/strong><\/span><strong><a href=\"https:\/\/insiemeperlasalutementale.it\/partecipa-allevento-del-10-ottobre-a-bam-biblioteca-degli-alberi-milano\/\"><span style=\"font-weight: normal !msorm\">&#8220;Insieme per la salute mentale&#8221;<\/span><\/a><\/strong> per <span style=\"font-weight: normal !msorm\"><strong>sensibilizzare l&#8217;opinione pubblica su questo importante tema attraverso una corretta informazione<\/strong><\/span>.<\/p>\n<p>Obiettivo della campagna \u00e8 stato <span style=\"font-weight: normal !msorm\"><strong>rompere ogni pregiudizio<\/strong><\/span> nei confronti delle persone che soffrono di disturbi mentali e dei loro cari, attraverso la <span style=\"font-weight: normal !msorm\"><strong>social challenge #rompiamoilpregiudizio<\/strong><\/span> simbolicamente rappresentata dalla rottura di bolle di sapone, in quanto i pregiudizi sono inconsistenti, proprio come le bolle stesse.<\/p>\n<p>Una campagna che ha coinvolto tutti e che ha raggiunto sui social <span style=\"font-weight: normal !msorm\"><strong>19 milioni di utenti<\/strong><\/span> e che si \u00e8 conclusa il 10 ottobre con una mattinata ricca di iniziative a <span style=\"font-weight: normal !msorm\"><strong>Biblioteca degli Alberi Milano, <\/strong><\/span>per celebrare questa importante giornata attraverso <span style=\"font-weight: normal !msorm\"><strong>talk con esperti, workshop per bambini e perfomance artistiche<\/strong><\/span>.<\/p>\n<p><img class=\"size-medium wp-image-4010 alignright\" src=\"https:\/\/www.ceoforlifeawards.com\/it\/wp-content\/uploads\/sites\/3\/2021\/09\/2BAM-300x200.jpg\" alt=\"\" width=\"300\" height=\"200\" srcset=\"https:\/\/www.ceoforlifeawards.com\/it\/wp-content\/uploads\/sites\/3\/2021\/09\/2BAM-300x200.jpg 300w, https:\/\/www.ceoforlifeawards.com\/it\/wp-content\/uploads\/sites\/3\/2021\/09\/2BAM-1024x682.jpg 1024w, https:\/\/www.ceoforlifeawards.com\/it\/wp-content\/uploads\/sites\/3\/2021\/09\/2BAM-768x511.jpg 768w, https:\/\/www.ceoforlifeawards.com\/it\/wp-content\/uploads\/sites\/3\/2021\/09\/2BAM-391x260.jpg 391w, https:\/\/www.ceoforlifeawards.com\/it\/wp-content\/uploads\/sites\/3\/2021\/09\/2BAM-1536x1022.jpg 1536w, https:\/\/www.ceoforlifeawards.com\/it\/wp-content\/uploads\/sites\/3\/2021\/09\/2BAM-750x499.jpg 750w, https:\/\/www.ceoforlifeawards.com\/it\/wp-content\/uploads\/sites\/3\/2021\/09\/2BAM-1140x759.jpg 1140w, https:\/\/www.ceoforlifeawards.com\/it\/wp-content\/uploads\/sites\/3\/2021\/09\/2BAM.jpg 1800w\" sizes=\"(max-width: 300px) 100vw, 300px\" \/><\/p>\n<p>Sempre in occasione del WMHD, Lundbeck Italia ha rinnovato il suo impegno con la terza edizione del <strong><a href=\"https:\/\/www.concorsopeopleinmind.it\/\"><span style=\"font-weight: normal !msorm\">Concorso People in Mind<\/span><\/a>: <\/strong>un\u2019altra iniziativa di sensibilizzazione sui disturbi mentali e lotta allo stigma, che si concluder\u00e0 il 10 marzo 2022 e che vuole dare <span style=\"font-weight: normal !msorm\"><strong>luce e colore alle persone che soffrono di disturbi mentali e ai loro cari <\/strong><\/span>attraverso il <span style=\"font-weight: normal !msorm\"><strong>disegno, la pittura, la fotografia digitale e brevi video<\/strong><\/span>. Contestualmente, vuole valorizzare anche <span style=\"font-weight: normal !msorm\"><strong>l\u2019impegno di chi opera quotidianamente sul territorio<\/strong><\/span>, con una candidatura dedicata alle associazioni del terzo settore.<\/p>\n<p><em>\u201cContinuiamo ad impegnarci nel realizzare attivit\u00e0 ispirate agli obiettivi di sostenibilit\u00e0 delle Nazioni Unite per parlare di tematiche cos\u00ec importanti, e altrettanto sensibili, attraverso linguaggi diversi e capaci di avvicinare tutti a una realt\u00e0 ancora<\/em><em> oggi, purtroppo, spesso \u201ctabu\u201d.\u201d <\/em><span style=\"font-style: normal !msorm\"><em>\u2013 <\/em><\/span>Tiziana Mele, AD Lundbeck Italia.<\/p>\n<p><img class=\"alignnone wp-image-4011\" src=\"https:\/\/www.ceoforlifeawards.com\/it\/wp-content\/uploads\/sites\/3\/2021\/09\/3_Insieme-Per-la-Salute-Mentale_10.10-300x200.jpg\" alt=\"\" width=\"451\" height=\"302\" srcset=\"https:\/\/www.ceoforlifeawards.com\/it\/wp-content\/uploads\/sites\/3\/2021\/09\/3_Insieme-Per-la-Salute-Mentale_10.10-300x200.jpg 300w, https:\/\/www.ceoforlifeawards.com\/it\/wp-content\/uploads\/sites\/3\/2021\/09\/3_Insieme-Per-la-Salute-Mentale_10.10-1024x683.jpg 1024w, https:\/\/www.ceoforlifeawards.com\/it\/wp-content\/uploads\/sites\/3\/2021\/09\/3_Insieme-Per-la-Salute-Mentale_10.10-768x512.jpg 768w, https:\/\/www.ceoforlifeawards.com\/it\/wp-content\/uploads\/sites\/3\/2021\/09\/3_Insieme-Per-la-Salute-Mentale_10.10-1536x1024.jpg 1536w, https:\/\/www.ceoforlifeawards.com\/it\/wp-content\/uploads\/sites\/3\/2021\/09\/3_Insieme-Per-la-Salute-Mentale_10.10-750x500.jpg 750w, https:\/\/www.ceoforlifeawards.com\/it\/wp-content\/uploads\/sites\/3\/2021\/09\/3_Insieme-Per-la-Salute-Mentale_10.10-1140x760.jpg 1140w, https:\/\/www.ceoforlifeawards.com\/it\/wp-content\/uploads\/sites\/3\/2021\/09\/3_Insieme-Per-la-Salute-Mentale_10.10.jpg 1800w\" sizes=\"(max-width: 451px) 100vw, 451px\" \/><\/p>\n<p>&nbsp;<\/p>\n<div class=\"jeg_video_container jeg_video_content\"><iframe title=\"Insieme per la salute mentale 2021\" width=\"500\" height=\"281\" src=\"https:\/\/www.youtube.com\/embed\/tv_mE9ZvwRI?feature=oembed\" frameborder=\"0\" allow=\"accelerometer; autoplay; clipboard-write; encrypted-media; gyroscope; picture-in-picture\" allowfullscreen><\/iframe><\/div>\n<p>&nbsp;<\/p>\n","protected":false},"excerpt":{"rendered":"<p>Quando un qualsiasi organo si ammala, comprensione e cure sono quasi sempre immediate; quando l\u2019organo affetto \u00e8 il cervello aleggia &#8211; ancora oggi &#8211; una sorta di stigma. Consapevoli di queste disparit\u00e0, Lundbeck si impegna ogni giorno nel contrastare lo stigma nei confronti di queste persone, cos\u00ec da contribuire alla costruzione di un contesto migliore [&hellip;]<\/p>\n","protected":false},"author":6,"featured_media":655,"comment_status":"open","ping_status":"open","sticky":false,"template":"","format":"standard","meta":[],"categories":[99,96,91],"tags":[110,68],"yoast_head":"<!-- This site is optimized with the Yoast SEO plugin v18.7 - https:\/\/yoast.com\/wordpress\/plugins\/seo\/ -->\n<title>L\u2019impegno di Lundbeck per la salute del cervello - CEOforLIFE - IT<\/title>\n<meta name=\"robots\" content=\"index, follow, max-snippet:-1, max-image-preview:large, max-video-preview:-1\" \/>\n<link rel=\"canonical\" href=\"https:\/\/www.ceoforlifeawards.com\/it\/blog\/tumori-e-made-in-italy-la-terapia-intelligente\/\" \/>\n<meta property=\"og:locale\" content=\"it_IT\" \/>\n<meta property=\"og:type\" content=\"article\" \/>\n<meta property=\"og:title\" content=\"L\u2019impegno di Lundbeck per la salute del cervello - CEOforLIFE - IT\" \/>\n<meta property=\"og:description\" content=\"Quando un qualsiasi organo si ammala, comprensione e cure sono quasi sempre immediate; quando l\u2019organo affetto \u00e8 il cervello aleggia &#8211; ancora oggi &#8211; una sorta di stigma. Consapevoli di queste disparit\u00e0, Lundbeck si impegna ogni giorno nel contrastare lo stigma nei confronti di queste persone, cos\u00ec da contribuire alla costruzione di un contesto migliore [&hellip;]\" \/>\n<meta property=\"og:url\" content=\"https:\/\/www.ceoforlifeawards.com\/it\/blog\/tumori-e-made-in-italy-la-terapia-intelligente\/\" \/>\n<meta property=\"og:site_name\" content=\"CEOforLIFE - IT\" \/>\n<meta property=\"article:published_time\" content=\"2021-09-23T09:30:43+00:00\" \/>\n<meta property=\"article:modified_time\" content=\"2021-11-05T09:59:35+00:00\" \/>\n<meta property=\"og:image\" content=\"https:\/\/www.ceoforlifeawards.com\/it\/wp-content\/uploads\/sites\/3\/2021\/09\/Tiziana-Mele.jpg\" \/>\n\t<meta property=\"og:image:width\" content=\"1410\" \/>\n\t<meta property=\"og:image:height\" content=\"939\" \/>\n\t<meta property=\"og:image:type\" content=\"image\/jpeg\" \/>\n<meta name=\"twitter:card\" content=\"summary_large_image\" \/>\n<meta name=\"twitter:label1\" content=\"Scritto da\" \/>\n\t<meta name=\"twitter:data1\" content=\"d.digiuseppe@hrcigroup.com\" \/>\n\t<meta name=\"twitter:label2\" content=\"Tempo di lettura stimato\" \/>\n\t<meta name=\"twitter:data2\" content=\"2 minuti\" \/>\n<script type=\"application\/ld+json\" class=\"yoast-schema-graph\">{\"@context\":\"https:\/\/schema.org\",\"@graph\":[{\"@type\":\"WebSite\",\"@id\":\"https:\/\/www.ceoforlifeawards.com\/it\/#website\",\"url\":\"https:\/\/www.ceoforlifeawards.com\/it\/\",\"name\":\"CEOforLIFE - IT\",\"description\":\"\",\"potentialAction\":[{\"@type\":\"SearchAction\",\"target\":{\"@type\":\"EntryPoint\",\"urlTemplate\":\"https:\/\/www.ceoforlifeawards.com\/it\/?s={search_term_string}\"},\"query-input\":\"required name=search_term_string\"}],\"inLanguage\":\"it-IT\"},{\"@type\":\"ImageObject\",\"inLanguage\":\"it-IT\",\"@id\":\"https:\/\/www.ceoforlifeawards.com\/it\/blog\/tumori-e-made-in-italy-la-terapia-intelligente\/#primaryimage\",\"url\":\"https:\/\/www.ceoforlifeawards.com\/it\/wp-content\/uploads\/sites\/3\/2021\/09\/Tiziana-Mele.jpg\",\"contentUrl\":\"https:\/\/www.ceoforlifeawards.com\/it\/wp-content\/uploads\/sites\/3\/2021\/09\/Tiziana-Mele.jpg\",\"width\":1410,\"height\":939},{\"@type\":\"WebPage\",\"@id\":\"https:\/\/www.ceoforlifeawards.com\/it\/blog\/tumori-e-made-in-italy-la-terapia-intelligente\/#webpage\",\"url\":\"https:\/\/www.ceoforlifeawards.com\/it\/blog\/tumori-e-made-in-italy-la-terapia-intelligente\/\",\"name\":\"L\u2019impegno di Lundbeck per la salute del cervello - CEOforLIFE - IT\",\"isPartOf\":{\"@id\":\"https:\/\/www.ceoforlifeawards.com\/it\/#website\"},\"primaryImageOfPage\":{\"@id\":\"https:\/\/www.ceoforlifeawards.com\/it\/blog\/tumori-e-made-in-italy-la-terapia-intelligente\/#primaryimage\"},\"datePublished\":\"2021-09-23T09:30:43+00:00\",\"dateModified\":\"2021-11-05T09:59:35+00:00\",\"author\":{\"@id\":\"https:\/\/www.ceoforlifeawards.com\/it\/#\/schema\/person\/9c2802d81c81cfba5c28677408d38d09\"},\"breadcrumb\":{\"@id\":\"https:\/\/www.ceoforlifeawards.com\/it\/blog\/tumori-e-made-in-italy-la-terapia-intelligente\/#breadcrumb\"},\"inLanguage\":\"it-IT\",\"potentialAction\":[{\"@type\":\"ReadAction\",\"target\":[\"https:\/\/www.ceoforlifeawards.com\/it\/blog\/tumori-e-made-in-italy-la-terapia-intelligente\/\"]}]},{\"@type\":\"BreadcrumbList\",\"@id\":\"https:\/\/www.ceoforlifeawards.com\/it\/blog\/tumori-e-made-in-italy-la-terapia-intelligente\/#breadcrumb\",\"itemListElement\":[{\"@type\":\"ListItem\",\"position\":1,\"name\":\"Home\",\"item\":\"https:\/\/www.ceoforlifeawards.com\/it\/\"},{\"@type\":\"ListItem\",\"position\":2,\"name\":\"L\u2019impegno di Lundbeck per la salute del cervello\"}]},{\"@type\":\"Person\",\"@id\":\"https:\/\/www.ceoforlifeawards.com\/it\/#\/schema\/person\/9c2802d81c81cfba5c28677408d38d09\",\"name\":\"d.digiuseppe@hrcigroup.com\",\"image\":{\"@type\":\"ImageObject\",\"inLanguage\":\"it-IT\",\"@id\":\"https:\/\/www.ceoforlifeawards.com\/it\/#\/schema\/person\/image\/\",\"url\":\"https:\/\/secure.gravatar.com\/avatar\/b464a83ee224f75bb37df0992d8d2b48?s=96&d=mm&r=g\",\"contentUrl\":\"https:\/\/secure.gravatar.com\/avatar\/b464a83ee224f75bb37df0992d8d2b48?s=96&d=mm&r=g\",\"caption\":\"d.digiuseppe@hrcigroup.com\"},\"url\":\"https:\/\/www.ceoforlifeawards.com\/it\/blog\/author\/d-digiuseppehrcigroup-com\/\"}]}<\/script>\n<!-- \/ Yoast SEO plugin. -->","yoast_head_json":{"title":"L\u2019impegno di Lundbeck per la salute del cervello - CEOforLIFE - IT","robots":{"index":"index","follow":"follow","max-snippet":"max-snippet:-1","max-image-preview":"max-image-preview:large","max-video-preview":"max-video-preview:-1"},"canonical":"https:\/\/www.ceoforlifeawards.com\/it\/blog\/tumori-e-made-in-italy-la-terapia-intelligente\/","og_locale":"it_IT","og_type":"article","og_title":"L\u2019impegno di Lundbeck per la salute del cervello - CEOforLIFE - IT","og_description":"Quando un qualsiasi organo si ammala, comprensione e cure sono quasi sempre immediate; quando l\u2019organo affetto \u00e8 il cervello aleggia &#8211; ancora oggi &#8211; una sorta di stigma. Consapevoli di queste disparit\u00e0, Lundbeck si impegna ogni giorno nel contrastare lo stigma nei confronti di queste persone, cos\u00ec da contribuire alla costruzione di un contesto migliore [&hellip;]","og_url":"https:\/\/www.ceoforlifeawards.com\/it\/blog\/tumori-e-made-in-italy-la-terapia-intelligente\/","og_site_name":"CEOforLIFE - IT","article_published_time":"2021-09-23T09:30:43+00:00","article_modified_time":"2021-11-05T09:59:35+00:00","og_image":[{"width":1410,"height":939,"url":"https:\/\/www.ceoforlifeawards.com\/it\/wp-content\/uploads\/sites\/3\/2021\/09\/Tiziana-Mele.jpg","type":"image\/jpeg"}],"twitter_card":"summary_large_image","twitter_misc":{"Scritto da":"d.digiuseppe@hrcigroup.com","Tempo di lettura stimato":"2 minuti"},"schema":{"@context":"https:\/\/schema.org","@graph":[{"@type":"WebSite","@id":"https:\/\/www.ceoforlifeawards.com\/it\/#website","url":"https:\/\/www.ceoforlifeawards.com\/it\/","name":"CEOforLIFE - IT","description":"","potentialAction":[{"@type":"SearchAction","target":{"@type":"EntryPoint","urlTemplate":"https:\/\/www.ceoforlifeawards.com\/it\/?s={search_term_string}"},"query-input":"required name=search_term_string"}],"inLanguage":"it-IT"},{"@type":"ImageObject","inLanguage":"it-IT","@id":"https:\/\/www.ceoforlifeawards.com\/it\/blog\/tumori-e-made-in-italy-la-terapia-intelligente\/#primaryimage","url":"https:\/\/www.ceoforlifeawards.com\/it\/wp-content\/uploads\/sites\/3\/2021\/09\/Tiziana-Mele.jpg","contentUrl":"https:\/\/www.ceoforlifeawards.com\/it\/wp-content\/uploads\/sites\/3\/2021\/09\/Tiziana-Mele.jpg","width":1410,"height":939},{"@type":"WebPage","@id":"https:\/\/www.ceoforlifeawards.com\/it\/blog\/tumori-e-made-in-italy-la-terapia-intelligente\/#webpage","url":"https:\/\/www.ceoforlifeawards.com\/it\/blog\/tumori-e-made-in-italy-la-terapia-intelligente\/","name":"L\u2019impegno di Lundbeck per la salute del cervello - CEOforLIFE - IT","isPartOf":{"@id":"https:\/\/www.ceoforlifeawards.com\/it\/#website"},"primaryImageOfPage":{"@id":"https:\/\/www.ceoforlifeawards.com\/it\/blog\/tumori-e-made-in-italy-la-terapia-intelligente\/#primaryimage"},"datePublished":"2021-09-23T09:30:43+00:00","dateModified":"2021-11-05T09:59:35+00:00","author":{"@id":"https:\/\/www.ceoforlifeawards.com\/it\/#\/schema\/person\/9c2802d81c81cfba5c28677408d38d09"},"breadcrumb":{"@id":"https:\/\/www.ceoforlifeawards.com\/it\/blog\/tumori-e-made-in-italy-la-terapia-intelligente\/#breadcrumb"},"inLanguage":"it-IT","potentialAction":[{"@type":"ReadAction","target":["https:\/\/www.ceoforlifeawards.com\/it\/blog\/tumori-e-made-in-italy-la-terapia-intelligente\/"]}]},{"@type":"BreadcrumbList","@id":"https:\/\/www.ceoforlifeawards.com\/it\/blog\/tumori-e-made-in-italy-la-terapia-intelligente\/#breadcrumb","itemListElement":[{"@type":"ListItem","position":1,"name":"Home","item":"https:\/\/www.ceoforlifeawards.com\/it\/"},{"@type":"ListItem","position":2,"name":"L\u2019impegno di Lundbeck per la salute del cervello"}]},{"@type":"Person","@id":"https:\/\/www.ceoforlifeawards.com\/it\/#\/schema\/person\/9c2802d81c81cfba5c28677408d38d09","name":"d.digiuseppe@hrcigroup.com","image":{"@type":"ImageObject","inLanguage":"it-IT","@id":"https:\/\/www.ceoforlifeawards.com\/it\/#\/schema\/person\/image\/","url":"https:\/\/secure.gravatar.com\/avatar\/b464a83ee224f75bb37df0992d8d2b48?s=96&d=mm&r=g","contentUrl":"https:\/\/secure.gravatar.com\/avatar\/b464a83ee224f75bb37df0992d8d2b48?s=96&d=mm&r=g","caption":"d.digiuseppe@hrcigroup.com"},"url":"https:\/\/www.ceoforlifeawards.com\/it\/blog\/author\/d-digiuseppehrcigroup-com\/"}]}},"_links":{"self":[{"href":"https:\/\/www.ceoforlifeawards.com\/it\/wp-json\/wp\/v2\/posts\/625"}],"collection":[{"href":"https:\/\/www.ceoforlifeawards.com\/it\/wp-json\/wp\/v2\/posts"}],"about":[{"href":"https:\/\/www.ceoforlifeawards.com\/it\/wp-json\/wp\/v2\/types\/post"}],"author":[{"embeddable":true,"href":"https:\/\/www.ceoforlifeawards.com\/it\/wp-json\/wp\/v2\/users\/6"}],"replies":[{"embeddable":true,"href":"https:\/\/www.ceoforlifeawards.com\/it\/wp-json\/wp\/v2\/comments?post=625"}],"version-history":[{"count":0,"href":"https:\/\/www.ceoforlifeawards.com\/it\/wp-json\/wp\/v2\/posts\/625\/revisions"}],"wp:featuredmedia":[{"embeddable":true,"href":"https:\/\/www.ceoforlifeawards.com\/it\/wp-json\/wp\/v2\/media\/655"}],"wp:attachment":[{"href":"https:\/\/www.ceoforlifeawards.com\/it\/wp-json\/wp\/v2\/media?parent=625"}],"wp:term":[{"taxonomy":"category","embeddable":true,"href":"https:\/\/www.ceoforlifeawards.com\/it\/wp-json\/wp\/v2\/categories?post=625"},{"taxonomy":"post_tag","embeddable":true,"href":"https:\/\/www.ceoforlifeawards.com\/it\/wp-json\/wp\/v2\/tags?post=625"}],"curies":[{"name":"wp","href":"https:\/\/api.w.org\/{rel}","templated":true}]}}