{"id":7297,"date":"2022-01-27T11:41:47","date_gmt":"2022-01-27T10:41:47","guid":{"rendered":"https:\/\/www.ceoforlifeawards.com\/it\/?p=7297"},"modified":"2022-01-27T11:41:47","modified_gmt":"2022-01-27T10:41:47","slug":"limpegno-sostenibile-di-aetna-group-con-techlab-pack2green-e-recycle","status":"publish","type":"post","link":"https:\/\/www.ceoforlifeawards.com\/it\/blog\/limpegno-sostenibile-di-aetna-group-con-techlab-pack2green-e-recycle\/","title":{"rendered":"L\u2019impegno sostenibile di Aetna Group con TechLab, PACK2GREEN e ReCYCLE."},"content":{"rendered":"<p>La sostenibilit\u00e0 \u00e8 al centro delle attivit\u00e0 di Aetna Group che il cui impegno in questa direzione si sviluppa attraverso digitalizzazione, miglioramento dell\u2019efficienza energetica, riduzione delle emissioni di CO2, utilizzo di materiali sostenibili e promozione di comportamenti responsabili da un punto di vista ambientale.<\/p>\n<p>Ne sono esempi concreti il TechLab, laboratorio per gestire i carichi per ridurre la plastica, e le macchine PACK2GREEN e ReCYCLE.<\/p>\n<p>Per saperne di pi\u00f9: <a href=\"https:\/\/www.aetnagroup.com\/it\/impegno\/sostenibilita\">https:\/\/www.aetnagroup.com\/it\/impegno\/sostenibilita<\/a><\/p>\n","protected":false},"excerpt":{"rendered":"<p>La sostenibilit\u00e0 \u00e8 al centro delle attivit\u00e0 di Aetna Group che il cui impegno in questa direzione si sviluppa attraverso digitalizzazione, miglioramento dell\u2019efficienza energetica, riduzione delle emissioni di CO2, utilizzo di materiali sostenibili e promozione di comportamenti responsabili da un punto di vista ambientale. Ne sono esempi concreti il TechLab, laboratorio per gestire i carichi [&hellip;]<\/p>\n","protected":false},"author":6,"featured_media":7298,"comment_status":"open","ping_status":"open","sticky":false,"template":"","format":"standard","meta":[],"categories":[99],"tags":[],"yoast_head":"<!-- This site is optimized with the Yoast SEO plugin v18.7 - https:\/\/yoast.com\/wordpress\/plugins\/seo\/ -->\n<title>L\u2019impegno sostenibile di Aetna Group con TechLab, PACK2GREEN e ReCYCLE. - CEOforLIFE - IT<\/title>\n<meta name=\"robots\" content=\"index, follow, max-snippet:-1, max-image-preview:large, max-video-preview:-1\" \/>\n<link rel=\"canonical\" href=\"https:\/\/www.ceoforlifeawards.com\/it\/blog\/limpegno-sostenibile-di-aetna-group-con-techlab-pack2green-e-recycle\/\" \/>\n<meta property=\"og:locale\" content=\"it_IT\" \/>\n<meta property=\"og:type\" content=\"article\" \/>\n<meta property=\"og:title\" content=\"L\u2019impegno sostenibile di Aetna Group con TechLab, PACK2GREEN e ReCYCLE. - CEOforLIFE - IT\" \/>\n<meta property=\"og:description\" content=\"La sostenibilit\u00e0 \u00e8 al centro delle attivit\u00e0 di Aetna Group che il cui impegno in questa direzione si sviluppa attraverso digitalizzazione, miglioramento dell\u2019efficienza energetica, riduzione delle emissioni di CO2, utilizzo di materiali sostenibili e promozione di comportamenti responsabili da un punto di vista ambientale. Ne sono esempi concreti il TechLab, laboratorio per gestire i carichi [&hellip;]\" \/>\n<meta property=\"og:url\" content=\"https:\/\/www.ceoforlifeawards.com\/it\/blog\/limpegno-sostenibile-di-aetna-group-con-techlab-pack2green-e-recycle\/\" \/>\n<meta property=\"og:site_name\" content=\"CEOforLIFE - IT\" \/>\n<meta property=\"article:published_time\" content=\"2022-01-27T10:41:47+00:00\" \/>\n<meta property=\"og:image\" content=\"https:\/\/www.ceoforlifeawards.com\/it\/wp-content\/uploads\/sites\/3\/2022\/01\/Immagine9.png\" \/>\n\t<meta property=\"og:image:width\" content=\"517\" \/>\n\t<meta property=\"og:image:height\" content=\"304\" \/>\n\t<meta property=\"og:image:type\" content=\"image\/png\" \/>\n<meta name=\"twitter:card\" content=\"summary_large_image\" \/>\n<meta name=\"twitter:label1\" content=\"Scritto da\" \/>\n\t<meta name=\"twitter:data1\" content=\"d.digiuseppe@hrcigroup.com\" \/>\n<script type=\"application\/ld+json\" class=\"yoast-schema-graph\">{\"@context\":\"https:\/\/schema.org\",\"@graph\":[{\"@type\":\"WebSite\",\"@id\":\"https:\/\/www.ceoforlifeawards.com\/it\/#website\",\"url\":\"https:\/\/www.ceoforlifeawards.com\/it\/\",\"name\":\"CEOforLIFE - IT\",\"description\":\"\",\"potentialAction\":[{\"@type\":\"SearchAction\",\"target\":{\"@type\":\"EntryPoint\",\"urlTemplate\":\"https:\/\/www.ceoforlifeawards.com\/it\/?s={search_term_string}\"},\"query-input\":\"required name=search_term_string\"}],\"inLanguage\":\"it-IT\"},{\"@type\":\"ImageObject\",\"inLanguage\":\"it-IT\",\"@id\":\"https:\/\/www.ceoforlifeawards.com\/it\/blog\/limpegno-sostenibile-di-aetna-group-con-techlab-pack2green-e-recycle\/#primaryimage\",\"url\":\"https:\/\/www.ceoforlifeawards.com\/it\/wp-content\/uploads\/sites\/3\/2022\/01\/Immagine9.png\",\"contentUrl\":\"https:\/\/www.ceoforlifeawards.com\/it\/wp-content\/uploads\/sites\/3\/2022\/01\/Immagine9.png\",\"width\":517,\"height\":304},{\"@type\":\"WebPage\",\"@id\":\"https:\/\/www.ceoforlifeawards.com\/it\/blog\/limpegno-sostenibile-di-aetna-group-con-techlab-pack2green-e-recycle\/#webpage\",\"url\":\"https:\/\/www.ceoforlifeawards.com\/it\/blog\/limpegno-sostenibile-di-aetna-group-con-techlab-pack2green-e-recycle\/\",\"name\":\"L\u2019impegno sostenibile di Aetna Group con TechLab, PACK2GREEN e ReCYCLE. - CEOforLIFE - IT\",\"isPartOf\":{\"@id\":\"https:\/\/www.ceoforlifeawards.com\/it\/#website\"},\"primaryImageOfPage\":{\"@id\":\"https:\/\/www.ceoforlifeawards.com\/it\/blog\/limpegno-sostenibile-di-aetna-group-con-techlab-pack2green-e-recycle\/#primaryimage\"},\"datePublished\":\"2022-01-27T10:41:47+00:00\",\"dateModified\":\"2022-01-27T10:41:47+00:00\",\"author\":{\"@id\":\"https:\/\/www.ceoforlifeawards.com\/it\/#\/schema\/person\/9c2802d81c81cfba5c28677408d38d09\"},\"breadcrumb\":{\"@id\":\"https:\/\/www.ceoforlifeawards.com\/it\/blog\/limpegno-sostenibile-di-aetna-group-con-techlab-pack2green-e-recycle\/#breadcrumb\"},\"inLanguage\":\"it-IT\",\"potentialAction\":[{\"@type\":\"ReadAction\",\"target\":[\"https:\/\/www.ceoforlifeawards.com\/it\/blog\/limpegno-sostenibile-di-aetna-group-con-techlab-pack2green-e-recycle\/\"]}]},{\"@type\":\"BreadcrumbList\",\"@id\":\"https:\/\/www.ceoforlifeawards.com\/it\/blog\/limpegno-sostenibile-di-aetna-group-con-techlab-pack2green-e-recycle\/#breadcrumb\",\"itemListElement\":[{\"@type\":\"ListItem\",\"position\":1,\"name\":\"Home\",\"item\":\"https:\/\/www.ceoforlifeawards.com\/it\/\"},{\"@type\":\"ListItem\",\"position\":2,\"name\":\"L\u2019impegno sostenibile di Aetna Group con TechLab, PACK2GREEN e ReCYCLE.\"}]},{\"@type\":\"Person\",\"@id\":\"https:\/\/www.ceoforlifeawards.com\/it\/#\/schema\/person\/9c2802d81c81cfba5c28677408d38d09\",\"name\":\"d.digiuseppe@hrcigroup.com\",\"image\":{\"@type\":\"ImageObject\",\"inLanguage\":\"it-IT\",\"@id\":\"https:\/\/www.ceoforlifeawards.com\/it\/#\/schema\/person\/image\/\",\"url\":\"https:\/\/secure.gravatar.com\/avatar\/b464a83ee224f75bb37df0992d8d2b48?s=96&d=mm&r=g\",\"contentUrl\":\"https:\/\/secure.gravatar.com\/avatar\/b464a83ee224f75bb37df0992d8d2b48?s=96&d=mm&r=g\",\"caption\":\"d.digiuseppe@hrcigroup.com\"},\"url\":\"https:\/\/www.ceoforlifeawards.com\/it\/blog\/author\/d-digiuseppehrcigroup-com\/\"}]}<\/script>\n<!-- \/ Yoast SEO plugin. -->","yoast_head_json":{"title":"L\u2019impegno sostenibile di Aetna Group con TechLab, PACK2GREEN e ReCYCLE. - CEOforLIFE - IT","robots":{"index":"index","follow":"follow","max-snippet":"max-snippet:-1","max-image-preview":"max-image-preview:large","max-video-preview":"max-video-preview:-1"},"canonical":"https:\/\/www.ceoforlifeawards.com\/it\/blog\/limpegno-sostenibile-di-aetna-group-con-techlab-pack2green-e-recycle\/","og_locale":"it_IT","og_type":"article","og_title":"L\u2019impegno sostenibile di Aetna Group con TechLab, PACK2GREEN e ReCYCLE. - CEOforLIFE - IT","og_description":"La sostenibilit\u00e0 \u00e8 al centro delle attivit\u00e0 di Aetna Group che il cui impegno in questa direzione si sviluppa attraverso digitalizzazione, miglioramento dell\u2019efficienza energetica, riduzione delle emissioni di CO2, utilizzo di materiali sostenibili e promozione di comportamenti responsabili da un punto di vista ambientale. Ne sono esempi concreti il TechLab, laboratorio per gestire i carichi [&hellip;]","og_url":"https:\/\/www.ceoforlifeawards.com\/it\/blog\/limpegno-sostenibile-di-aetna-group-con-techlab-pack2green-e-recycle\/","og_site_name":"CEOforLIFE - IT","article_published_time":"2022-01-27T10:41:47+00:00","og_image":[{"width":517,"height":304,"url":"https:\/\/www.ceoforlifeawards.com\/it\/wp-content\/uploads\/sites\/3\/2022\/01\/Immagine9.png","type":"image\/png"}],"twitter_card":"summary_large_image","twitter_misc":{"Scritto da":"d.digiuseppe@hrcigroup.com"},"schema":{"@context":"https:\/\/schema.org","@graph":[{"@type":"WebSite","@id":"https:\/\/www.ceoforlifeawards.com\/it\/#website","url":"https:\/\/www.ceoforlifeawards.com\/it\/","name":"CEOforLIFE - IT","description":"","potentialAction":[{"@type":"SearchAction","target":{"@type":"EntryPoint","urlTemplate":"https:\/\/www.ceoforlifeawards.com\/it\/?s={search_term_string}"},"query-input":"required name=search_term_string"}],"inLanguage":"it-IT"},{"@type":"ImageObject","inLanguage":"it-IT","@id":"https:\/\/www.ceoforlifeawards.com\/it\/blog\/limpegno-sostenibile-di-aetna-group-con-techlab-pack2green-e-recycle\/#primaryimage","url":"https:\/\/www.ceoforlifeawards.com\/it\/wp-content\/uploads\/sites\/3\/2022\/01\/Immagine9.png","contentUrl":"https:\/\/www.ceoforlifeawards.com\/it\/wp-content\/uploads\/sites\/3\/2022\/01\/Immagine9.png","width":517,"height":304},{"@type":"WebPage","@id":"https:\/\/www.ceoforlifeawards.com\/it\/blog\/limpegno-sostenibile-di-aetna-group-con-techlab-pack2green-e-recycle\/#webpage","url":"https:\/\/www.ceoforlifeawards.com\/it\/blog\/limpegno-sostenibile-di-aetna-group-con-techlab-pack2green-e-recycle\/","name":"L\u2019impegno sostenibile di Aetna Group con TechLab, PACK2GREEN e ReCYCLE. - CEOforLIFE - IT","isPartOf":{"@id":"https:\/\/www.ceoforlifeawards.com\/it\/#website"},"primaryImageOfPage":{"@id":"https:\/\/www.ceoforlifeawards.com\/it\/blog\/limpegno-sostenibile-di-aetna-group-con-techlab-pack2green-e-recycle\/#primaryimage"},"datePublished":"2022-01-27T10:41:47+00:00","dateModified":"2022-01-27T10:41:47+00:00","author":{"@id":"https:\/\/www.ceoforlifeawards.com\/it\/#\/schema\/person\/9c2802d81c81cfba5c28677408d38d09"},"breadcrumb":{"@id":"https:\/\/www.ceoforlifeawards.com\/it\/blog\/limpegno-sostenibile-di-aetna-group-con-techlab-pack2green-e-recycle\/#breadcrumb"},"inLanguage":"it-IT","potentialAction":[{"@type":"ReadAction","target":["https:\/\/www.ceoforlifeawards.com\/it\/blog\/limpegno-sostenibile-di-aetna-group-con-techlab-pack2green-e-recycle\/"]}]},{"@type":"BreadcrumbList","@id":"https:\/\/www.ceoforlifeawards.com\/it\/blog\/limpegno-sostenibile-di-aetna-group-con-techlab-pack2green-e-recycle\/#breadcrumb","itemListElement":[{"@type":"ListItem","position":1,"name":"Home","item":"https:\/\/www.ceoforlifeawards.com\/it\/"},{"@type":"ListItem","position":2,"name":"L\u2019impegno sostenibile di Aetna Group con TechLab, PACK2GREEN e ReCYCLE."}]},{"@type":"Person","@id":"https:\/\/www.ceoforlifeawards.com\/it\/#\/schema\/person\/9c2802d81c81cfba5c28677408d38d09","name":"d.digiuseppe@hrcigroup.com","image":{"@type":"ImageObject","inLanguage":"it-IT","@id":"https:\/\/www.ceoforlifeawards.com\/it\/#\/schema\/person\/image\/","url":"https:\/\/secure.gravatar.com\/avatar\/b464a83ee224f75bb37df0992d8d2b48?s=96&d=mm&r=g","contentUrl":"https:\/\/secure.gravatar.com\/avatar\/b464a83ee224f75bb37df0992d8d2b48?s=96&d=mm&r=g","caption":"d.digiuseppe@hrcigroup.com"},"url":"https:\/\/www.ceoforlifeawards.com\/it\/blog\/author\/d-digiuseppehrcigroup-com\/"}]}},"_links":{"self":[{"href":"https:\/\/www.ceoforlifeawards.com\/it\/wp-json\/wp\/v2\/posts\/7297"}],"collection":[{"href":"https:\/\/www.ceoforlifeawards.com\/it\/wp-json\/wp\/v2\/posts"}],"about":[{"href":"https:\/\/www.ceoforlifeawards.com\/it\/wp-json\/wp\/v2\/types\/post"}],"author":[{"embeddable":true,"href":"https:\/\/www.ceoforlifeawards.com\/it\/wp-json\/wp\/v2\/users\/6"}],"replies":[{"embeddable":true,"href":"https:\/\/www.ceoforlifeawards.com\/it\/wp-json\/wp\/v2\/comments?post=7297"}],"version-history":[{"count":0,"href":"https:\/\/www.ceoforlifeawards.com\/it\/wp-json\/wp\/v2\/posts\/7297\/revisions"}],"wp:featuredmedia":[{"embeddable":true,"href":"https:\/\/www.ceoforlifeawards.com\/it\/wp-json\/wp\/v2\/media\/7298"}],"wp:attachment":[{"href":"https:\/\/www.ceoforlifeawards.com\/it\/wp-json\/wp\/v2\/media?parent=7297"}],"wp:term":[{"taxonomy":"category","embeddable":true,"href":"https:\/\/www.ceoforlifeawards.com\/it\/wp-json\/wp\/v2\/categories?post=7297"},{"taxonomy":"post_tag","embeddable":true,"href":"https:\/\/www.ceoforlifeawards.com\/it\/wp-json\/wp\/v2\/tags?post=7297"}],"curies":[{"name":"wp","href":"https:\/\/api.w.org\/{rel}","templated":true}]}}