{"id":9518,"date":"2022-03-25T18:30:18","date_gmt":"2022-03-25T17:30:18","guid":{"rendered":"https:\/\/www.ceoforlifeawards.com\/it\/?p=9518"},"modified":"2022-11-22T15:19:29","modified_gmt":"2022-11-22T14:19:29","slug":"il-piano-strategico-di-sostenibilita-di-ey","status":"publish","type":"post","link":"https:\/\/www.ceoforlifeawards.com\/it\/blog\/il-piano-strategico-di-sostenibilita-di-ey\/","title":{"rendered":"Il Piano strategico di sostenibilit\u00e0 di EY"},"content":{"rendered":"<p>Secondo quanto emerge dallo studio EY \u201cSeize the Change \u2013 Futuri sostenibili\u201d, le imprese italiane stanno accelerando il percorso verso la sostenibilit\u00e0 \u00a0che si sta orientando da una prospettiva di transizione energetica-ecologica ad una completa trasformazione della societ\u00e0, delle aziende e delle persone. Ma solo insieme governi, leader, aziende e consumatori potranno ricostruire un circolo virtuoso di fiducia che impatti positivamente sulla societ\u00e0.<\/p>\n<p>EY, oltre che come fonte di riferimento su queste tematiche, rappresenta una best practice sul tema della sostenibilit\u00e0 per quanto riguarda il mondo delle big companies della consulenza: \u00e8 infatti una delle prime organizzazioni di servizi professionali ad essere diventata carbon negative, ovvero capace di ridurre e compensare le proprie emissioni. Un passo importante verso l\u2019obiettivo di essere net zero entro il 2025.<\/p>\n<p>A marzo \u00e8 previsto, inoltre, un grande progetto di riqualificazione territoriale in diversi paesi europei che vedr\u00e0 protagonista la societ\u00e0 di consulenza. Solo in Italia, l\u2019Azienda si \u00e8 impegnata a piantare 6.600 alberi che simbolicamente rappresentano tutti i dipendenti.<\/p>\n<p>Altro fronte che vede in prima linea EY sul tema della sostenibilit\u00e0 \u00e8 l\u2019attenzione alla sfera sociale: nell&#8217;ultimo anno, solo in Italia con gli EY Ripples oltre 1.200 delle persone che lavorano per l\u2019Azienda hanno contribuito come volontari in 38 diverse iniziative sociali e ambientali, creando un impatto positivo sulla vita di 550 mila persone.<\/p>\n<p>&nbsp;<\/p>\n","protected":false},"excerpt":{"rendered":"<p>Secondo quanto emerge dallo studio EY \u201cSeize the Change \u2013 Futuri sostenibili\u201d, le imprese italiane stanno accelerando il percorso verso la sostenibilit\u00e0 \u00a0che si sta orientando da una prospettiva di transizione energetica-ecologica ad una completa trasformazione della societ\u00e0, delle aziende e delle persone. Ma solo insieme governi, leader, aziende e consumatori potranno ricostruire un circolo [&hellip;]<\/p>\n","protected":false},"author":6,"featured_media":9519,"comment_status":"open","ping_status":"open","sticky":false,"template":"","format":"standard","meta":[],"categories":[93,171,99,219,96,95],"tags":[],"yoast_head":"<!-- This site is optimized with the Yoast SEO plugin v18.7 - https:\/\/yoast.com\/wordpress\/plugins\/seo\/ -->\n<title>Il Piano strategico di sostenibilit\u00e0 di EY - CEOforLIFE - IT<\/title>\n<meta name=\"robots\" content=\"index, follow, max-snippet:-1, max-image-preview:large, max-video-preview:-1\" \/>\n<link rel=\"canonical\" href=\"https:\/\/www.ceoforlifeawards.com\/it\/blog\/il-piano-strategico-di-sostenibilita-di-ey\/\" \/>\n<meta property=\"og:locale\" content=\"it_IT\" \/>\n<meta property=\"og:type\" content=\"article\" \/>\n<meta property=\"og:title\" content=\"Il Piano strategico di sostenibilit\u00e0 di EY - CEOforLIFE - IT\" \/>\n<meta property=\"og:description\" content=\"Secondo quanto emerge dallo studio EY \u201cSeize the Change \u2013 Futuri sostenibili\u201d, le imprese italiane stanno accelerando il percorso verso la sostenibilit\u00e0 \u00a0che si sta orientando da una prospettiva di transizione energetica-ecologica ad una completa trasformazione della societ\u00e0, delle aziende e delle persone. Ma solo insieme governi, leader, aziende e consumatori potranno ricostruire un circolo [&hellip;]\" \/>\n<meta property=\"og:url\" content=\"https:\/\/www.ceoforlifeawards.com\/it\/blog\/il-piano-strategico-di-sostenibilita-di-ey\/\" \/>\n<meta property=\"og:site_name\" content=\"CEOforLIFE - IT\" \/>\n<meta property=\"article:published_time\" content=\"2022-03-25T17:30:18+00:00\" \/>\n<meta property=\"article:modified_time\" content=\"2022-11-22T14:19:29+00:00\" \/>\n<meta property=\"og:image\" content=\"https:\/\/www.ceoforlifeawards.com\/it\/wp-content\/uploads\/sites\/3\/2022\/03\/APPROVATO-EY-Il-piano-strategico-di-sostenibilita-CEOforLIFE-progetti-per-la-vita.jpg\" \/>\n\t<meta property=\"og:image:width\" content=\"1620\" \/>\n\t<meta property=\"og:image:height\" content=\"1080\" \/>\n\t<meta property=\"og:image:type\" content=\"image\/jpeg\" \/>\n<meta name=\"twitter:card\" content=\"summary_large_image\" \/>\n<meta name=\"twitter:label1\" content=\"Scritto da\" \/>\n\t<meta name=\"twitter:data1\" content=\"d.digiuseppe@hrcigroup.com\" \/>\n\t<meta name=\"twitter:label2\" content=\"Tempo di lettura stimato\" \/>\n\t<meta name=\"twitter:data2\" content=\"1 minuto\" \/>\n<script type=\"application\/ld+json\" class=\"yoast-schema-graph\">{\"@context\":\"https:\/\/schema.org\",\"@graph\":[{\"@type\":\"WebSite\",\"@id\":\"https:\/\/www.ceoforlifeawards.com\/it\/#website\",\"url\":\"https:\/\/www.ceoforlifeawards.com\/it\/\",\"name\":\"CEOforLIFE - IT\",\"description\":\"\",\"potentialAction\":[{\"@type\":\"SearchAction\",\"target\":{\"@type\":\"EntryPoint\",\"urlTemplate\":\"https:\/\/www.ceoforlifeawards.com\/it\/?s={search_term_string}\"},\"query-input\":\"required name=search_term_string\"}],\"inLanguage\":\"it-IT\"},{\"@type\":\"ImageObject\",\"inLanguage\":\"it-IT\",\"@id\":\"https:\/\/www.ceoforlifeawards.com\/it\/blog\/il-piano-strategico-di-sostenibilita-di-ey\/#primaryimage\",\"url\":\"https:\/\/www.ceoforlifeawards.com\/it\/wp-content\/uploads\/sites\/3\/2022\/03\/APPROVATO-EY-Il-piano-strategico-di-sostenibilita-CEOforLIFE-progetti-per-la-vita.jpg\",\"contentUrl\":\"https:\/\/www.ceoforlifeawards.com\/it\/wp-content\/uploads\/sites\/3\/2022\/03\/APPROVATO-EY-Il-piano-strategico-di-sostenibilita-CEOforLIFE-progetti-per-la-vita.jpg\",\"width\":1620,\"height\":1080},{\"@type\":\"WebPage\",\"@id\":\"https:\/\/www.ceoforlifeawards.com\/it\/blog\/il-piano-strategico-di-sostenibilita-di-ey\/#webpage\",\"url\":\"https:\/\/www.ceoforlifeawards.com\/it\/blog\/il-piano-strategico-di-sostenibilita-di-ey\/\",\"name\":\"Il Piano strategico di sostenibilit\u00e0 di EY - CEOforLIFE - IT\",\"isPartOf\":{\"@id\":\"https:\/\/www.ceoforlifeawards.com\/it\/#website\"},\"primaryImageOfPage\":{\"@id\":\"https:\/\/www.ceoforlifeawards.com\/it\/blog\/il-piano-strategico-di-sostenibilita-di-ey\/#primaryimage\"},\"datePublished\":\"2022-03-25T17:30:18+00:00\",\"dateModified\":\"2022-11-22T14:19:29+00:00\",\"author\":{\"@id\":\"https:\/\/www.ceoforlifeawards.com\/it\/#\/schema\/person\/9c2802d81c81cfba5c28677408d38d09\"},\"breadcrumb\":{\"@id\":\"https:\/\/www.ceoforlifeawards.com\/it\/blog\/il-piano-strategico-di-sostenibilita-di-ey\/#breadcrumb\"},\"inLanguage\":\"it-IT\",\"potentialAction\":[{\"@type\":\"ReadAction\",\"target\":[\"https:\/\/www.ceoforlifeawards.com\/it\/blog\/il-piano-strategico-di-sostenibilita-di-ey\/\"]}]},{\"@type\":\"BreadcrumbList\",\"@id\":\"https:\/\/www.ceoforlifeawards.com\/it\/blog\/il-piano-strategico-di-sostenibilita-di-ey\/#breadcrumb\",\"itemListElement\":[{\"@type\":\"ListItem\",\"position\":1,\"name\":\"Home\",\"item\":\"https:\/\/www.ceoforlifeawards.com\/it\/\"},{\"@type\":\"ListItem\",\"position\":2,\"name\":\"Il Piano strategico di sostenibilit\u00e0 di EY\"}]},{\"@type\":\"Person\",\"@id\":\"https:\/\/www.ceoforlifeawards.com\/it\/#\/schema\/person\/9c2802d81c81cfba5c28677408d38d09\",\"name\":\"d.digiuseppe@hrcigroup.com\",\"image\":{\"@type\":\"ImageObject\",\"inLanguage\":\"it-IT\",\"@id\":\"https:\/\/www.ceoforlifeawards.com\/it\/#\/schema\/person\/image\/\",\"url\":\"https:\/\/secure.gravatar.com\/avatar\/b464a83ee224f75bb37df0992d8d2b48?s=96&d=mm&r=g\",\"contentUrl\":\"https:\/\/secure.gravatar.com\/avatar\/b464a83ee224f75bb37df0992d8d2b48?s=96&d=mm&r=g\",\"caption\":\"d.digiuseppe@hrcigroup.com\"},\"url\":\"https:\/\/www.ceoforlifeawards.com\/it\/blog\/author\/d-digiuseppehrcigroup-com\/\"}]}<\/script>\n<!-- \/ Yoast SEO plugin. -->","yoast_head_json":{"title":"Il Piano strategico di sostenibilit\u00e0 di EY - CEOforLIFE - IT","robots":{"index":"index","follow":"follow","max-snippet":"max-snippet:-1","max-image-preview":"max-image-preview:large","max-video-preview":"max-video-preview:-1"},"canonical":"https:\/\/www.ceoforlifeawards.com\/it\/blog\/il-piano-strategico-di-sostenibilita-di-ey\/","og_locale":"it_IT","og_type":"article","og_title":"Il Piano strategico di sostenibilit\u00e0 di EY - CEOforLIFE - IT","og_description":"Secondo quanto emerge dallo studio EY \u201cSeize the Change \u2013 Futuri sostenibili\u201d, le imprese italiane stanno accelerando il percorso verso la sostenibilit\u00e0 \u00a0che si sta orientando da una prospettiva di transizione energetica-ecologica ad una completa trasformazione della societ\u00e0, delle aziende e delle persone. Ma solo insieme governi, leader, aziende e consumatori potranno ricostruire un circolo [&hellip;]","og_url":"https:\/\/www.ceoforlifeawards.com\/it\/blog\/il-piano-strategico-di-sostenibilita-di-ey\/","og_site_name":"CEOforLIFE - IT","article_published_time":"2022-03-25T17:30:18+00:00","article_modified_time":"2022-11-22T14:19:29+00:00","og_image":[{"width":1620,"height":1080,"url":"https:\/\/www.ceoforlifeawards.com\/it\/wp-content\/uploads\/sites\/3\/2022\/03\/APPROVATO-EY-Il-piano-strategico-di-sostenibilita-CEOforLIFE-progetti-per-la-vita.jpg","type":"image\/jpeg"}],"twitter_card":"summary_large_image","twitter_misc":{"Scritto da":"d.digiuseppe@hrcigroup.com","Tempo di lettura stimato":"1 minuto"},"schema":{"@context":"https:\/\/schema.org","@graph":[{"@type":"WebSite","@id":"https:\/\/www.ceoforlifeawards.com\/it\/#website","url":"https:\/\/www.ceoforlifeawards.com\/it\/","name":"CEOforLIFE - IT","description":"","potentialAction":[{"@type":"SearchAction","target":{"@type":"EntryPoint","urlTemplate":"https:\/\/www.ceoforlifeawards.com\/it\/?s={search_term_string}"},"query-input":"required name=search_term_string"}],"inLanguage":"it-IT"},{"@type":"ImageObject","inLanguage":"it-IT","@id":"https:\/\/www.ceoforlifeawards.com\/it\/blog\/il-piano-strategico-di-sostenibilita-di-ey\/#primaryimage","url":"https:\/\/www.ceoforlifeawards.com\/it\/wp-content\/uploads\/sites\/3\/2022\/03\/APPROVATO-EY-Il-piano-strategico-di-sostenibilita-CEOforLIFE-progetti-per-la-vita.jpg","contentUrl":"https:\/\/www.ceoforlifeawards.com\/it\/wp-content\/uploads\/sites\/3\/2022\/03\/APPROVATO-EY-Il-piano-strategico-di-sostenibilita-CEOforLIFE-progetti-per-la-vita.jpg","width":1620,"height":1080},{"@type":"WebPage","@id":"https:\/\/www.ceoforlifeawards.com\/it\/blog\/il-piano-strategico-di-sostenibilita-di-ey\/#webpage","url":"https:\/\/www.ceoforlifeawards.com\/it\/blog\/il-piano-strategico-di-sostenibilita-di-ey\/","name":"Il Piano strategico di sostenibilit\u00e0 di EY - CEOforLIFE - IT","isPartOf":{"@id":"https:\/\/www.ceoforlifeawards.com\/it\/#website"},"primaryImageOfPage":{"@id":"https:\/\/www.ceoforlifeawards.com\/it\/blog\/il-piano-strategico-di-sostenibilita-di-ey\/#primaryimage"},"datePublished":"2022-03-25T17:30:18+00:00","dateModified":"2022-11-22T14:19:29+00:00","author":{"@id":"https:\/\/www.ceoforlifeawards.com\/it\/#\/schema\/person\/9c2802d81c81cfba5c28677408d38d09"},"breadcrumb":{"@id":"https:\/\/www.ceoforlifeawards.com\/it\/blog\/il-piano-strategico-di-sostenibilita-di-ey\/#breadcrumb"},"inLanguage":"it-IT","potentialAction":[{"@type":"ReadAction","target":["https:\/\/www.ceoforlifeawards.com\/it\/blog\/il-piano-strategico-di-sostenibilita-di-ey\/"]}]},{"@type":"BreadcrumbList","@id":"https:\/\/www.ceoforlifeawards.com\/it\/blog\/il-piano-strategico-di-sostenibilita-di-ey\/#breadcrumb","itemListElement":[{"@type":"ListItem","position":1,"name":"Home","item":"https:\/\/www.ceoforlifeawards.com\/it\/"},{"@type":"ListItem","position":2,"name":"Il Piano strategico di sostenibilit\u00e0 di EY"}]},{"@type":"Person","@id":"https:\/\/www.ceoforlifeawards.com\/it\/#\/schema\/person\/9c2802d81c81cfba5c28677408d38d09","name":"d.digiuseppe@hrcigroup.com","image":{"@type":"ImageObject","inLanguage":"it-IT","@id":"https:\/\/www.ceoforlifeawards.com\/it\/#\/schema\/person\/image\/","url":"https:\/\/secure.gravatar.com\/avatar\/b464a83ee224f75bb37df0992d8d2b48?s=96&d=mm&r=g","contentUrl":"https:\/\/secure.gravatar.com\/avatar\/b464a83ee224f75bb37df0992d8d2b48?s=96&d=mm&r=g","caption":"d.digiuseppe@hrcigroup.com"},"url":"https:\/\/www.ceoforlifeawards.com\/it\/blog\/author\/d-digiuseppehrcigroup-com\/"}]}},"_links":{"self":[{"href":"https:\/\/www.ceoforlifeawards.com\/it\/wp-json\/wp\/v2\/posts\/9518"}],"collection":[{"href":"https:\/\/www.ceoforlifeawards.com\/it\/wp-json\/wp\/v2\/posts"}],"about":[{"href":"https:\/\/www.ceoforlifeawards.com\/it\/wp-json\/wp\/v2\/types\/post"}],"author":[{"embeddable":true,"href":"https:\/\/www.ceoforlifeawards.com\/it\/wp-json\/wp\/v2\/users\/6"}],"replies":[{"embeddable":true,"href":"https:\/\/www.ceoforlifeawards.com\/it\/wp-json\/wp\/v2\/comments?post=9518"}],"version-history":[{"count":0,"href":"https:\/\/www.ceoforlifeawards.com\/it\/wp-json\/wp\/v2\/posts\/9518\/revisions"}],"wp:featuredmedia":[{"embeddable":true,"href":"https:\/\/www.ceoforlifeawards.com\/it\/wp-json\/wp\/v2\/media\/9519"}],"wp:attachment":[{"href":"https:\/\/www.ceoforlifeawards.com\/it\/wp-json\/wp\/v2\/media?parent=9518"}],"wp:term":[{"taxonomy":"category","embeddable":true,"href":"https:\/\/www.ceoforlifeawards.com\/it\/wp-json\/wp\/v2\/categories?post=9518"},{"taxonomy":"post_tag","embeddable":true,"href":"https:\/\/www.ceoforlifeawards.com\/it\/wp-json\/wp\/v2\/tags?post=9518"}],"curies":[{"name":"wp","href":"https:\/\/api.w.org\/{rel}","templated":true}]}}