{"id":9550,"date":"2022-03-28T10:47:41","date_gmt":"2022-03-28T08:47:41","guid":{"rendered":"https:\/\/www.ceoforlifeawards.com\/it\/?p=9550"},"modified":"2022-11-22T18:09:28","modified_gmt":"2022-11-22T17:09:28","slug":"planet-mobilization-il-progetto-di-sanofi-a-tutela-del-clima-e-del-pianeta","status":"publish","type":"post","link":"https:\/\/www.ceoforlifeawards.com\/it\/blog\/planet-mobilization-il-progetto-di-sanofi-a-tutela-del-clima-e-del-pianeta\/","title":{"rendered":"Planet Mobilization, il progetto di Sanofi a tutela del clima e del pianeta"},"content":{"rendered":"<p>Lotta al cambiamento climatico per Sanofi vuol dire lottare soprattutto per la salute e per il benessere, per questo motivo l\u2019azienda ha deciso di attivare un fondo per la salvaguardia del pianeta il cui obiettivo \u00e8 quello di promuovere i progetti dei dipendenti che si dimostrano impegnati sulla questione sostenibilit\u00e0.<\/p>\n<p>Nasce da qui <strong><em>Planet Mobilization<\/em><\/strong>, iniziativa a livello globale lanciata da Sanofi in ottica di definizione della strategia ambientale 2016-2025 e che si fonda su tre pilastri: <strong>emissioni di carbonio, rifiuti e gestione delle acque<\/strong>.<\/p>\n<p>Il progetto riguarda in primis l\u2019intero ciclo di vita dei materiali utilizzati, dalla produzione fino al loro smaltimento: in questo contesto, i dipendenti hanno la possibilit\u00e0 di ricoprire un ruolo cruciale nella tutela del pianeta, attraverso, appunto, \u00a0la presentazione di progetti e iniziative realizzate attraverso il fondo stesso.<\/p>\n<p>Il contributo di Sanofi a tutela dell\u2019ambiente prosegue con l\u2019obiettivo prefissato entro il 2030 di ridurre le emissioni di gas serra del 55%, mentre un altro obiettivo da raggiungere entro il 2050 riguarda la neutralit\u00e0 carbonica, ma soprattutto la protezione della biodiversit\u00e0 nei siti in prossimit\u00e0 di aree sensibili, piani di gestione dell\u2019acqua e di efficienza idrica entro il 2030, eco-design per i nuovi prodotti e gli imballaggi entro il 2025, recupero di oltre il 90% dei rifiuti entro il 2025.<\/p>\n<p>Sanofi si impegna anche nel supportare i fornitori con cui lavora a livello globale per la riduzione delle emissioni di gas serra attraverso una distribuzione pi\u00f9 sostenibile delle materie prime, mentre in termini di risultati gi\u00e0 ottenuti dal 2015, l\u2019azienda ha ridotto del 27% le emissioni di gas serra dalle sue attivit\u00e0, introdotto packaging sostenibili realizzati in cartone e riciclato il 73 dei rifiuti e diminuito del 22% il proprio prelievo idrico.<\/p>\n","protected":false},"excerpt":{"rendered":"<p>Lotta al cambiamento climatico per Sanofi vuol dire lottare soprattutto per la salute e per il benessere, per questo motivo l\u2019azienda ha deciso di attivare un fondo per la salvaguardia del pianeta il cui obiettivo \u00e8 quello di promuovere i progetti dei dipendenti che si dimostrano impegnati sulla questione sostenibilit\u00e0. Nasce da qui Planet Mobilization, [&hellip;]<\/p>\n","protected":false},"author":6,"featured_media":9551,"comment_status":"open","ping_status":"open","sticky":false,"template":"","format":"standard","meta":[],"categories":[93,170,99,219,96,95],"tags":[],"yoast_head":"<!-- This site is optimized with the Yoast SEO plugin v18.7 - https:\/\/yoast.com\/wordpress\/plugins\/seo\/ -->\n<title>Planet Mobilization, il progetto di Sanofi a tutela del clima e del pianeta - CEOforLIFE - IT<\/title>\n<meta name=\"robots\" content=\"index, follow, max-snippet:-1, max-image-preview:large, max-video-preview:-1\" \/>\n<link rel=\"canonical\" href=\"https:\/\/www.ceoforlifeawards.com\/it\/blog\/planet-mobilization-il-progetto-di-sanofi-a-tutela-del-clima-e-del-pianeta\/\" \/>\n<meta property=\"og:locale\" content=\"it_IT\" \/>\n<meta property=\"og:type\" content=\"article\" \/>\n<meta property=\"og:title\" content=\"Planet Mobilization, il progetto di Sanofi a tutela del clima e del pianeta - CEOforLIFE - IT\" \/>\n<meta property=\"og:description\" content=\"Lotta al cambiamento climatico per Sanofi vuol dire lottare soprattutto per la salute e per il benessere, per questo motivo l\u2019azienda ha deciso di attivare un fondo per la salvaguardia del pianeta il cui obiettivo \u00e8 quello di promuovere i progetti dei dipendenti che si dimostrano impegnati sulla questione sostenibilit\u00e0. Nasce da qui Planet Mobilization, [&hellip;]\" \/>\n<meta property=\"og:url\" content=\"https:\/\/www.ceoforlifeawards.com\/it\/blog\/planet-mobilization-il-progetto-di-sanofi-a-tutela-del-clima-e-del-pianeta\/\" \/>\n<meta property=\"og:site_name\" content=\"CEOforLIFE - IT\" \/>\n<meta property=\"article:published_time\" content=\"2022-03-28T08:47:41+00:00\" \/>\n<meta property=\"article:modified_time\" content=\"2022-11-22T17:09:28+00:00\" \/>\n<meta property=\"og:image\" content=\"https:\/\/www.ceoforlifeawards.com\/it\/wp-content\/uploads\/sites\/3\/2022\/03\/APPROVATO-Sanofi-Planet-Mobilization-il-progetto-di-Sanofi-a-tutela-del-clima-e-del-pianeta.jpg\" \/>\n\t<meta property=\"og:image:width\" content=\"504\" \/>\n\t<meta property=\"og:image:height\" content=\"283\" \/>\n\t<meta property=\"og:image:type\" content=\"image\/jpeg\" \/>\n<meta name=\"twitter:card\" content=\"summary_large_image\" \/>\n<meta name=\"twitter:label1\" content=\"Scritto da\" \/>\n\t<meta name=\"twitter:data1\" content=\"d.digiuseppe@hrcigroup.com\" \/>\n\t<meta name=\"twitter:label2\" content=\"Tempo di lettura stimato\" \/>\n\t<meta name=\"twitter:data2\" content=\"1 minuto\" \/>\n<script type=\"application\/ld+json\" class=\"yoast-schema-graph\">{\"@context\":\"https:\/\/schema.org\",\"@graph\":[{\"@type\":\"WebSite\",\"@id\":\"https:\/\/www.ceoforlifeawards.com\/it\/#website\",\"url\":\"https:\/\/www.ceoforlifeawards.com\/it\/\",\"name\":\"CEOforLIFE - IT\",\"description\":\"\",\"potentialAction\":[{\"@type\":\"SearchAction\",\"target\":{\"@type\":\"EntryPoint\",\"urlTemplate\":\"https:\/\/www.ceoforlifeawards.com\/it\/?s={search_term_string}\"},\"query-input\":\"required name=search_term_string\"}],\"inLanguage\":\"it-IT\"},{\"@type\":\"ImageObject\",\"inLanguage\":\"it-IT\",\"@id\":\"https:\/\/www.ceoforlifeawards.com\/it\/blog\/planet-mobilization-il-progetto-di-sanofi-a-tutela-del-clima-e-del-pianeta\/#primaryimage\",\"url\":\"https:\/\/www.ceoforlifeawards.com\/it\/wp-content\/uploads\/sites\/3\/2022\/03\/APPROVATO-Sanofi-Planet-Mobilization-il-progetto-di-Sanofi-a-tutela-del-clima-e-del-pianeta.jpg\",\"contentUrl\":\"https:\/\/www.ceoforlifeawards.com\/it\/wp-content\/uploads\/sites\/3\/2022\/03\/APPROVATO-Sanofi-Planet-Mobilization-il-progetto-di-Sanofi-a-tutela-del-clima-e-del-pianeta.jpg\",\"width\":504,\"height\":283},{\"@type\":\"WebPage\",\"@id\":\"https:\/\/www.ceoforlifeawards.com\/it\/blog\/planet-mobilization-il-progetto-di-sanofi-a-tutela-del-clima-e-del-pianeta\/#webpage\",\"url\":\"https:\/\/www.ceoforlifeawards.com\/it\/blog\/planet-mobilization-il-progetto-di-sanofi-a-tutela-del-clima-e-del-pianeta\/\",\"name\":\"Planet Mobilization, il progetto di Sanofi a tutela del clima e del pianeta - CEOforLIFE - IT\",\"isPartOf\":{\"@id\":\"https:\/\/www.ceoforlifeawards.com\/it\/#website\"},\"primaryImageOfPage\":{\"@id\":\"https:\/\/www.ceoforlifeawards.com\/it\/blog\/planet-mobilization-il-progetto-di-sanofi-a-tutela-del-clima-e-del-pianeta\/#primaryimage\"},\"datePublished\":\"2022-03-28T08:47:41+00:00\",\"dateModified\":\"2022-11-22T17:09:28+00:00\",\"author\":{\"@id\":\"https:\/\/www.ceoforlifeawards.com\/it\/#\/schema\/person\/9c2802d81c81cfba5c28677408d38d09\"},\"breadcrumb\":{\"@id\":\"https:\/\/www.ceoforlifeawards.com\/it\/blog\/planet-mobilization-il-progetto-di-sanofi-a-tutela-del-clima-e-del-pianeta\/#breadcrumb\"},\"inLanguage\":\"it-IT\",\"potentialAction\":[{\"@type\":\"ReadAction\",\"target\":[\"https:\/\/www.ceoforlifeawards.com\/it\/blog\/planet-mobilization-il-progetto-di-sanofi-a-tutela-del-clima-e-del-pianeta\/\"]}]},{\"@type\":\"BreadcrumbList\",\"@id\":\"https:\/\/www.ceoforlifeawards.com\/it\/blog\/planet-mobilization-il-progetto-di-sanofi-a-tutela-del-clima-e-del-pianeta\/#breadcrumb\",\"itemListElement\":[{\"@type\":\"ListItem\",\"position\":1,\"name\":\"Home\",\"item\":\"https:\/\/www.ceoforlifeawards.com\/it\/\"},{\"@type\":\"ListItem\",\"position\":2,\"name\":\"Planet Mobilization, il progetto di Sanofi a tutela del clima e del pianeta\"}]},{\"@type\":\"Person\",\"@id\":\"https:\/\/www.ceoforlifeawards.com\/it\/#\/schema\/person\/9c2802d81c81cfba5c28677408d38d09\",\"name\":\"d.digiuseppe@hrcigroup.com\",\"image\":{\"@type\":\"ImageObject\",\"inLanguage\":\"it-IT\",\"@id\":\"https:\/\/www.ceoforlifeawards.com\/it\/#\/schema\/person\/image\/\",\"url\":\"https:\/\/secure.gravatar.com\/avatar\/b464a83ee224f75bb37df0992d8d2b48?s=96&d=mm&r=g\",\"contentUrl\":\"https:\/\/secure.gravatar.com\/avatar\/b464a83ee224f75bb37df0992d8d2b48?s=96&d=mm&r=g\",\"caption\":\"d.digiuseppe@hrcigroup.com\"},\"url\":\"https:\/\/www.ceoforlifeawards.com\/it\/blog\/author\/d-digiuseppehrcigroup-com\/\"}]}<\/script>\n<!-- \/ Yoast SEO plugin. -->","yoast_head_json":{"title":"Planet Mobilization, il progetto di Sanofi a tutela del clima e del pianeta - CEOforLIFE - IT","robots":{"index":"index","follow":"follow","max-snippet":"max-snippet:-1","max-image-preview":"max-image-preview:large","max-video-preview":"max-video-preview:-1"},"canonical":"https:\/\/www.ceoforlifeawards.com\/it\/blog\/planet-mobilization-il-progetto-di-sanofi-a-tutela-del-clima-e-del-pianeta\/","og_locale":"it_IT","og_type":"article","og_title":"Planet Mobilization, il progetto di Sanofi a tutela del clima e del pianeta - CEOforLIFE - IT","og_description":"Lotta al cambiamento climatico per Sanofi vuol dire lottare soprattutto per la salute e per il benessere, per questo motivo l\u2019azienda ha deciso di attivare un fondo per la salvaguardia del pianeta il cui obiettivo \u00e8 quello di promuovere i progetti dei dipendenti che si dimostrano impegnati sulla questione sostenibilit\u00e0. Nasce da qui Planet Mobilization, [&hellip;]","og_url":"https:\/\/www.ceoforlifeawards.com\/it\/blog\/planet-mobilization-il-progetto-di-sanofi-a-tutela-del-clima-e-del-pianeta\/","og_site_name":"CEOforLIFE - IT","article_published_time":"2022-03-28T08:47:41+00:00","article_modified_time":"2022-11-22T17:09:28+00:00","og_image":[{"width":504,"height":283,"url":"https:\/\/www.ceoforlifeawards.com\/it\/wp-content\/uploads\/sites\/3\/2022\/03\/APPROVATO-Sanofi-Planet-Mobilization-il-progetto-di-Sanofi-a-tutela-del-clima-e-del-pianeta.jpg","type":"image\/jpeg"}],"twitter_card":"summary_large_image","twitter_misc":{"Scritto da":"d.digiuseppe@hrcigroup.com","Tempo di lettura stimato":"1 minuto"},"schema":{"@context":"https:\/\/schema.org","@graph":[{"@type":"WebSite","@id":"https:\/\/www.ceoforlifeawards.com\/it\/#website","url":"https:\/\/www.ceoforlifeawards.com\/it\/","name":"CEOforLIFE - IT","description":"","potentialAction":[{"@type":"SearchAction","target":{"@type":"EntryPoint","urlTemplate":"https:\/\/www.ceoforlifeawards.com\/it\/?s={search_term_string}"},"query-input":"required name=search_term_string"}],"inLanguage":"it-IT"},{"@type":"ImageObject","inLanguage":"it-IT","@id":"https:\/\/www.ceoforlifeawards.com\/it\/blog\/planet-mobilization-il-progetto-di-sanofi-a-tutela-del-clima-e-del-pianeta\/#primaryimage","url":"https:\/\/www.ceoforlifeawards.com\/it\/wp-content\/uploads\/sites\/3\/2022\/03\/APPROVATO-Sanofi-Planet-Mobilization-il-progetto-di-Sanofi-a-tutela-del-clima-e-del-pianeta.jpg","contentUrl":"https:\/\/www.ceoforlifeawards.com\/it\/wp-content\/uploads\/sites\/3\/2022\/03\/APPROVATO-Sanofi-Planet-Mobilization-il-progetto-di-Sanofi-a-tutela-del-clima-e-del-pianeta.jpg","width":504,"height":283},{"@type":"WebPage","@id":"https:\/\/www.ceoforlifeawards.com\/it\/blog\/planet-mobilization-il-progetto-di-sanofi-a-tutela-del-clima-e-del-pianeta\/#webpage","url":"https:\/\/www.ceoforlifeawards.com\/it\/blog\/planet-mobilization-il-progetto-di-sanofi-a-tutela-del-clima-e-del-pianeta\/","name":"Planet Mobilization, il progetto di Sanofi a tutela del clima e del pianeta - CEOforLIFE - IT","isPartOf":{"@id":"https:\/\/www.ceoforlifeawards.com\/it\/#website"},"primaryImageOfPage":{"@id":"https:\/\/www.ceoforlifeawards.com\/it\/blog\/planet-mobilization-il-progetto-di-sanofi-a-tutela-del-clima-e-del-pianeta\/#primaryimage"},"datePublished":"2022-03-28T08:47:41+00:00","dateModified":"2022-11-22T17:09:28+00:00","author":{"@id":"https:\/\/www.ceoforlifeawards.com\/it\/#\/schema\/person\/9c2802d81c81cfba5c28677408d38d09"},"breadcrumb":{"@id":"https:\/\/www.ceoforlifeawards.com\/it\/blog\/planet-mobilization-il-progetto-di-sanofi-a-tutela-del-clima-e-del-pianeta\/#breadcrumb"},"inLanguage":"it-IT","potentialAction":[{"@type":"ReadAction","target":["https:\/\/www.ceoforlifeawards.com\/it\/blog\/planet-mobilization-il-progetto-di-sanofi-a-tutela-del-clima-e-del-pianeta\/"]}]},{"@type":"BreadcrumbList","@id":"https:\/\/www.ceoforlifeawards.com\/it\/blog\/planet-mobilization-il-progetto-di-sanofi-a-tutela-del-clima-e-del-pianeta\/#breadcrumb","itemListElement":[{"@type":"ListItem","position":1,"name":"Home","item":"https:\/\/www.ceoforlifeawards.com\/it\/"},{"@type":"ListItem","position":2,"name":"Planet Mobilization, il progetto di Sanofi a tutela del clima e del pianeta"}]},{"@type":"Person","@id":"https:\/\/www.ceoforlifeawards.com\/it\/#\/schema\/person\/9c2802d81c81cfba5c28677408d38d09","name":"d.digiuseppe@hrcigroup.com","image":{"@type":"ImageObject","inLanguage":"it-IT","@id":"https:\/\/www.ceoforlifeawards.com\/it\/#\/schema\/person\/image\/","url":"https:\/\/secure.gravatar.com\/avatar\/b464a83ee224f75bb37df0992d8d2b48?s=96&d=mm&r=g","contentUrl":"https:\/\/secure.gravatar.com\/avatar\/b464a83ee224f75bb37df0992d8d2b48?s=96&d=mm&r=g","caption":"d.digiuseppe@hrcigroup.com"},"url":"https:\/\/www.ceoforlifeawards.com\/it\/blog\/author\/d-digiuseppehrcigroup-com\/"}]}},"_links":{"self":[{"href":"https:\/\/www.ceoforlifeawards.com\/it\/wp-json\/wp\/v2\/posts\/9550"}],"collection":[{"href":"https:\/\/www.ceoforlifeawards.com\/it\/wp-json\/wp\/v2\/posts"}],"about":[{"href":"https:\/\/www.ceoforlifeawards.com\/it\/wp-json\/wp\/v2\/types\/post"}],"author":[{"embeddable":true,"href":"https:\/\/www.ceoforlifeawards.com\/it\/wp-json\/wp\/v2\/users\/6"}],"replies":[{"embeddable":true,"href":"https:\/\/www.ceoforlifeawards.com\/it\/wp-json\/wp\/v2\/comments?post=9550"}],"version-history":[{"count":0,"href":"https:\/\/www.ceoforlifeawards.com\/it\/wp-json\/wp\/v2\/posts\/9550\/revisions"}],"wp:featuredmedia":[{"embeddable":true,"href":"https:\/\/www.ceoforlifeawards.com\/it\/wp-json\/wp\/v2\/media\/9551"}],"wp:attachment":[{"href":"https:\/\/www.ceoforlifeawards.com\/it\/wp-json\/wp\/v2\/media?parent=9550"}],"wp:term":[{"taxonomy":"category","embeddable":true,"href":"https:\/\/www.ceoforlifeawards.com\/it\/wp-json\/wp\/v2\/categories?post=9550"},{"taxonomy":"post_tag","embeddable":true,"href":"https:\/\/www.ceoforlifeawards.com\/it\/wp-json\/wp\/v2\/tags?post=9550"}],"curies":[{"name":"wp","href":"https:\/\/api.w.org\/{rel}","templated":true}]}}